{"id":102994,"date":"2026-01-13T12:04:19","date_gmt":"2026-01-13T12:04:19","guid":{"rendered":"https:\/\/www.europesays.com\/lv\/102994\/"},"modified":"2026-01-13T12:04:19","modified_gmt":"2026-01-13T12:04:19","slug":"par-gada-labakie-sportisti-latvija-ir-vieglatlete-anete-sietina-un-ritenbraucejs-toms-skujins-lente-lv-2","status":"publish","type":"post","link":"https:\/\/www.europesays.com\/lv\/102994\/","title":{"rendered":"Par gada lab\u0101kie sportisti Latvij\u0101 ir vieglatl\u0113te Anete Sieti\u0146a un rite\u0146brauc\u0113js Toms Skuji\u0146\u0161\u00a0\u2014\u00a0Lente.lv"},"content":{"rendered":"<p>Par gada lab\u0101kie sportisti sa\u0146em &#8220;Tr\u012bs zvaig\u017e\u0146u balvu&#8221;<\/p>\n<p>Vieglatl\u0113te Anete Sieti\u0146a un \u0161osejas rite\u0146brauc\u0113js Toms Skuji\u0146\u0161 ir atz\u012bti par 2025. gada lab\u0101kajiem sportistiem Latvij\u0101. Vi\u0146iem svin\u012bg\u0101 ceremonij\u0101 tika pasniegta presti\u017e\u0101 &#8220;Tr\u012bs zvaig\u017e\u0146u balva&#8221;. Anetei Sieti\u0146ai \u0161\u012b ir pirm\u0101 \u0161\u0101da balva karjer\u0101, savuk\u0101rt Toms Skuji\u0146\u0161 to sa\u0146\u0113mis otro gadu p\u0113c k\u0101rtas, apliecinot savu stabilit\u0101ti un izcil\u012bbu Latvijas sport\u0101. K\u0101 zi\u0146o av\u012bze Diena, pas\u0101kums notika R\u012bgas cirk\u0101, godinot aizvad\u012bt\u0101 gada Latvijas sporta izcilniekus.<\/p>\n<p>Sieti\u0146as un Skuji\u0146a iespaid\u012bgie sasniegumi 2025. gad\u0101<\/p>\n<p>Anete Sieti\u0146a par saviem pan\u0101kumiem ieguvusi gada sportistes titulu, izc\u012bn\u012bdama sudraba meda\u013cu Pasaules \u010dempion\u0101t\u0101 \u0161\u0137\u0113pme\u0161an\u0101. \u0160is sasniegums ir augst\u0101kais Latvijas \u0161\u0137\u0113pmet\u0113ju pan\u0101kums pasaules \u010dempion\u0101tos kop\u0161 neatkar\u012bbas atjauno\u0161anas. Vi\u0146a ar\u012b sasniegusi jaunu person\u012bgo rekordu \u2013 64,64 metri, kas ir viens no visu laiku lab\u0101kajiem rezult\u0101tiem sievie\u0161u \u0161\u0137\u0113pme\u0161an\u0101 Latvijas vieglatl\u0113tikas v\u0113stur\u0113. Toms Skuji\u0146\u0161 atzin\u012bbu ieguvis k\u0101 gada lab\u0101kais sportists, apliecinot sevi k\u0101 vienu no Eiropas un pasaules elites rite\u0146brauc\u0113jiem. Pasaules \u010dempion\u0101ta elites grupas braucien\u0101 vi\u0146\u0161 izc\u012bn\u012bjis 5. vietu \u012bpa\u0161i smag\u0101 tras\u0113, kur fini\u0161\u0113ja tikai 30 no 164 dal\u012bbniekiem. Ar\u012b Eiropas \u010dempion\u0101t\u0101 Skuji\u0146\u0161 elites grupas braucien\u0101 ie\u0146\u0113mis 5. vietu, fini\u0161\u0113jot vien 17 no 97 start\u0113ju\u0161ajiem. Vi\u0146a sasniegumi tiek nov\u0113rt\u0113ti k\u0101 viens no augst\u0101kajiem Latvijas rite\u0146brauk\u0161anas v\u0113stur\u0113.<\/p>\n<p>Citas noz\u012bm\u012bg\u0101s balvas un nomin\u0101cijas<\/p>\n<p>Par gada sporta komandu tika atz\u012bta Latvijas v\u012brie\u0161u florbola izlase par ceturto vietu Pasaules \u010dempion\u0101t\u0101. Gada maz\u0101s komandas titulu ieguva pludmales volejbola duets T\u012bna Graudi\u0146a un Anastasija Samoilova, kuras k\u013cuva par Pasaules \u010dempion\u0113m, izc\u012bnot v\u0113sturisku zeltu Latvijai. Anetes Sieti\u0146as treneris Gints Palameiks sa\u0146\u0113ma balvu k\u0101 gada lab\u0101kais treneris, bet par gada jaunatnes treneri tika nosaukts pludmales volejbolists M\u0101rti\u0146\u0161 P\u013cavi\u0146\u0161. Sp\u012bdveida brauc\u0113js And\u017eejs \u013bebedevs atz\u012bts par gada lab\u0101ko sportistu tehniskajos sporta veidos, bet gada uzleco\u0161\u0101s zvaigznes balvu ieguva biatloniste Estere Volfa.<\/p>\n<p>Parasportisti un m\u016b\u017ea ieguld\u012bjums<\/p>\n<p>Par gada lab\u0101kajiem paralimpiskajiem sportistiem tika atz\u012bti paravieglatl\u0113te Di\u0101na Kr\u016bmi\u0146a un para iej\u0101des sportists Rihards Snikus. Kr\u016bmi\u0146a izc\u012bn\u012bja divas zelta meda\u013cas pasaules \u010dempion\u0101t\u0101 \u0161\u0137\u0113pme\u0161an\u0101 un diska me\u0161an\u0101, savuk\u0101rt Snikus guva divus zelta meda\u013cas Eiropas \u010dempion\u0101t\u0101 para iej\u0101d\u0113. Balvu par m\u016b\u017ea ieguld\u012bjumu sport\u0101 sa\u0146\u0113ma volejbola treneris Andris Vitauts K\u013cavi\u0146\u0161, kur\u0161 ir noz\u012bm\u012bga person\u012bba Latvijas sievie\u0161u volejbola v\u0113stur\u0113.<\/p>\n<p>Ceremonija un citas nomin\u0101cijas<\/p>\n<p>Ceremonij\u0101 tika pasniegtas balvas 15 nomin\u0101cij\u0101s, godinot Latvijas sporta izcilniekus aizvad\u012btaj\u0101 gad\u0101. Par gada sporta skolot\u0101ja balvu sa\u0146\u0113ma Arvis Sprude. Par gada sporta \u017eurn\u0101lista balvu ieguva Ulvis Bro\u017ee no port\u0101la \u201cSportacentrs.com\u201d. R\u012bgas valstspils\u0113ta tika nov\u0113rt\u0113ta k\u0101 lab\u0101k\u0101 pa\u0161vald\u012bba sport\u0101. Par gada \u0123imene sport\u0101 tika atz\u012bta Ceri\u0146u \u0123imene no C\u0113su novada.<\/p>\n","protected":false},"excerpt":{"rendered":"Par gada lab\u0101kie sportisti sa\u0146em &#8220;Tr\u012bs zvaig\u017e\u0146u balvu&#8221; Vieglatl\u0113te Anete Sieti\u0146a un \u0161osejas rite\u0146brauc\u0113js Toms Skuji\u0146\u0161 ir atz\u012bti&hellip;\n","protected":false},"author":2,"featured_media":102075,"comment_status":"","ping_status":"","sticky":false,"template":"","format":"standard","meta":{"footnotes":""},"categories":[17],"tags":[1753,15080,35,39,38,36,37,34,8940,40,67,288,15574],"class_list":{"0":"post-102994","1":"post","2":"type-post","3":"status-publish","4":"format-standard","5":"has-post-thumbnail","7":"category-sports","8":"tag-anete-sietina","9":"tag-gada-sportisti","10":"tag-latvia","11":"tag-latvian","12":"tag-latviesu","13":"tag-latviesu-valoda","14":"tag-latviesuvaloda","15":"tag-latvija","16":"tag-latvijas-sports","17":"tag-lv","18":"tag-sports","19":"tag-toms-skujins","20":"tag-tris-zvaigznu-balva"},"share_on_mastodon":{"url":"https:\/\/pubeurope.com\/@lv\/115887699590858073","error":""},"_links":{"self":[{"href":"https:\/\/www.europesays.com\/lv\/wp-json\/wp\/v2\/posts\/102994","targetHints":{"allow":["GET"]}}],"collection":[{"href":"https:\/\/www.europesays.com\/lv\/wp-json\/wp\/v2\/posts"}],"about":[{"href":"https:\/\/www.europesays.com\/lv\/wp-json\/wp\/v2\/types\/post"}],"author":[{"embeddable":true,"href":"https:\/\/www.europesays.com\/lv\/wp-json\/wp\/v2\/users\/2"}],"replies":[{"embeddable":true,"href":"https:\/\/www.europesays.com\/lv\/wp-json\/wp\/v2\/comments?post=102994"}],"version-history":[{"count":0,"href":"https:\/\/www.europesays.com\/lv\/wp-json\/wp\/v2\/posts\/102994\/revisions"}],"wp:featuredmedia":[{"embeddable":true,"href":"https:\/\/www.europesays.com\/lv\/wp-json\/wp\/v2\/media\/102075"}],"wp:attachment":[{"href":"https:\/\/www.europesays.com\/lv\/wp-json\/wp\/v2\/media?parent=102994"}],"wp:term":[{"taxonomy":"category","embeddable":true,"href":"https:\/\/www.europesays.com\/lv\/wp-json\/wp\/v2\/categories?post=102994"},{"taxonomy":"post_tag","embeddable":true,"href":"https:\/\/www.europesays.com\/lv\/wp-json\/wp\/v2\/tags?post=102994"}],"curies":[{"name":"wp","href":"https:\/\/api.w.org\/{rel}","templated":true}]}}