{"id":103008,"date":"2026-01-13T12:36:07","date_gmt":"2026-01-13T12:36:07","guid":{"rendered":"https:\/\/www.europesays.com\/lv\/103008\/"},"modified":"2026-01-13T12:36:07","modified_gmt":"2026-01-13T12:36:07","slug":"noskaidrots-videjais-interneta-lietotaju-skaits-latvija-pern","status":"publish","type":"post","link":"https:\/\/www.europesays.com\/lv\/103008\/","title":{"rendered":"Noskaidrots vid\u0113jais interneta lietot\u0101ju skaits Latvij\u0101 p\u0113rn"},"content":{"rendered":"<p>&#8220;Gemius&#8221; nor\u0101da, ka vid\u0113ji m\u0113nes\u012b 867 000 lietot\u0101ju interneta p\u0101rl\u016bko\u0161anai izmantoja datorus, bet 1,142 miljoni lietot\u0101ju \u0161im nol\u016bkam izv\u0113l\u0113j\u0101s mobil\u0101s ier\u012bces. Aptuveni 52% no visiem interneta lietot\u0101jiem bija sievietes, bet 48% v\u012brie\u0161i.<\/p>\n<p>Gada laik\u0101 augst\u0101kais interneta lietot\u0101ju skaits fiks\u0113ts maij\u0101, sasniedzot 1 340 880 lietot\u0101jus, savuk\u0101rt zem\u0101kais &#8211; apr\u012bl\u012b, kad internetu izmantoja 1 307 424 lietot\u0101ji.<\/p>\n<p>&#8220;Gemius&#8221; atz\u012bm\u0113, ka 2025. gad\u0101 liel\u0101ko interneta auditorijas da\u013cu veidoja lietot\u0101ji vecum\u0101 no 35 l\u012bdz 44 gadiem &#8211; vid\u0113ji 276 445 lietot\u0101ji, kas atbilst 20,91% no kop\u0113j\u0101s interneta auditorijas. Tai sekoja lietot\u0101ji vecum\u0101 no 45 l\u012bdz 54 gadiem &#8211; 250 552 lietot\u0101ji jeb 18,95%, k\u0101 ar\u012b vecuma grupa no 55 l\u012bdz 64 gadiem, kur\u0101 internetu vid\u0113ji izmantoja 243 853 lietot\u0101ji, veidojot 18,45% no kop\u0113j\u0101s auditorijas.<\/p>\n<p>Savuk\u0101rt jaun\u0101ko lietot\u0101ju vid\u016b vecuma grup\u0101 no 15 l\u012bdz 24 gadiem 2025. gad\u0101 internetu vid\u0113ji izmantoja 198 053 lietot\u0101ji, kas veido 14,98% no kop\u0113j\u0101s auditorijas. Vecuma grup\u0101 no 25 l\u012bdz 34 gadiem interneta lietot\u0101ju skaits sasniedza 231 020, veidojot 17,48% no visiem interneta lietot\u0101jiem.<\/p>\n<p>&#8220;Gemius&#8221; nor\u0101da, ka 2025. gad\u0101 pozit\u012bva tendence bija v\u0113rojama ar\u012b vec\u0101kaj\u0101s vecuma grup\u0101s. Lietot\u0101ju skaits vecum\u0101 no 55 l\u012bdz 64 gadiem gada otraj\u0101 pus\u0113 pak\u0101peniski palielin\u0101j\u0101s, savuk\u0101rt vecuma grup\u0101 no 65 l\u012bdz 74 gadiem internetu vid\u0113ji izmantoja 121 898 lietot\u0101ji, kas veidoja 9,22% no kop\u0113j\u0101s auditorijas.<\/p>\n<p>No 2025. gada 1. maija &#8220;Gemius&#8221; ieviesa jaunu metodolo\u0123iju, k\u0101 rezult\u0101t\u0101 p\u0113t\u012bjuma pieejam\u0101 popul\u0101cija tika main\u012bta no 7 l\u012bdz 74 uz 15 l\u012bdz 75 gadu vecuma grupu.<\/p>\n","protected":false},"excerpt":{"rendered":"&#8220;Gemius&#8221; nor\u0101da, ka vid\u0113ji m\u0113nes\u012b 867 000 lietot\u0101ju interneta p\u0101rl\u016bko\u0161anai izmantoja datorus, bet 1,142 miljoni lietot\u0101ju \u0161im nol\u016bkam&hellip;\n","protected":false},"author":2,"featured_media":103009,"comment_status":"","ping_status":"","sticky":false,"template":"","format":"standard","meta":{"footnotes":""},"categories":[5],"tags":[23,28,29,32,33,22,1169,30,31,35,39,38,36,37,34,40,20,26,27,3738,24,25,21],"class_list":{"0":"post-103008","1":"post","2":"type-post","3":"status-publish","4":"format-standard","5":"has-post-thumbnail","7":"category-aktualitates","8":"tag-aktualitates","9":"tag-breaking-news","10":"tag-breakingnews","11":"tag-featured-news","12":"tag-featurednews","13":"tag-headlines","14":"tag-internets","15":"tag-latest-news","16":"tag-latestnews","17":"tag-latvia","18":"tag-latvian","19":"tag-latviesu","20":"tag-latviesu-valoda","21":"tag-latviesuvaloda","22":"tag-latvija","23":"tag-lv","24":"tag-news","25":"tag-popularakas-zinas","26":"tag-popularakaszinas","27":"tag-tehnologijas","28":"tag-top-stories","29":"tag-topstories","30":"tag-zinas"},"share_on_mastodon":{"url":"https:\/\/pubeurope.com\/@lv\/115887825431499380","error":""},"_links":{"self":[{"href":"https:\/\/www.europesays.com\/lv\/wp-json\/wp\/v2\/posts\/103008","targetHints":{"allow":["GET"]}}],"collection":[{"href":"https:\/\/www.europesays.com\/lv\/wp-json\/wp\/v2\/posts"}],"about":[{"href":"https:\/\/www.europesays.com\/lv\/wp-json\/wp\/v2\/types\/post"}],"author":[{"embeddable":true,"href":"https:\/\/www.europesays.com\/lv\/wp-json\/wp\/v2\/users\/2"}],"replies":[{"embeddable":true,"href":"https:\/\/www.europesays.com\/lv\/wp-json\/wp\/v2\/comments?post=103008"}],"version-history":[{"count":0,"href":"https:\/\/www.europesays.com\/lv\/wp-json\/wp\/v2\/posts\/103008\/revisions"}],"wp:featuredmedia":[{"embeddable":true,"href":"https:\/\/www.europesays.com\/lv\/wp-json\/wp\/v2\/media\/103009"}],"wp:attachment":[{"href":"https:\/\/www.europesays.com\/lv\/wp-json\/wp\/v2\/media?parent=103008"}],"wp:term":[{"taxonomy":"category","embeddable":true,"href":"https:\/\/www.europesays.com\/lv\/wp-json\/wp\/v2\/categories?post=103008"},{"taxonomy":"post_tag","embeddable":true,"href":"https:\/\/www.europesays.com\/lv\/wp-json\/wp\/v2\/tags?post=103008"}],"curies":[{"name":"wp","href":"https:\/\/api.w.org\/{rel}","templated":true}]}}