{"id":103018,"date":"2026-01-13T12:42:08","date_gmt":"2026-01-13T12:42:08","guid":{"rendered":"https:\/\/www.europesays.com\/lv\/103018\/"},"modified":"2026-01-13T12:42:08","modified_gmt":"2026-01-13T12:42:08","slug":"alus-razotaja-heineken-vaditajs-pazino-par-atkapsanos-no-amata","status":"publish","type":"post","link":"https:\/\/www.europesays.com\/lv\/103018\/","title":{"rendered":"Alus ra\u017eot\u0101ja &#8220;Heineken&#8221; vad\u012bt\u0101js pazi\u0146o par atk\u0101p\u0161anos no amata"},"content":{"rendered":"<p>P\u0113c teju se\u0161iem gadiem izpilddirektora amat\u0101 van den Brinks to pamet\u012bs 31. maij\u0101.<\/p>\n<p>&#8220;Uzskatu, ka pien\u0101cis \u012bstais br\u012bdis,&#8221; sac\u012bja 52 gadus vecais van den Brinks.<\/p>\n<p>&#8220;Heineken&#8221; ar vad\u012bbas mai\u0146u saskaras sare\u017e\u0123\u012bt\u0101 br\u012bd\u012b, \u0146emot v\u0113r\u0101 straujo <a href=\"https:\/\/www.tvnet.lv\/term\/76555\/alus\" class=\"topicLink\" target=\"_blank\" rel=\"nofollow noopener\">alus<\/a> tirdzniec\u012bbas apjoma kritumu. T\u0101pat uz\u0146\u0113mums oktobr\u012b pazi\u0146oja, ka saist\u012bb\u0101 ar galven\u0101 p\u0101rvaldes biroja reorganiz\u0101ciju Amsterdam\u0101 likvid\u0113 vai p\u0101rce\u013c 400 darbavietas.<\/p>\n<p>&#8220;Heineken&#8221; ir pasaul\u0113 otrais liel\u0101kais alus ra\u017eot\u0101js, kas ra\u017eo un p\u0101rdod vair\u0101k nek\u0101 300 z\u012bmolu alu un sidru.<\/p>\n","protected":false},"excerpt":{"rendered":"P\u0113c teju se\u0161iem gadiem izpilddirektora amat\u0101 van den Brinks to pamet\u012bs 31. maij\u0101. &#8220;Uzskatu, ka pien\u0101cis \u012bstais br\u012bdis,&#8221;&hellip;\n","protected":false},"author":2,"featured_media":103019,"comment_status":"","ping_status":"","sticky":false,"template":"","format":"standard","meta":{"footnotes":""},"categories":[5],"tags":[23,5939,28,29,32,33,22,24946,30,31,35,39,38,36,37,34,40,20,26,27,24,25,793,21],"class_list":{"0":"post-103018","1":"post","2":"type-post","3":"status-publish","4":"format-standard","5":"has-post-thumbnail","7":"category-aktualitates","8":"tag-aktualitates","9":"tag-alus","10":"tag-breaking-news","11":"tag-breakingnews","12":"tag-featured-news","13":"tag-featurednews","14":"tag-headlines","15":"tag-heineken","16":"tag-latest-news","17":"tag-latestnews","18":"tag-latvia","19":"tag-latvian","20":"tag-latviesu","21":"tag-latviesu-valoda","22":"tag-latviesuvaloda","23":"tag-latvija","24":"tag-lv","25":"tag-news","26":"tag-popularakas-zinas","27":"tag-popularakaszinas","28":"tag-top-stories","29":"tag-topstories","30":"tag-uznemejdarbiba","31":"tag-zinas"},"share_on_mastodon":{"url":"https:\/\/pubeurope.com\/@lv\/115887849058123027","error":""},"_links":{"self":[{"href":"https:\/\/www.europesays.com\/lv\/wp-json\/wp\/v2\/posts\/103018","targetHints":{"allow":["GET"]}}],"collection":[{"href":"https:\/\/www.europesays.com\/lv\/wp-json\/wp\/v2\/posts"}],"about":[{"href":"https:\/\/www.europesays.com\/lv\/wp-json\/wp\/v2\/types\/post"}],"author":[{"embeddable":true,"href":"https:\/\/www.europesays.com\/lv\/wp-json\/wp\/v2\/users\/2"}],"replies":[{"embeddable":true,"href":"https:\/\/www.europesays.com\/lv\/wp-json\/wp\/v2\/comments?post=103018"}],"version-history":[{"count":0,"href":"https:\/\/www.europesays.com\/lv\/wp-json\/wp\/v2\/posts\/103018\/revisions"}],"wp:featuredmedia":[{"embeddable":true,"href":"https:\/\/www.europesays.com\/lv\/wp-json\/wp\/v2\/media\/103019"}],"wp:attachment":[{"href":"https:\/\/www.europesays.com\/lv\/wp-json\/wp\/v2\/media?parent=103018"}],"wp:term":[{"taxonomy":"category","embeddable":true,"href":"https:\/\/www.europesays.com\/lv\/wp-json\/wp\/v2\/categories?post=103018"},{"taxonomy":"post_tag","embeddable":true,"href":"https:\/\/www.europesays.com\/lv\/wp-json\/wp\/v2\/tags?post=103018"}],"curies":[{"name":"wp","href":"https:\/\/api.w.org\/{rel}","templated":true}]}}