{"id":103026,"date":"2026-01-13T12:47:37","date_gmt":"2026-01-13T12:47:37","guid":{"rendered":"https:\/\/www.europesays.com\/lv\/103026\/"},"modified":"2026-01-13T12:47:37","modified_gmt":"2026-01-13T12:47:37","slug":"latvija-pieaugusi-ienakumu-nevienlidziba-bet-premjere-silina-stasta-pretejo-raksts","status":"publish","type":"post","link":"https:\/\/www.europesays.com\/lv\/103026\/","title":{"rendered":"Latvij\u0101 pieaugusi ien\u0101kumu nevienl\u012bdz\u012bba, bet premjere Sili\u0146a st\u0101sta pret\u0113jo \/ Raksts"},"content":{"rendered":"<p>Latvij\u0101 pieaugusi ien\u0101kumu nevienl\u012bdz\u012bba, bet premjere Evika Sili\u0146a no &#8220;Jaun\u0101s Vienot\u012bbas&#8221; st\u0101sta pret\u0113jo. Savuk\u0101rt, v\u0113rt\u0113jot pa\u0161as tur\u012bgumu, vi\u0146a intervij\u0101 saka \u2013 esmu pa vidu. Vai tie\u0161\u0101m t\u0101 ir?\u00a0<\/p>\n<p>&#8220;Re:Baltica&#8221; faktu p\u0101rbaudes projekta &#8220;Re:Check&#8221; jaun\u0101kais apskats<\/p>\n<p>Gada nogal\u0113 premjerministre Evika Sili\u0146a no &#8220;Jaun\u0101s Vienot\u012bbas&#8221; sniedza pla\u0161u <a href=\"https:\/\/www.diena.lv\/raksts\/sestdiena\/sestdienas-salons\/atguvusi-speku.-saruna-ar-premjeri-eviku-silinu-14345791\" target=\"_blank\" rel=\"nofollow noopener\">interviju<\/a> \u017eurn\u0101lam &#8220;Sestdiena&#8221;. Tai dots nosaukums &#8220;Atguvusi sp\u0113ku&#8221;. Sili\u0146a intervij\u0101 st\u0101sta par vald\u012bbas p\u0113rn\u0101 gada sasniegumiem.\u00a0Intervijas autors, \u017eurn\u0101lists Eg\u012bls Zirnis cita starp\u0101 vi\u0146ai saka \u0161\u0101di: &#8220;Ekonomikas dati r\u0101da, ka plaisa starp tur\u012bgo un tr\u016bc\u012bgo Latviju palielin\u0101s.&#8221;\u00a0<\/p>\n<p>Sili\u0146a atbild\u0113ja: &#8220;\u0160\u012bs vald\u012bbas laik\u0101 ir izdevies beidzot main\u012bt nevienl\u012bdz\u012bbas indeksu, kas l\u012bdz tam visu laiku palielin\u0101j\u0101s.&#8221;\u00a0<\/p>\n<p>Premjere turpin\u0101ja, st\u0101stot, ka tas pan\u0101kts, gan palielinot neapliekamo minimumu, gan no\u0146emot diferenc\u0113to neapliekamo minimumu, kas uz\u0146\u0113m\u0113jiem sag\u0101d\u0101jis lielas probl\u0113mas.\u00a0<\/p>\n<blockquote>\n<p>Tas tie\u0161\u0101m ir dar\u012bts, ta\u010du Sili\u0146ai nav taisn\u012bba par nevienl\u012bdz\u012bbas indeksu \u2013 tas vi\u0146as vald\u012bbas laik\u0101 ir pieaudzis, nevis samazin\u0101jies.\u00a0<\/p>\n<\/blockquote>\n<p>Nevienl\u012bdz\u012bbu m\u0113ra ar D\u017eini indeksu jeb D\u017eini koeficientu. Jo tas ir augst\u0101ks, jo liel\u0101ka ien\u0101kumu nevienl\u012bdz\u012bba iedz\u012bvot\u0101ju vid\u016b. Sili\u0146a vada vald\u012bbu kop\u0161 2023. gada rudens, un 2024. gad\u0101 indekss palielin\u0101j\u0101s par 1,4 punktiem. Turkl\u0101t tas ir liel\u0101kais pieaugums p\u0113d\u0113jo desmit gadu laik\u0101, r\u0101da Centr\u0101l\u0101s statistikas p\u0101rvaldes <a href=\"https:\/\/data.stat.gov.lv\/pxweb\/lv\/OSP_PUB\/START__POP__NN__NNI\/NNI030\/table\/tableViewLayout1\/\" target=\"_blank\" rel=\"nofollow noopener\">dati<\/a>. Sili\u0146ai ar\u012b nav taisn\u012bba, ka pirms vi\u0146as indekss visu laiku palielin\u0101j\u0101s. Glu\u017ei pret\u0113ji, 2021. un 2022. gad\u0101 D\u017eini indekss un t\u0101tad ien\u0101kumu nevienl\u012bdz\u012bba mazin\u0101j\u0101s.<\/p>\n<p>            <img decoding=\"async\" src=\"https:\/\/www.europesays.com\/lv\/wp-content\/uploads\/2026\/01\/sfv4.png\" alt=\"\"\/><\/p>\n<p>&#8220;Re:Check&#8221; l\u016bdza Sili\u0146as komunik\u0101cijas padomniecei Annai \u016adrei koment\u0113t premjeres teikto. Vi\u0146a rakstiski atbild\u0113ja, ka &#8220;Ministru prezidentes izteikumi attiecas uz vald\u012bbas kop\u0113jo politiku, nevis uz vienu konkr\u0113tu r\u0101d\u012bt\u0101ju&#8221;.\u00a0<\/p>\n<p>&#8220;D\u017eini koeficients var \u012bslaic\u012bgi pieaugt, kam\u0113r zem\u0101ko ien\u0101kumu grup\u0101m situ\u0101cija objekt\u012bvi uzlabojas, pateicoties neapliekam\u0101 minimuma cel\u0161anai, minim\u0101l\u0101s algas paaugstin\u0101\u0161anai, diferenc\u0113t\u0101 minimuma papla\u0161in\u0101\u0161anai, k\u0101 ar\u012b \u0123ime\u0146u atbalsta un re\u0123ion\u0101l\u0101s pieejam\u012bbas pas\u0101kumiem,&#8221; skaidroja premjeres p\u0101rst\u0101ve.\u00a0<\/p>\n<p>Centr\u0101l\u0101s statistikas <a href=\"https:\/\/stat.gov.lv\/system\/files\/publication\/2025-03\/Nr_06_Materiala_nenodrosinatiba_Latvija_2023_gada_(24_00)_LV_0.pdf\" target=\"_blank\" rel=\"nofollow noopener\">p\u0101rvaldes dati<\/a> liecina, ka Latvijas tr\u016bc\u012bg\u0101kajiem cilv\u0113kiem situ\u0101cija tie\u0161\u0101m uzlabojas \u2013 vi\u0146i aptauj\u0101s nor\u0101da, ka var at\u013cauties vair\u0101k nek\u0101 iepriek\u0161. Ta\u010du \u0161is faktors vien neko neliecina par nevienl\u012bdz\u012bbu. T\u0101 ir palielin\u0101jusies. Proti, tur\u012bg\u0101ko iedz\u012bvot\u0101ju ien\u0101kumi p\u0113d\u0113jos gados aug strauj\u0101k nek\u0101 nabadz\u012bg\u0101ko.\u00a0<\/p>\n<blockquote>\n<p>J\u0101piebilst, ka Latvij\u0101 nevienl\u012bdz\u012bba ir viena no augst\u0101kaj\u0101m Eiropas Savien\u012bb\u0101, un Sili\u0146as vald\u012bbas <a href=\"https:\/\/www.mk.gov.lv\/lv\/media\/16704\/download\" target=\"_blank\" rel=\"nofollow noopener\">deklar\u0101cij\u0101<\/a> bija sol\u012bts to mazin\u0101t. Ta\u010du vismaz pagaid\u0101m tas nav izdevies un plaisa aug.\u00a0\u00a0<\/p>\n<\/blockquote>\n<p>\u017durn\u0101la &#8220;Sestdiena&#8221; \u017eurn\u0101lists premjerei ar\u012b jaut\u0101ja par vi\u0146u pa\u0161u: &#8220;Kam j\u016bs piederat \u2013 sabiedr\u012bbas tur\u012bgajai vai ne tik tur\u012bgajai da\u013cai?&#8221;\u00a0<\/p>\n<p>Sili\u0146a atbild\u0113ja \u0161\u0101di: &#8220;Esmu pa vidu, Latvijas premjera alga noteikti nav t\u0101 liel\u0101k\u0101.&#8221;\u00a0<\/p>\n<p>Latvijas premjera <a href=\"https:\/\/likumi.lv\/ta\/id\/202273-valsts-un-pasvaldibu-instituciju-amatpersonu-un-darbinieku-atlidzibas-likums\" target=\"_blank\" rel=\"nofollow noopener\">alga<\/a> p\u0113rn bija 8659 eiro m\u0113nes\u012b pirms nodok\u013cu nomaksas. T\u0101 tie\u0161\u0101m nav liel\u0101k\u0101 ne Eiropas Savien\u012bbas, ne Baltijas valstu <a href=\"https:\/\/www.lsm.lv\/raksts\/kas-notiek-latvija\/raksti\/21.07.2025-ka-iesaldes-politiku-algas-lietuva-un-igaunija-videja-alga-par-283-un-174-lielaka-ministru-atalgojums-lidzvertigs.a607311\/\" class=\"lsm-link\" data-type=\"article\" data-id=\"607311\" rel=\"nofollow noopener\" target=\"_blank\">premjeru vid\u016b<\/a>. Ta\u010du saruna un \u017eurn\u0101lista jaut\u0101jums bija par Latvijas sabiedr\u012bbu, un \u0161aj\u0101 zi\u0146\u0101 Sili\u0146ai nav taisn\u012bba. Proti, vi\u0146a tur\u012bgum\u0101 nav &#8220;pa vidu&#8221;.\u00a0<\/p>\n<p>Pirmk\u0101rt, premjeres alga ir 4,7 reizes liel\u0101ka nek\u0101 Latvijas vid\u0113j\u0101 alga. Otrk\u0101rt, Sili\u0146as re\u0101lie ien\u0101kumi 2024. gad\u0101 bija vid\u0113ji 10,6 t\u016bksto\u0161i eiro m\u0113nes\u012b pirms nodok\u013cu nomaksas. To r\u0101da premjeres ien\u0101kumu deklar\u0101cija. Pat ja Sili\u0146a b\u016btu vien\u012bg\u0101 peln\u012bt\u0101ja \u0123imen\u0113, premjeres ien\u0101kumi ar\u012b p\u0113c nodok\u013cu nomaksas vi\u0146as m\u0101jsaimniec\u012bbu ierindo Latvijas iedz\u012bvot\u0101ju tur\u012bg\u0101kaj\u0101 piektda\u013c\u0101, ja r\u0113\u0137ina ien\u0101kumus <a href=\"https:\/\/data.stat.gov.lv\/pxweb\/lv\/OSP_PUB\/START__POP__MI__MIS\/MIS060\/table\/tableViewLayout1\/\" target=\"_blank\" rel=\"nofollow noopener\">vid\u0113ji uz vienu m\u0101jsaimniec\u012bbu<\/a>. To apliecina statistikas p\u0101rvaldes dati.\u00a0\u00a0<\/p>\n<p>Premjeres padomniece \u016adre uz l\u016bgumu skaidrot Sili\u0146as izteikumu par b\u016b\u0161anu &#8220;pa vidu&#8221; atbild\u0113ja, ka &#8220;Ministru prezidente intervij\u0101 ir paudusi savu viedokli&#8221;.<\/p>\n<p>                    Valodas k\u013c\u016bda rakst\u0101?<\/p>\n<p class=\"d-none d-md-block\">Iez\u012bm\u0113jiet tekstu un spiediet Ctrl+Enter, lai nos\u016bt\u012btu labojamo teksta fragmentu redaktoram! Par faktu k\u013c\u016bd\u0101m l\u016bdzam zi\u0146ot e-past\u0101 <a href=\"https:\/\/www.lsm.lv\/cdn-cgi\/l\/email-protection\" class=\"__cf_email__\" data-cfemail=\"9ceef9f8fdf7fff5f6fddcf0eff1b2f0ea\" rel=\"nofollow noopener\" target=\"_blank\">[email\u00a0protected]<\/a>.<\/p>\n<p class=\"d-md-none\">Iez\u012bm\u0113jiet tekstu un spiediet uz Zi\u0146ot par k\u013c\u016bdu pogas, lai nos\u016bt\u012btu labojamo teksta fragmentu redaktoram!<\/p>\n<p>\n                    Zi\u0146ot par k\u013c\u016bdu\n                <\/p>\n","protected":false},"excerpt":{"rendered":"Latvij\u0101 pieaugusi ien\u0101kumu nevienl\u012bdz\u012bba, bet premjere Evika Sili\u0146a no &#8220;Jaun\u0101s Vienot\u012bbas&#8221; st\u0101sta pret\u0113jo. Savuk\u0101rt, v\u0113rt\u0113jot pa\u0161as tur\u012bgumu, vi\u0146a&hellip;\n","protected":false},"author":2,"featured_media":55305,"comment_status":"","ping_status":"","sticky":false,"template":"","format":"standard","meta":{"footnotes":""},"categories":[12],"tags":[23,28,29,32,33,22,30,31,35,39,38,36,37,34,40,20,26,27,24,25,21],"class_list":{"0":"post-103026","1":"post","2":"type-post","3":"status-publish","4":"format-standard","5":"has-post-thumbnail","7":"category-latvija","8":"tag-aktualitates","9":"tag-breaking-news","10":"tag-breakingnews","11":"tag-featured-news","12":"tag-featurednews","13":"tag-headlines","14":"tag-latest-news","15":"tag-latestnews","16":"tag-latvia","17":"tag-latvian","18":"tag-latviesu","19":"tag-latviesu-valoda","20":"tag-latviesuvaloda","21":"tag-latvija","22":"tag-lv","23":"tag-news","24":"tag-popularakas-zinas","25":"tag-popularakaszinas","26":"tag-top-stories","27":"tag-topstories","28":"tag-zinas"},"share_on_mastodon":{"url":"https:\/\/pubeurope.com\/@lv\/115887868772460074","error":""},"_links":{"self":[{"href":"https:\/\/www.europesays.com\/lv\/wp-json\/wp\/v2\/posts\/103026","targetHints":{"allow":["GET"]}}],"collection":[{"href":"https:\/\/www.europesays.com\/lv\/wp-json\/wp\/v2\/posts"}],"about":[{"href":"https:\/\/www.europesays.com\/lv\/wp-json\/wp\/v2\/types\/post"}],"author":[{"embeddable":true,"href":"https:\/\/www.europesays.com\/lv\/wp-json\/wp\/v2\/users\/2"}],"replies":[{"embeddable":true,"href":"https:\/\/www.europesays.com\/lv\/wp-json\/wp\/v2\/comments?post=103026"}],"version-history":[{"count":0,"href":"https:\/\/www.europesays.com\/lv\/wp-json\/wp\/v2\/posts\/103026\/revisions"}],"wp:featuredmedia":[{"embeddable":true,"href":"https:\/\/www.europesays.com\/lv\/wp-json\/wp\/v2\/media\/55305"}],"wp:attachment":[{"href":"https:\/\/www.europesays.com\/lv\/wp-json\/wp\/v2\/media?parent=103026"}],"wp:term":[{"taxonomy":"category","embeddable":true,"href":"https:\/\/www.europesays.com\/lv\/wp-json\/wp\/v2\/categories?post=103026"},{"taxonomy":"post_tag","embeddable":true,"href":"https:\/\/www.europesays.com\/lv\/wp-json\/wp\/v2\/tags?post=103026"}],"curies":[{"name":"wp","href":"https:\/\/api.w.org\/{rel}","templated":true}]}}