{"id":103035,"date":"2026-01-13T12:54:09","date_gmt":"2026-01-13T12:54:09","guid":{"rendered":"https:\/\/www.europesays.com\/lv\/103035\/"},"modified":"2026-01-13T12:54:09","modified_gmt":"2026-01-13T12:54:09","slug":"tragiskaja-avarija-tukuma-novada-boja-gajis-bijusais-salaspils-domes-deputats","status":"publish","type":"post","link":"https:\/\/www.europesays.com\/lv\/103035\/","title":{"rendered":"Tra\u0123iskaj\u0101 av\u0101rij\u0101 Tukuma novad\u0101 boj\u0101 g\u0101jis biju\u0161ais Salaspils domes deput\u0101ts"},"content":{"rendered":"<p>Tra\u0123iskaj\u0101 ce\u013cu satiksmes negad\u012bjum\u0101 Tukuma novad\u0101 sv\u0113tdien dz\u012bv\u012bbu zaud\u0113ja ar\u012b biju\u0161ais Salaspils novada domes deput\u0101ts Ernests Moisejs (Nacion\u0101l\u0101 apvien\u012bba), liecina Latvijas Telev\u012bzijas raid\u012bjuma &#8220;Panor\u0101ma&#8221; r\u012bc\u012bb\u0101 eso\u0161\u0101 inform\u0101cija.<\/p>\n<p>Tra\u0123isk\u0101 av\u0101rija ar trim boj\u0101g\u0101ju\u0161ajiem Tukuma novad\u0101 sv\u0113tdien notikusi, vieglajam auto iebraucot pret\u0113j\u0101 josl\u0101 un saduroties ar kravas transportl\u012bdzekli, liecina Valsts policijas r\u012bc\u012bb\u0101 eso\u0161\u0101 inform\u0101cija. Policij\u0101 skaidro, ka av\u0101rij\u0101 uz Ventspils \u0161osejas bija iesaist\u012bti pieci transportl\u012bdzek\u013ci, lai ar\u012b s\u0101kotn\u0113ji zi\u0146ots par se\u0161iem.<\/p>\n<p>S\u0101kotn\u0113ja inform\u0101cija liecina, ka &#8220;Toyota&#8221; automa\u0161\u012bnas vad\u012bt\u0101js netika gal\u0101 ar transportl\u012bdzek\u013ca vad\u012bbu, iebrauca pret\u0113j\u0101 brauk\u0161anas virziena josl\u0101, kur izrais\u012bja sadursmi ar pretim brauco\u0161o &#8220;Volvo&#8221; kravas automa\u0161\u012bnu. P\u0113c tam notika sadursme ar v\u0113l tr\u012bs automa\u0161\u012bn\u0101m. Policij\u0101 par notiku\u0161o ir s\u0101kts krimin\u0101lprocess.<\/p>\n<p>&#8220;Latvijas Telev\u012bzijas&#8221; raid\u012bjumam &#8220;Panor\u0101ma&#8221; zin\u0101ms, ka viens no boj\u0101g\u0101ju\u0161ajiem ir biju\u0161ais Salaspils novada domes deput\u0101ts Ernests Moisejs. Raid\u012bjuma r\u012bc\u012bb\u0101 eso\u0161\u0101 inform\u0101cija liecina, ka negad\u012bjums notika viet\u0101, kur ce\u013c\u0161 ir labi p\u0101rredzams un l\u012bdzens. Ar\u012b VSIA &#8220;Latvijas valsts ce\u013ci&#8221; (LVC) raid\u012bjumam apstiprin\u0101ja, ka ce\u013c\u0161 bija vair\u0101kk\u0101rt t\u012br\u012bts.<\/p>\n<p>K\u0101 zi\u0146ots, sv\u0113tdien plkst.15.17 sa\u0146emts izsaukums uz Tukuma novadu, Sm\u0101rdes pagastu, kur notikusi sadursme. Av\u0101rij\u0101 boj\u0101 g\u0101ju\u0161as tr\u012bs personas, kas atradu\u0161\u0101s automa\u0161\u012bn\u0101 &#8220;Toyota Hilux&#8221;.<\/p>\n<p>Raksts p\u0101rpublic\u0113ts no <a href=\"https:\/\/jauns.lv\/raksts\/zinas\/691015-tragiskaja-avarija-tukuma-novada-boja-gajis-bijusais-salaspils-domes-deputats-ernests-moisejs?utm_medium=Social&amp;utm_source=Facebook&amp;brid=vVeeT9NDVXYhK-XomA0HAQ\" target=\"_blank\" rel=\"noopener noreferrer nofollow\">jauns.lv<\/a>.<\/p>\n","protected":false},"excerpt":{"rendered":"Tra\u0123iskaj\u0101 ce\u013cu satiksmes negad\u012bjum\u0101 Tukuma novad\u0101 sv\u0113tdien dz\u012bv\u012bbu zaud\u0113ja ar\u012b biju\u0161ais Salaspils novada domes deput\u0101ts Ernests Moisejs (Nacion\u0101l\u0101&hellip;\n","protected":false},"author":2,"featured_media":103036,"comment_status":"","ping_status":"","sticky":false,"template":"","format":"standard","meta":{"footnotes":""},"categories":[5],"tags":[23,28,29,47,32,33,22,381,64,30,31,35,39,38,36,37,34,40,20,385,26,27,172,382,384,383,24,25,21],"class_list":{"0":"post-103035","1":"post","2":"type-post","3":"status-publish","4":"format-standard","5":"has-post-thumbnail","7":"category-aktualitates","8":"tag-aktualitates","9":"tag-breaking-news","10":"tag-breakingnews","11":"tag-ekonomika","12":"tag-featured-news","13":"tag-featurednews","14":"tag-headlines","15":"tag-jaunumi","16":"tag-kultura","17":"tag-latest-news","18":"tag-latestnews","19":"tag-latvia","20":"tag-latvian","21":"tag-latviesu","22":"tag-latviesu-valoda","23":"tag-latviesuvaloda","24":"tag-latvija","25":"tag-lv","26":"tag-news","27":"tag-pieriga","28":"tag-popularakas-zinas","29":"tag-popularakaszinas","30":"tag-riga","31":"tag-sabiedriba","32":"tag-sludinajumi","33":"tag-sports-afisa","34":"tag-top-stories","35":"tag-topstories","36":"tag-zinas"},"share_on_mastodon":{"url":"https:\/\/pubeurope.com\/@lv\/115887896165934271","error":""},"_links":{"self":[{"href":"https:\/\/www.europesays.com\/lv\/wp-json\/wp\/v2\/posts\/103035","targetHints":{"allow":["GET"]}}],"collection":[{"href":"https:\/\/www.europesays.com\/lv\/wp-json\/wp\/v2\/posts"}],"about":[{"href":"https:\/\/www.europesays.com\/lv\/wp-json\/wp\/v2\/types\/post"}],"author":[{"embeddable":true,"href":"https:\/\/www.europesays.com\/lv\/wp-json\/wp\/v2\/users\/2"}],"replies":[{"embeddable":true,"href":"https:\/\/www.europesays.com\/lv\/wp-json\/wp\/v2\/comments?post=103035"}],"version-history":[{"count":0,"href":"https:\/\/www.europesays.com\/lv\/wp-json\/wp\/v2\/posts\/103035\/revisions"}],"wp:featuredmedia":[{"embeddable":true,"href":"https:\/\/www.europesays.com\/lv\/wp-json\/wp\/v2\/media\/103036"}],"wp:attachment":[{"href":"https:\/\/www.europesays.com\/lv\/wp-json\/wp\/v2\/media?parent=103035"}],"wp:term":[{"taxonomy":"category","embeddable":true,"href":"https:\/\/www.europesays.com\/lv\/wp-json\/wp\/v2\/categories?post=103035"},{"taxonomy":"post_tag","embeddable":true,"href":"https:\/\/www.europesays.com\/lv\/wp-json\/wp\/v2\/tags?post=103035"}],"curies":[{"name":"wp","href":"https:\/\/api.w.org\/{rel}","templated":true}]}}