{"id":103039,"date":"2026-01-13T12:58:05","date_gmt":"2026-01-13T12:58:05","guid":{"rendered":"https:\/\/www.europesays.com\/lv\/103039\/"},"modified":"2026-01-13T12:58:05","modified_gmt":"2026-01-13T12:58:05","slug":"pavests-tiekas-ar-nobela-premijas-laureati-mariju-korinu-macado","status":"publish","type":"post","link":"https:\/\/www.europesays.com\/lv\/103039\/","title":{"rendered":"P\u0101vests tiekas ar Nobela pr\u0113mijas laure\u0101ti Mariju Korinu Ma\u010dado"},"content":{"rendered":"<p>12. janv\u0101r\u012b p\u0101vests Leons XIV Apustuliskaj\u0101 pil\u012b pie\u0146\u0113ma audienc\u0113 Venecu\u0113las opoz\u012bcijas akt\u012bvisti Mariju Korinu Ma\u010dado, 2025. gada Nobela pr\u0113mijas laure\u0101ti.<\/p>\n<p>Vatican News\u00a0<\/p>\n<p style=\"text-align: justify;\">Marija Korina Ma\u010dado ir iev\u0113rojama Venecu\u0113las opoz\u012bcijas fig\u016bra un partijas &#8220;Vente Venezuela&#8221; l\u012bdere. Vi\u0146a ilgu laiku ir iest\u0101jusies pret Maduro re\u017e\u012bmu un par br\u012bv\u0101m v\u0113l\u0113\u0161an\u0101m. Vi\u0146as akt\u012bv\u0101 darb\u012bba demokr\u0101tisko ties\u012bbu aizst\u0101v\u012bb\u0101 noveda pie izraid\u012b\u0161anas no valsts un starptautiskas atzin\u012bbas.<\/p>\n<p style=\"text-align: justify;\">\u0160oned\u0113\u013c Ma\u010dado dosies uz Va\u0161ingtonu, lai tiktos ar ASV prezidentu Donaldu Trampu. Tikm\u0113r Venecu\u0113las valsts vad\u012bt\u0101ja pien\u0101kumus pilda Delsija Rodrigesa, un ar starptautisk\u0101s sabiedr\u012bbas atbalstu turpin\u0101s politisk\u0101s p\u0101rveides process, tostarp atbr\u012bvojot da\u017eus politieslodz\u012btos.<\/p>\n","protected":false},"excerpt":{"rendered":"12. janv\u0101r\u012b p\u0101vests Leons XIV Apustuliskaj\u0101 pil\u012b pie\u0146\u0113ma audienc\u0113 Venecu\u0113las opoz\u012bcijas akt\u012bvisti Mariju Korinu Ma\u010dado, 2025. gada Nobela&hellip;\n","protected":false},"author":2,"featured_media":103040,"comment_status":"","ping_status":"","sticky":false,"template":"","format":"standard","meta":{"footnotes":""},"categories":[14],"tags":[23,57,28,29,32,33,22,30,31,35,39,38,36,37,34,40,20,26,27,24,25,54,55,56,21,58],"class_list":{"0":"post-103039","1":"post","2":"type-post","3":"status-publish","4":"format-standard","5":"has-post-thumbnail","7":"category-zinas-no-arvalstim","8":"tag-aktualitates","9":"tag-arvalstim","10":"tag-breaking-news","11":"tag-breakingnews","12":"tag-featured-news","13":"tag-featurednews","14":"tag-headlines","15":"tag-latest-news","16":"tag-latestnews","17":"tag-latvia","18":"tag-latvian","19":"tag-latviesu","20":"tag-latviesu-valoda","21":"tag-latviesuvaloda","22":"tag-latvija","23":"tag-lv","24":"tag-news","25":"tag-popularakas-zinas","26":"tag-popularakaszinas","27":"tag-top-stories","28":"tag-topstories","29":"tag-world","30":"tag-world-news","31":"tag-worldnews","32":"tag-zinas","33":"tag-zinas-no-arvalstim"},"share_on_mastodon":{"url":"https:\/\/pubeurope.com\/@lv\/115887911918847533","error":""},"_links":{"self":[{"href":"https:\/\/www.europesays.com\/lv\/wp-json\/wp\/v2\/posts\/103039","targetHints":{"allow":["GET"]}}],"collection":[{"href":"https:\/\/www.europesays.com\/lv\/wp-json\/wp\/v2\/posts"}],"about":[{"href":"https:\/\/www.europesays.com\/lv\/wp-json\/wp\/v2\/types\/post"}],"author":[{"embeddable":true,"href":"https:\/\/www.europesays.com\/lv\/wp-json\/wp\/v2\/users\/2"}],"replies":[{"embeddable":true,"href":"https:\/\/www.europesays.com\/lv\/wp-json\/wp\/v2\/comments?post=103039"}],"version-history":[{"count":0,"href":"https:\/\/www.europesays.com\/lv\/wp-json\/wp\/v2\/posts\/103039\/revisions"}],"wp:featuredmedia":[{"embeddable":true,"href":"https:\/\/www.europesays.com\/lv\/wp-json\/wp\/v2\/media\/103040"}],"wp:attachment":[{"href":"https:\/\/www.europesays.com\/lv\/wp-json\/wp\/v2\/media?parent=103039"}],"wp:term":[{"taxonomy":"category","embeddable":true,"href":"https:\/\/www.europesays.com\/lv\/wp-json\/wp\/v2\/categories?post=103039"},{"taxonomy":"post_tag","embeddable":true,"href":"https:\/\/www.europesays.com\/lv\/wp-json\/wp\/v2\/tags?post=103039"}],"curies":[{"name":"wp","href":"https:\/\/api.w.org\/{rel}","templated":true}]}}