{"id":103041,"date":"2026-01-13T13:00:08","date_gmt":"2026-01-13T13:00:08","guid":{"rendered":"https:\/\/www.europesays.com\/lv\/103041\/"},"modified":"2026-01-13T13:00:08","modified_gmt":"2026-01-13T13:00:08","slug":"bezmaksas-ziemas-brauksanas-konsultacijas-autovaditajiem-sonedel-notiks-riga-jelgava-un-valmiera","status":"publish","type":"post","link":"https:\/\/www.europesays.com\/lv\/103041\/","title":{"rendered":"Bezmaksas ziemas brauk\u0161anas konsult\u0101cijas autovad\u012bt\u0101jiem \u0161oned\u0113\u013c notiks R\u012bg\u0101, Jelgav\u0101 un Valmier\u0101"},"content":{"rendered":"<p>              Bezmaksas ziemas brauk\u0161anas konsult\u0101cijas autovad\u012bt\u0101jiem \u0161oned\u0113\u013c notiks R\u012bg\u0101, Jelgav\u0101 un Valmier\u0101              <\/p>\n<p>12.01.2026.<\/p>\n<p>Iest\u0101joties past\u0101v\u012bgai ziemai, ce\u013ci Latvij\u0101 ir k\u013cuvu\u0161i sniegoti un slideni, un \u0161\u0101di laikapst\u0101k\u013ci prasa no autovad\u012bt\u0101jiem pastiprin\u0101tu uzman\u012bbu un piel\u0101go\u0161anos brauk\u0161anai ziemas sezon\u0101. Mainoties apst\u0101k\u013ciem uz ce\u013ca, ir j\u0101main\u0101s ar\u012b autovad\u012bt\u0101ju dom\u0101\u0161anai \u2013 j\u0101\u0146em v\u0113r\u0101, ka transportl\u012bdzek\u013ca vad\u0101m\u012bba ziem\u0101 uz apledoju\u0161a seguma b\u016btiski at\u0161\u0137iras no brauk\u0161anas vasaras apst\u0101k\u013cos.<\/p>\n<p>Lai veicin\u0101tu dro\u0161\u0101ku satiksmi un pilnveidotu autovad\u012bt\u0101ju prasmes, CSDD ar\u012b \u0161aj\u0101 ziem\u0101 pied\u0101v\u0101 autovad\u012bt\u0101jiem bezmaksas ziemas brauk\u0161anas konsult\u0101cijas. \u0160aj\u0101 ned\u0113\u013c\u0101 ziemas brauk\u0161anas konsult\u0101cijas norisin\u0101sies R\u012bg\u0101, Bi\u0137ernieku tras\u0113, k\u0101 ar\u012b Jelgav\u0101 un Valmier\u0101.<\/p>\n<p>Papildin\u0101ta inform\u0101cija \u2013 konsult\u0101cij\u0101m Jelgav\u0101, Valmier\u0101 un R\u012bg\u0101 br\u012bvu vietu \u0161\u012bs ned\u0113\u013cas nodarb\u012bb\u0101s vairs nav. Aicin\u0101m sekot aktu\u0101lajai inform\u0101cijai par pieteik\u0161anos cit\u0101s pils\u0113t\u0101s. N\u0101kamaj\u0101s ned\u0113\u013c\u0101s pl\u0101nots nodarb\u012bbas ar\u012b aizvad\u012bt Siguld\u0101 un Madon\u0101, k\u0101 ar\u012b v\u0113lreiz R\u012bg\u0101, Bi\u0137ernieku tras\u0113.<\/p>\n<p>Grupu nodarb\u012bbu laiki R\u012bg\u0101 (Bi\u0137ernieku tras\u0113):<\/p>\n<ul>\n<li>Ceturtdiena, 15. janv\u0101r\u012b, plkst. 12.00, 14.00, 16.00 un 18.00;<\/li>\n<li>Piektdien, 16. janv\u0101r\u012b, plkst. 12.00, 14.00, 16.00 un 18.00;<\/li>\n<li>Sestdien, 17. janv\u0101r\u012b, plkst. 10.00, 12.00,14.00 un 16:00;<\/li>\n<li>Sv\u0113tdien, 18. janv\u0101r\u012b, plkst. 10.00, 12.00, 14.00 un 16.00.<\/li>\n<\/ul>\n<p>Pieteik\u0161an\u0101s nodarb\u012bb\u0101m R\u012bg\u0101 \u2013 <a href=\"https:\/\/www.mittoevents.com\/csdd-ziemas-konsultacijas-drosa-brauksana\/registracija-riga\" rel=\"nofollow noopener\" target=\"_blank\">Pieteik\u0161an\u0101s saite<\/a>.<\/p>\n<p>Grupu nodarb\u012bbu laiki Jelgav\u0101 (Aku ce\u013c\u0161 1, Sporta kompleks\u0101 &#8220;Rull\u012btis&#8221;):<\/p>\n<ul>\n<li>Sestdien, 17. janv\u0101r\u012b, plkst. 10.00, 12.00, 14.00 un 16.00;<\/li>\n<li>Sv\u0113tdien, 18. janv\u0101r\u012b, plkst. 10.00, 12.00, 14.00 un 16.00.<\/li>\n<\/ul>\n<p>Pieteik\u0161an\u0101s nodarb\u012bb\u0101m Jelgav\u0101 \u2013\u00a0 <a href=\"https:\/\/www.mittoevents.com\/csdd-ziemas-konsultacijas-drosa-brauksana\/registracija-jelgava\" rel=\"nofollow noopener\" target=\"_blank\">Pieteik\u0161an\u0101s saite<\/a>.<\/p>\n<p>Grupu nodarb\u012bbu laiki Valmier\u0101 (D\u012bvali\u0146a iel\u0101 15):<\/p>\n<ul>\n<li>Piektdien, 16. janv\u0101r\u012b, plkst. 10.00, 12.00 un 14.00;<\/li>\n<li>Sestdien, 17. janv\u0101r\u012b, plkst. 10.00, 12.00 un 14.00;<\/li>\n<li>Sv\u0113tdien, 18. janv\u0101r\u012b, plkst. 10.00, 12.00 un 14.00.<\/li>\n<\/ul>\n<p>Pieteik\u0161an\u0101s nodarb\u012bb\u0101m Valmier\u0101 \u2013\u00a0 <a href=\"https:\/\/www.mittoevents.com\/csdd-ziemas-konsultacijas-drosa-brauksana\/registracija-valmiera\" rel=\"nofollow noopener\" target=\"_blank\">Pieteik\u0161an\u0101s saite<\/a>.<\/p>\n<p>Svar\u012bga inform\u0101cija dal\u012bbniekiem:<\/p>\n<p>Vienas nodarb\u012bbas laiks: stunda un 30 min\u016btes. Pas\u0101kums paredz\u0113ts fizisk\u0101m person\u0101m un iepriek\u0161\u0113ja pieteik\u0161an\u0101s ir oblig\u0101ta \u2013 viena rezerv\u0101cija vienai personai.<\/p>\n<p>Gad\u012bjum\u0101, ja k\u0101ds autovad\u012bt\u0101js netiek uz iepriek\u0161 pieteiktu nodarb\u012bbu, l\u016bgums par to sniegt inform\u0101ciju, rakstot uz <a href=\"https:\/\/www.csdd.lv\/jaunumi\/mailto:info@dbs.lv\" rel=\"nofollow noopener\" target=\"_blank\">info@dbs.lv<\/a>, lai var\u0113tu operat\u012bvi pied\u0101v\u0101t vietu citiem pretendentiem.<\/p>\n<p>Nosac\u012bjumi: nodarb\u012bb\u0101 dr\u012bkst piedal\u012bties jebkur\u0161 autovad\u012bt\u0101js ar savu transportl\u012bdzekli, kas apr\u012bkots ar ziemas riep\u0101m, ar der\u012bgu tehnisko apskati un oblig\u0101to civiltiesisko apdro\u0161in\u0101\u0161anu. V\u0113lams uz nodarb\u012bbu ierasties \u0113rtos, brauk\u0161anai atbilsto\u0161os apavos un silt\u0101 ap\u0123\u0113rb\u0101.<\/p>\n<p>Nodarb\u012bbu dal\u012bbniekiem tiks skaidroti dro\u0161as brauk\u0161anas pamatnosac\u012bjumi, veidota izpratne par bremz\u0113\u0161anas ce\u013ca garumu, t\u0101 ietekm\u0113jo\u0161iem faktoriem main\u012bgajos ziemas apst\u0101k\u013cos, par \u0161\u0137\u0113r\u0161\u013cu apbrauk\u0161anu un par to, k\u0101 izvair\u012bties no sadursmes, ja bremz\u0113\u0161anas ce\u013c\u0161 ir nepietiekams. T\u0101pat interesentiem individu\u0101li tiks sniegts skaidrojums par auto riepu st\u0101vokli un to izv\u0113li atbilsto\u0161i ikdienas brauk\u0161anai ziemas apst\u0101k\u013cos.<\/p>\n<p>Inform\u0113jam, ka nodarb\u012bbu laik\u0101 var tikt veikta fotograf\u0113\u0161ana un film\u0113\u0161ana.<\/p>\n<p>\u0160aj\u0101 ziemas sezon\u0101 bezmaksas apm\u0101c\u012bbas jau notiku\u0161as Liep\u0101j\u0101, Talsos un R\u0113zekn\u0113, bet n\u0101kamaj\u0101s ned\u0113\u013c\u0101s pl\u0101nots nodarb\u012bbas ar\u012b aizvad\u012bt Siguld\u0101 un Madon\u0101, k\u0101 ar\u012b v\u0113lreiz R\u012bg\u0101, Bi\u0137ernieku tras\u0113.<\/p>\n<p>Konsult\u0101cijas ziemas apst\u0101k\u013cos CSDD autovad\u012bt\u0101jiem nodro\u0161ina jau kop\u0161 2015. gada un \u0161aj\u0101 laik\u0101 individu\u0101l\u0101s brauk\u0161anas prasmes uzlaboju\u0161i vair\u0101k k\u0101 10 000 autovad\u012bt\u0101ju. Konsult\u0101cijas autobrauc\u0113jiem tiek nodro\u0161in\u0101tas bezmaksas un t\u0101s tiek finans\u0113tas no Ce\u013cu satiksmes dro\u0161\u012bbas padomes l\u012bdzek\u013ciem \u2013 sauszemes transportl\u012bdzek\u013cu \u012bpa\u0161nieku civiltiesisk\u0101s atbild\u012bbas oblig\u0101t\u0101s apdro\u0161in\u0101\u0161anas pr\u0113mij\u0101m, ko ce\u013cu satiksmes negad\u012bjumu nov\u0113r\u0161anas pas\u0101kumu veik\u0161anai apdro\u0161in\u0101\u0161anas sabiedr\u012bbas katru ceturksni ieskaita biedr\u012bbas \u201cLatvijas Transportl\u012bdzek\u013cu apdro\u0161in\u0101t\u0101ju birojs\u201d (LTAB) kont\u0101.<\/p>\n","protected":false},"excerpt":{"rendered":"Bezmaksas ziemas brauk\u0161anas konsult\u0101cijas autovad\u012bt\u0101jiem \u0161oned\u0113\u013c notiks R\u012bg\u0101, Jelgav\u0101 un Valmier\u0101 12.01.2026. Iest\u0101joties past\u0101v\u012bgai ziemai, ce\u013ci Latvij\u0101 ir&hellip;\n","protected":false},"author":2,"featured_media":103042,"comment_status":"","ping_status":"","sticky":false,"template":"","format":"standard","meta":{"footnotes":""},"categories":[5],"tags":[23,28,29,32,33,22,30,31,35,39,38,36,37,34,40,20,26,27,24,25,21],"class_list":{"0":"post-103041","1":"post","2":"type-post","3":"status-publish","4":"format-standard","5":"has-post-thumbnail","7":"category-aktualitates","8":"tag-aktualitates","9":"tag-breaking-news","10":"tag-breakingnews","11":"tag-featured-news","12":"tag-featurednews","13":"tag-headlines","14":"tag-latest-news","15":"tag-latestnews","16":"tag-latvia","17":"tag-latvian","18":"tag-latviesu","19":"tag-latviesu-valoda","20":"tag-latviesuvaloda","21":"tag-latvija","22":"tag-lv","23":"tag-news","24":"tag-popularakas-zinas","25":"tag-popularakaszinas","26":"tag-top-stories","27":"tag-topstories","28":"tag-zinas"},"share_on_mastodon":{"url":"https:\/\/pubeurope.com\/@lv\/115887919733525225","error":""},"_links":{"self":[{"href":"https:\/\/www.europesays.com\/lv\/wp-json\/wp\/v2\/posts\/103041","targetHints":{"allow":["GET"]}}],"collection":[{"href":"https:\/\/www.europesays.com\/lv\/wp-json\/wp\/v2\/posts"}],"about":[{"href":"https:\/\/www.europesays.com\/lv\/wp-json\/wp\/v2\/types\/post"}],"author":[{"embeddable":true,"href":"https:\/\/www.europesays.com\/lv\/wp-json\/wp\/v2\/users\/2"}],"replies":[{"embeddable":true,"href":"https:\/\/www.europesays.com\/lv\/wp-json\/wp\/v2\/comments?post=103041"}],"version-history":[{"count":0,"href":"https:\/\/www.europesays.com\/lv\/wp-json\/wp\/v2\/posts\/103041\/revisions"}],"wp:featuredmedia":[{"embeddable":true,"href":"https:\/\/www.europesays.com\/lv\/wp-json\/wp\/v2\/media\/103042"}],"wp:attachment":[{"href":"https:\/\/www.europesays.com\/lv\/wp-json\/wp\/v2\/media?parent=103041"}],"wp:term":[{"taxonomy":"category","embeddable":true,"href":"https:\/\/www.europesays.com\/lv\/wp-json\/wp\/v2\/categories?post=103041"},{"taxonomy":"post_tag","embeddable":true,"href":"https:\/\/www.europesays.com\/lv\/wp-json\/wp\/v2\/tags?post=103041"}],"curies":[{"name":"wp","href":"https:\/\/api.w.org\/{rel}","templated":true}]}}