{"id":103046,"date":"2026-01-13T13:04:06","date_gmt":"2026-01-13T13:04:06","guid":{"rendered":"https:\/\/www.europesays.com\/lv\/103046\/"},"modified":"2026-01-13T13:04:06","modified_gmt":"2026-01-13T13:04:06","slug":"latviesiem-ir-jaiemacas-pardot-savus-veiksmes-stastus-saruna-ar-jauno-ltrk-vaditaju-katrinu-zarinu-raksts","status":"publish","type":"post","link":"https:\/\/www.europesays.com\/lv\/103046\/","title":{"rendered":"Latvie\u0161iem ir j\u0101iem\u0101c\u0101s \u00abp\u0101rdot\u00bb savus veiksmes st\u0101stus. Saruna ar jauno LTRK vad\u012bt\u0101ju Katr\u012bnu Zari\u0146u \/ Raksts"},"content":{"rendered":"<p>Eksporta un konkur\u0113tsp\u0113jas veicin\u0101\u0161ana ir t\u0101s lietas, uz kur\u0101m Latvijas Tirdzniec\u012bbas un r\u016bpniec\u012bbas kamera (LTRK) sav\u0101 turpm\u0101kaj\u0101\u00a0darb\u0101 fokus\u0113sies vair\u0101k, to intervij\u0101 LSM.lv atzina jaun\u0101 LTRK valdes priek\u0161s\u0113d\u0113t\u0101ja Katr\u012bna Zari\u0146a. Organiz\u0101cija \u0161aj\u0101 gad\u0101 koncentr\u0113sies ar\u012b uz n\u0101kam\u0101s Saeimas v\u0113l\u0113\u0161an\u0101m \u2013 jaut\u0101s un pras\u012bs politi\u0137iem t\u0101s lietas, kas ir svar\u012bgas uz\u0146\u0113m\u0113jiem, ar\u012b valsts un ekonomikas att\u012bst\u012bbai.<\/p>\n<p>Zari\u0146a pauda, ka Latvija\u00a0ekonomikas att\u012bst\u012bb\u0101 virz\u0101s l\u0113n\u0101k nek\u0101 kaimi\u0146valstis Igaunija un Lietuva un viena no probl\u0113m\u0101m var\u0113tu b\u016bt t\u0101, ka latvie\u0161i at\u0161\u0137ir\u012bb\u0101, piem\u0113ram, no igau\u0146iem neprot p\u0101rdot savus veiksmes st\u0101stu. &#8220;Mums ir j\u0101defin\u0113, kas ir tas, ko m\u0113s p\u0101rdodam. Kaut k\u0101du vienu galveno zi\u0146u vai\u00a0maksimums divas tr\u012bs. Un ka visi ar\u012b vien\u0101 m\u0113l\u0113 un visur par to run\u0101,&#8221; kl\u0101st\u012bja jaun\u0101 LTRK vad\u012bt\u0101ja.\u00a0<\/p>\n<p>\u012aSUM\u0100 no LTRK vad\u012bt\u0101jas intervij\u0101 teikt\u0101:\u00a0<\/p>\n<p>Ilze Z\u0101l\u012bte: J\u0101nis Endzi\u0146\u0161 ir beidzis darbu LTRK valdes priek\u0161s\u0113d\u0113t\u0101ja amat\u0101. Kas ir t\u0101s lietas, kas l\u012bdz \u0161im ir izdar\u012btas, un ko j\u016bs var\u0113tu p\u0101r\u0146emt no t\u0101, kas ir uzs\u0101kts?<\/p>\n<p class=\"note__heading\">Uzzi\u0146ai<\/p>\n<p>LTRK ir\u00a0liel\u0101k\u0101 uz\u0146\u0113m\u0113ju biedr\u012bba Latvij\u0101, kur\u0101 apvienoju\u0161ies vair\u0101k k\u0101 8000 biedru (2700 individu\u0101lie uz\u0146\u0113mumi un 5500 no uz\u0146\u0113m\u0113ju biedr\u012bb\u0101m) \u2013\u00a0visu re\u0123ionu\u00a0un nozaru mikro, mazie, vid\u0113jie un lielie uz\u0146\u0113mumi, asoci\u0101cijas, pils\u0113tu uz\u0146\u0113m\u0113ju klubi, un citas uz\u0146\u0113m\u0113ju apvien\u012bbas. LTRK biedru kop\u0113jais apgroz\u012bjums sasniedzis 17,2 miljardus eiro. Sal\u012bdzin\u0101jumam Latvijas iek\u0161zemes kopprodukts\u00a0faktiskaj\u0101s cen\u0101s 2024. gad\u0101 bija 40,2\u00a0miljardi\u00a0eiro.<\/p>\n<p>Avots: LTRK un Centr\u0101l\u0101 statistikas p\u0101rvalde\u00a0<\/p>\n<p style=\"margin-left:0cm; margin-right:0cm\">Katr\u012bna Zari\u0146a: Dro\u0161i vien tas, ko v\u0113rt\u012bgi atz\u012bm\u0113t ir tas, ka LTRK 2025. gad\u0101 svin\u0113ja savu devi\u0146desmitgadi. Esam organiz\u0101cija ar senu v\u0113sturi, ar pla\u0161u biedru loku. Un dro\u0161i vien ir svar\u012bgi nodal\u012bt LTRK administrat\u012bvo darbu, ko vada valdes priek\u0161s\u0113d\u0113t\u0101js, un saimniec\u012bbas pusi un politisko darbu, ko \u012bsteno LTRK padome un viss biedru kopums. Jo tad, kad LTRK valdes priek\u0161s\u0113d\u0113t\u0101js vai jebkur\u0161 cits iziet publiskaj\u0101 telp\u0101 ar k\u0101du viedokli, kaut ko saka vai dara, tas viss ir b\u0101z\u0113ts taj\u0101, ko LTRK biedri \u0161eit iek\u0161ien\u0113 jau ir izdiskut\u0113ju\u0161i, p\u0101rrun\u0101ju\u0161i un vienoju\u0161ies. (..) Organiz\u0101cija ir sp\u0113c\u012bga, mums ir iek\u0161\u0113jie procesi labi sak\u0101rtoti, un attiec\u012bb\u0101 uz \u0161o politisko darb\u012bbu m\u0113s visdr\u012bz\u0101k turpin\u0101sim t\u0101d\u0101 pa\u0161\u0101 form\u0101 un tur nek\u0101d\u0101m t\u0101d\u0101m\u00a0 milz\u012bg\u0101m izmai\u0146\u0101m nevajadz\u0113tu b\u016bt un t\u0101das netiek ar\u012b pl\u0101notas.\u00a0<\/p>\n<p style=\"margin-left:0cm; margin-right:0cm\">Tad ir saimnieciskais darbs, kas ir darbs ar biedriem. Tas ir viss LTRK pakalpojumu bloks, par kuru varb\u016bt publiskaj\u0101 telp\u0101 maz\u0101k dzird un redz, bet tas atkal ir redzam\u0101ks, dzirdams m\u016bsu biedriem. Tas ir komercbloks, pakalpojumi biedriem, vi\u0146u konkur\u0113tsp\u0113jas cel\u0161anai. Teiksim, da\u017e\u0101di semin\u0101ri, apm\u0101c\u012bbas, praktisk\u0101s darbn\u012bcas, veidi, k\u0101 nopirkt preces, pakalpojumus par izdev\u012bg\u0101k\u0101m cen\u0101m. Tas ir eksportsp\u0113jas cel\u0161anas bloks, kur m\u0113s organiz\u0113jam da\u017e\u0101das viz\u012btes, tostarp \u0101rvalstu viz\u012btes, \u0161eit ir ar\u012b kontaktbir\u017ea. T\u0101pat organiz\u0113jam da\u017e\u0101dus t\u012bklo\u0161an\u0101s pas\u0101kumus, kontakt\u0113\u0161anos, lai att\u012bst\u012btu jaunas biznesa idejas, jaunus biznesa kontaktus. (..) Tas, kur es redzu\u00a0liel\u0101ku iesaisti vai fokusu n\u0101kotn\u0113, ir pakalpojumu bloks, kur m\u0113s komersantiem pal\u012bdzam k\u013c\u016bt konkur\u0113tsp\u0113j\u012bg\u0101kiem visda\u017e\u0101d\u0101kajos\u00a0jom\u0101s un blokos.\u00a0<\/p>\n<p style=\"margin-left:0cm; margin-right:0cm\">Vai ar to dom\u0101jat, ka uz\u0146\u0113mumiem ir j\u0101pal\u012bdz v\u0113l vair\u0101k?\u00a0<\/p>\n<p style=\"margin-left:0cm; margin-right:0cm\">V\u0113sturiski LTRK ir tr\u012bs darb\u012bbas bloki: intere\u0161u p\u0101rst\u0101v\u012bba, konkur\u0113tsp\u0113jas cel\u0161ana un eksportsp\u0113jas veicin\u0101\u0161ana.\u00a0<\/p>\n<blockquote>\n<p style=\"margin-left:0cm; margin-right:0cm\">M\u0113s sav\u0101 darb\u012bb\u0101 p\u0113d\u0113jos gados esam \u013coti fokus\u0113jamies uz intere\u0161u p\u0101rst\u0101v\u012bbu. Bet m\u0113s redzam, ka biedriem ir piepras\u012bjums p\u0113c konkur\u0113tsp\u0113jas cel\u0161anas un eksportsp\u0113jas veicin\u0101\u0161anas.<a id=\"1\" name=\"1\"\/>\u00a0<\/p>\n<\/blockquote>\n<p style=\"margin-left:0cm; margin-right:0cm\">Tas noz\u012bm\u0113, ka mums tur ir vair\u0101k j\u0101nofokus\u0113jas. J\u0101saprot, kas ir tas unik\u0101l\u0101kais, ko tikai LTRK ar savu pasaules t\u012bklu vai pieeju un zin\u0101\u0161an\u0101m var uz\u0146\u0113m\u0113jiem iedot. K\u0101 to visu salikt kop\u0101 un pan\u0101kt to, ka m\u016bsu biedriem b\u016b\u0161ana LTRK ir saimnieciski izdev\u012bga. Nu t\u0101ds, es teiktu, ir varb\u016bt tas fokuss n\u0101kamajiem gadiem.\u00a0<\/p>\n<p class=\"note__heading\">Katr\u012bnas Zari\u0146as CV<\/p>\n<p>LTRK str\u0101d\u0101jusi 17 gadus.<\/p>\n<ul>\n<li>S\u0101kotn\u0113ji k\u0101 vad\u012bbas asistente, p\u0113c tam Politikas noda\u013cas vad\u012bt\u0101ja vietniece un Politikas noda\u013cas vad\u012bt\u0101ja.<\/li>\n<li>No 2016. gada l\u012bdz 2025. gadam bijusi LTRK valdes locekle, vienlaikus p\u0113d\u0113jos p\u0101ris gados ar\u012b\u00a0\u0100rlietu noda\u013cas vad\u012bt\u0101ja,\u00a0p\u0101rst\u0101vot Latvijas uz\u0146\u0113m\u0113ju intereses gan Eiropas, gan starptautiskaj\u0101 l\u012bmen\u012b.<\/li>\n<li>No 2025. gada 1. decembra ir LTRK valdes priek\u0161s\u0113d\u0113t\u0101ja.<\/li>\n<\/ul>\n<p>R\u012bgas\u00a0Biznesa augstskol\u0101 m\u0101c\u0101s ma\u0123istra programm\u0101 uz\u0146\u0113m\u0113jdarb\u012bbas vad\u012bbu\u00a0(MBA).\u00a0Vidzemes Augstskol\u0101 ieg\u016bts bakalaura gr\u0101ds politikas zin\u0101tn\u0113.<\/p>\n<p>Avots: LTRK<\/p>\n<p style=\"margin-left:0cm; margin-right:0cm\">Savuk\u0101rt, ja run\u0101 par LTRK intere\u0161u p\u0101rst\u0101v\u012bbas un politikas bloku, tad, protams, ka katru gadu t\u0101s darb\u012bbas priorit\u0101tes vai fokusi main\u0101s. Un ir piln\u012bgi skaidrs, ka 2026. gad\u0101 m\u0113s dom\u0101sim un skat\u012bsimies uz Saeimas v\u0113l\u0113\u0161anu procesu. Str\u0101d\u0101sim pie rekomend\u0101cij\u0101m, ko partij\u0101m iek\u013caut programm\u0101s tie\u0161i ekonomikas sada\u013c\u0101. (..) T\u0101pat notiek darbs pie Eiropas Savien\u012bbas daudzgadu bud\u017eeta. M\u0113s varb\u016bt \u0161eit, Latvij\u0101, nacion\u0101l\u0101 l\u012bmen\u012b par to run\u0101jam maz\u0101k, bet mums ir j\u0101run\u0101 un j\u0101dom\u0101, kur \u0161ie potenci\u0101lie l\u012bdzek\u013ci Latvijas ekonomik\u0101 ir nepiecie\u0161ami. Mums ir j\u0101run\u0101 ar Briseli, j\u0101lob\u0113, j\u0101run\u0101 ar citu valstu vad\u012bt\u0101jiem, lai to naudu ieg\u016btu sav\u0101 aploksn\u0113 un kur m\u0113s vi\u0146u t\u0113r\u0113sim? T\u0101 ir t\u0101da svar\u012bga diskusija, kas ir s\u0101kusies un visu gadu ar\u012b turpin\u0101sies.<\/p>\n<p style=\"margin-left:0cm; margin-right:0cm\">Divas lietas, kas v\u0113l noteikti j\u0101piemin. M\u0113s turpin\u0101sim ies\u0101kto darbu, kas ir birokr\u0101tijas mazin\u0101\u0161anas blok\u0101, jo J\u0101nis Endzi\u0146\u0161 \u0161o grupu vada un tur ir gan nepiecie\u0161am\u012bba, gan gaidas. (..) V\u0113l str\u0101d\u0101sim pie t\u0101, kas saist\u012bts ar darbasp\u0113ka pieejam\u012bbu un darbasp\u0113ka izmaks\u0101m. Tagad pla\u0161\u0101k izskata\u00a0groz\u012bjumus Darba likum\u0101 saist\u012bb\u0101 ar virsstundu apmaksu, bet tikpat svar\u012bgs ir ar\u012b jaut\u0101jums par darba nesp\u0113jas lap\u0101m un to izmaks\u0101m uz\u0146\u0113m\u0113jiem, par tirgus piepras\u012bjumam atbilsto\u0161a kvalitat\u012bva darbasp\u0113ka pieejam\u012bbu. M\u0113s run\u0101jam par izgl\u012bt\u012bbas jaut\u0101jumiem, par imigr\u0101cijas jaut\u0101jumiem, ilgsto\u0161\u0101 bezdarba problem\u0101tiku.\u00a0<\/p>\n<p style=\"margin-left:0cm; margin-right:0cm\">J\u016bs min\u0113j\u0101t nepiecie\u0161am\u012bbu vair\u0101k str\u0101d\u0101t pie eksportsp\u0113jas un konkur\u0113tsp\u0113jas stiprin\u0101\u0161anas. Vai jums jau ir kaut k\u0101das konkr\u0113tas ieceres, ko pl\u0101nojat pied\u0101v\u0101t saviem biedriem?\u00a0<\/p>\n<p style=\"margin-left:0cm; margin-right:0cm\">Mums jau ir virkne pakalpojumu, ko m\u0113s pied\u0101v\u0101jam. Mums katru gadu notiek ap 180 l\u012bdz 200 da\u017e\u0101du semin\u0101ru, apm\u0101c\u012bbu gan \u0161eit, R\u012bg\u0101, gan re\u0123ionos un gan kl\u0101tien\u0113, gan nekl\u0101tien\u0113 \u2013 tie\u0161saist\u0113. To m\u0113s turpin\u0101sim. Tas, kur m\u0113s skat\u012bsimies,\u00a0\u2013 varb\u016bt strat\u0113\u0123iski p\u0101rskat\u012bsim to fokusu, kas uz\u0146\u0113m\u0113jiem vair\u0101k nepiecie\u0161ams, kas vi\u0146us vair\u0101k interes\u0113. (..) T\u0101pat turpin\u0101sim\u00a0t\u012bklo\u0161an\u0101s pas\u0101kumus, sal\u012bdzin\u0101\u0161an\u0101s pieredzes apmai\u0146as braucienus pie uz\u0146\u0113mumiem, kuru ietvaros\u00a0uz\u0146\u0113mumu p\u0101rst\u0101vju grupa brauc pie viena uz\u0146\u0113muma. Lai viens otru nedaudz motiv\u0113tu, atbalst\u012btu un g\u016btu iedvesmu un ar\u012b t\u0101du re\u0101lu redz\u0113jumu, k\u0101 lietas notiek.\u00a0<\/p>\n<p style=\"margin-left:0cm; margin-right:0cm\">Ja run\u0101 par eksportsp\u0113ju,\u00a0mums ir\u00a0biznesa viz\u012btes, kuras m\u0113s organiz\u0113jam gan individu\u0101li, gan grup\u0101, izmantojot att\u012bst\u012bto m\u016bsu p\u0101rst\u0101vju t\u012bklu. Manupr\u0101t, [t\u012bkl\u0101] tagad ir k\u0101das 70 valstis. Ar\u012b, izmantojot glob\u0101lo Eiropas un pasaules kameru t\u012bklu, m\u0113s turpin\u0101m uztur\u0113t cie\u0161as attiec\u012bbas un sl\u0113dzam da\u017e\u0101dus sadarb\u012bbas memorandus, lai \u0161\u012bs attiec\u012bbas ar\u012b institucionaliz\u0113tu. Mums ir pieredzes apmai\u0146as pas\u0101kumi, eksporta brokastis, apm\u0101c\u012bbas, da\u017e\u0101di semin\u0101ri, tostarp par \u0101r\u0113jiem tirgiem, specifiskiem tirgiem. T\u016bl\u012bt b\u016bs vebin\u0101rs par Ruandas tirgu, iedodot t\u0101du ekskluzivit\u0101ti sav\u0101 zi\u0146\u0101. Dro\u0161i vien\u00a0visiem ir pieejama inform\u0101cija par Zviedrijas un D\u0101nijas tirgu, bet par Ruandu ir maz zin\u0101ms.<\/p>\n<blockquote>\n<p style=\"margin-left:0cm; margin-right:0cm\">M\u0113s ar\u012b \u0161ogad pl\u0101nojam s\u0101kt\u00a0s\u0113riju ar semin\u0101riem par da\u017e\u0101du starptautisko instit\u016bciju iepirkumiem un Latvijas uz\u0146\u0113mumu iesp\u0113j\u0101m tajos.<a id=\"3\" name=\"3\"\/><\/p>\n<\/blockquote>\n<p style=\"margin-left:0cm; margin-right:0cm\">T\u0101tad Pasaules Bankas, OECD (Ekonomisk\u0101s sadarb\u012bbas un att\u012bst\u012bbas organiz\u0101cijas) l\u012bmen\u012b, k\u0101das ir iesp\u0113jas ar\u012b NATO iepirkumos un k\u0101 \u0161is process tiek organiz\u0113ts.\u00a0<\/p>\n<p style=\"margin-left:0cm; margin-right:0cm\">Piemin\u0113j\u0101t Endzi\u0146a kungu, kur\u0161 ir k\u013cuvis par galveno birokr\u0101tijas apkarot\u0101ju. T\u0101lu vi\u0146\u0161 no LTRK nav aizg\u0101jis, jo algu par darbu\u00a0 birokr\u0101tijas apkaro\u0161an\u0101 vi\u0146am maks\u0101 kamera. LTRK tad dro\u0161i vien ir k\u0101das gaidas. K\u0101das ir t\u0101s galven\u0101s lietas, ko j\u016bs cerat prim\u0101ri risin\u0101t birokr\u0101tijas apkaro\u0161anas\u00a0jom\u0101?\u00a0<\/p>\n<p style=\"margin-left:0cm; margin-right:0cm\">M\u0113s iek\u0161\u0113ji sak\u0101m, ka J\u0101nis Endzi\u0146\u0161 ir devies komand\u0113jum\u0101 vai misij\u0101. M\u0113s vi\u0146u tur esam nos\u016bt\u012bju\u0161i, vi\u0146\u0161 ir uz\u0146\u0113mies \u0161o darbu. M\u0113s visi saprotam, ka tas nav tik vienk\u0101r\u0161i, k\u0101 varb\u016bt\u00a0\u0161\u0137iet. Jau pag\u0101ju\u0161ogad, kad darbs s\u0101k\u0101s, m\u0113s aicin\u0101j\u0101m biedrus s\u016bt\u012bt savus priek\u0161likumus un savas pieredzes par slogu, konkr\u0113tus piem\u0113rus, kur tad \u0161is slogs izpau\u017eas un k\u0101 to var\u0113tu mazin\u0101t. Ko vi\u0146i no savas praktisk\u0101s pieredzes redz, ka vi\u0146i nesaprot, k\u0101d\u0113\u013c tas tiek dar\u012bts un vai to tie\u0161\u0101m vajag. To m\u0113s turpin\u0101m ar\u012b \u0161obr\u012bd. M\u0113s esam t\u0101ds kan\u0101ls, pa kuru inform\u0101cija pl\u016bst pie J\u0101\u0146a Endzi\u0146a par \u0161o slogu, kur tas ir fiks\u0113ts. Vi\u0146\u0161 t\u0101l\u0101k\u00a0tad attiec\u012bgi taj\u0101 maz\u0101kaj\u0101 grup\u0101, kur\u0101 vi\u0146\u0161 ir, papildus tam v\u0113l v\u0101c [inform\u0101ciju] ar\u012b no cit\u0101m nozaru asoci\u0101cij\u0101m. Str\u0101d\u0101jot ar\u012b ar ministrij\u0101m un pak\u013caut\u012bbas iest\u0101d\u0113m, veidojas t\u0101ds saraksts, kur ir kaut k\u0101das probl\u0113mas un k\u0101 t\u0101s risin\u0101t.\u00a0<\/p>\n<blockquote>\n<p style=\"margin-left:0cm; margin-right:0cm\">M\u0113s neesam pateiku\u0161i, ka j\u0101b\u016bt rezult\u0101tam p\u0113c 100 dien\u0101m vai p\u0113c 20 dien\u0101m vai 20 m\u0113ne\u0161iem. M\u0113s saprotam, ka tas ir process.\u00a0<\/p>\n<\/blockquote>\n<p style=\"margin-left:0cm; margin-right:0cm\">No vienas puses, tam ir pla\u0161s atbalsts t\u0101p\u0113c, ka birokr\u0101tijas apkaro\u0161ana ir visp\u0101r\u0113ja un kop\u0113j\u0101 tendence gan Eirop\u0101, gan \u0161eit nacion\u0101l\u0101 l\u012bmen\u012b. T\u0101p\u0113c ar\u012b J\u0101nis Endzi\u0146\u0161 ir misij\u0101. Bet t\u0101pat m\u0113s saprotam, ka J\u0101nis Endzi\u0146\u0161 nepie\u0146em gala l\u0113mumu. To l\u0113mumu jau beig\u0101s pie\u0146em Ministru kabinets vai Saeimas komisija atkar\u012bb\u0101 no t\u0101, kur tas priek\u0161likums iegu\u013cas. M\u0113s no savas puses da\u017e\u0101dos form\u0101tos un ar\u012b sav\u0101 \u0101r\u0113j\u0101 komunik\u0101cij\u0101, iek\u0161\u0113j\u0101 komunik\u0101cij\u0101 ar biedriem atbalst\u0101m, ka \u0161is process virz\u0101s uz priek\u0161u, izdar\u0101m ar\u012b publisku spiedienu un da\u017e\u0101das aktivit\u0101tes, lai tad, kad vi\u0146\u0161 \u0161os priek\u0161likumus aiznes, lai politi\u0137i saprot, ka, j\u0101, j\u0101izv\u0113rt\u0113, bet tad vai nu j\u0101pasaka j\u0101 vai n\u0113. Nu kr\u0101jam t\u0101du statistiku. Jo beig\u0101s tas ir politi\u0137u l\u0113mums kaut ko main\u012bt vai nemain\u012bt. M\u0113s esam procesa da\u013ca taj\u0101 vis\u0101.\u00a0<\/p>\n<p style=\"margin-left:0cm; margin-right:0cm\">Vai j\u016bs var\u0113tu skaidri defin\u0113t, kas \u0161obr\u012bd ir t\u0101s galven\u0101s lietas, kas satrauc uz\u0146\u0113mumus Latvij\u0101?<\/p>\n<p style=\"margin-left:0cm; margin-right:0cm\">Es neatk\u0101rto\u0161os par to birokr\u0101tijas slogu. Tas, protams, par\u0101d\u0101s un atk\u0101rtojas. T\u0101pat darbasp\u0113ka pieejam\u012bba un darbasp\u0113ka izmaksas. T\u0101 ir finan\u0161u pieejam\u012bba. Tas ar\u012b ir koks ar diviem galiem, tas nav tik vienk\u0101r\u0161i.\u00a0<\/p>\n<p style=\"margin-left:0cm; margin-right:0cm\">Bankas nedod kred\u012btus uz\u0146\u0113mumiem?\u00a0<\/p>\n<p style=\"margin-left:0cm; margin-right:0cm\">Saska\u0146\u0101 ar statistiku bankas dod vair\u0101k kred\u012btus nek\u0101 pirms tam. Tur, protams, var b\u016bt vair\u0101ki iemesli, k\u0101p\u0113c tas t\u0101 ir. Tur var b\u016bt tas, ka bankas\u00a0dod vair\u0101k [kred\u012btus] vai ar\u012b uz\u0146\u0113m\u0113ji vienk\u0101r\u0161i piepras\u012bju\u0161i vair\u0101k.\u00a0<\/p>\n<blockquote>\n<p style=\"margin-left:0cm; margin-right:0cm\">P\u0113d\u0113jos piecos gados turbulence uz\u0146\u0113m\u0113jdarb\u012bbas vid\u0113 un ekonomik\u0101 bijusi\u00a0diezgan augsta. Kovids, kar\u0161 Ukrain\u0101, ener\u0123\u0113tikas kr\u012bze, [ASV prezidenta Donalda] Trampa tarifu kari un zin\u0101ma nenoteikt\u012bba.\u00a0<\/p>\n<\/blockquote>\n<p style=\"margin-left:0cm; margin-right:0cm\">Varb\u016bt tas Trampa tarifu st\u0101sts ne tie\u0161\u0101 veid\u0101 ietekm\u0113 Latvijas uz\u0146\u0113mumus, bet ietekm\u0113 t\u0101s valstis un to valstu uz\u0146\u0113mumus, kas ir m\u016bsu galvenie eksporta partneri. T\u0101da\u00a0sa\u0161\u016bpo\u0161an\u0101s m\u016bsu galvenajos eksporta tirgos ar\u012b ir atst\u0101jusi zin\u0101mu ietekmi.<\/p>\n<p style=\"margin-left:0cm; margin-right:0cm\">Tas, k\u0101 m\u0113s to redzam, ka, iesp\u0113jams, vienk\u0101r\u0161i viss ir l\u012bdzsvarojies vai nostabiliz\u0113jies, ar\u012b infl\u0101cijas k\u0101pums ir nostabiliz\u0113jies. Uz\u0146\u0113mumi vienk\u0101r\u0161i atliktos projektus vai lietas s\u0101ku\u0161i realiz\u0113t, un tam varb\u016bt nav tie\u0161a sakara ar to, vai bankas dod [kred\u012btu] vai nedod. Ja run\u0101 ar uz\u0146\u0113m\u0113jiem, tad, protams,\u00a0vi\u0146i joproj\u0101m v\u0113r\u0161 uzman\u012bbu gan uz augstaj\u0101m kred\u012btu procentu likm\u0113m, gan ar\u012b uz nodro\u0161in\u0101juma pras\u012bb\u0101m, ka t\u0101s ir p\u0101rm\u0113r\u012bgas. Tu ne tikai atbildi ar uz\u0146\u0113muma mantu \u013coti daudzos gad\u012bjumos vai ej iek\u0161\u0101 ar savu person\u012bgo mantu un ne tikai savu, bet, iesp\u0113jams, pat v\u0113l pla\u0161\u0101ku. Tas, p\u0113c uz\u0146\u0113m\u0113ju dom\u0101m, ir nesam\u0113r\u012bgi. Tad ir redzams, ka uz\u0146\u0113mums att\u012bst\u012bbu finans\u0113 no uzkr\u0101tajiem pa\u0161u resursiem, nevis aiziet uz banku un pa\u0146em finans\u0113jumu, bet vi\u0146i kr\u0101j, kr\u0101j, kr\u0101j, sakr\u0101j un tad nofinans\u0113 pa\u0161i no saviem l\u012bdzek\u013ciem.\u00a0<\/p>\n<p style=\"margin-left:0cm; margin-right:0cm\">Latvijas Banka \u2013 un ne tikai t\u0101 \u2013 satraucas, ka Latvij\u0101 ir maz att\u012bst\u012bts kapit\u0101la tirgus. K\u0101 j\u016bs dom\u0101jat, vai uz\u0146\u0113m\u0113ji baid\u0101s iet bir\u017e\u0101, vai ir citi iemesli, k\u0101p\u0113c nav tik daudz uz\u0146\u0113mumu bir\u017e\u0101?\u00a0<\/p>\n<p style=\"margin-left:0cm; margin-right:0cm\">Es dom\u0101ju, ka tas ir\u00a0zin\u0101\u0161anu jaut\u0101jums. Daudziem uz\u0146\u0113mumiem nav izpratnes par to, k\u0101 tas str\u0101d\u0101, k\u0101 tas darbojas. M\u0113s redzam, ka p\u0113d\u0113jos gados ir redzams strauj\u0161 k\u0101pums. Dro\u0161i vien ar\u012b liel\u0101 m\u0113r\u0101 t\u0101d\u0113\u013c, ka &#8220;Altum&#8221; bija atbalsta programma mazajiem un\u00a0vid\u0113jiem uz\u0146\u0113mumiem ieie\u0161anai kapit\u0101la tirg\u016b, kas dro\u0161i vien veicin\u0101ja diskusiju un izpratni par \u0161o procesu. Ja dom\u0101 par n\u0101kotni, tad t\u0101ds fonds dro\u0161i vien ir v\u0113rt\u012bgs un ir turpin\u0101ms.\u00a0<\/p>\n<p style=\"margin-left:0cm; margin-right:0cm\">M\u0113s esam run\u0101ju\u0161i par to, ka uz\u0146\u0113mumi ar\u012b diskusij\u0101s \u013coti fokus\u0113jas uz komercbanku kred\u012btiem. Kaut gan\u00a0ir kapit\u0101la tirgus, da\u017e\u0101di riska kapit\u0101la fondi, ir da\u017e\u0101di citi finans\u0113\u0161anas\u00a0r\u012bki un iesp\u0113jas, kurus uz\u0146\u0113m\u0113ji varb\u016bt pat nep\u0101rzina. (..) Iesp\u0113jams, j\u0101n\u0101k kop\u0101 ar visu finans\u0113\u0161anas bloku, kas ir ne tikai banku kred\u012bti, bet ar\u012b riska kapit\u0101ls, nebanku finans\u0113jums, &#8220;fintech&#8221;, biznesa e\u0146\u0123e\u013ci, un j\u0101st\u0101sta uz\u0146\u0113m\u0113jiem, k\u0101das tad ir t\u0101s iesp\u0113jas. Te gan\u00a0ir svar\u012bgi no\u0161\u0137irt vid\u0113jos un lielos uz\u0146\u0113mumus.<a id=\"4\" name=\"4\"\/>\u00a0<\/p>\n<blockquote>\n<p style=\"margin-left:0cm; margin-right:0cm\">Lielajiem uz\u0146\u0113mumiem finans\u0113juma probl\u0113ma ir sal\u012bdzino\u0161i minim\u0101la. Tikm\u0113r maz\u0101kiem uz\u0146\u0113mumiem t\u0101 ir liel\u0101ka probl\u0113ma. M\u0113s redzam t\u0101du lomu taj\u0101 izgl\u012bto\u0161anas darb\u0101, saprast pla\u0161\u0101k un vair\u0101k.\u00a0<\/p>\n<\/blockquote>\n<p style=\"margin-left:0cm; margin-right:0cm\">Bet v\u0113l par kapit\u0101la tirgus att\u012bst\u012bbu ir aktu\u0101la\u00a0diskusija par valsts un pa\u0161vald\u012bbu kapit\u0101lsabiedr\u012bbu kot\u0113\u0161ana bir\u017e\u0101. Mums par to ir biju\u0161as virkne sarunu un b\u016bs v\u0113l, bet m\u0113s sliecamies uzskat\u012bt, ka tas b\u016btu j\u0101dara tur, kur tas ir iesp\u0113jams un kur ir ekonomisk\u0101 lo\u0123ika.<a id=\"5\" name=\"5\"\/>\u00a0Ir j\u0101kot\u0113 \u0161ie valsts un pa\u0161vald\u012bbu uz\u0146\u0113mumi bir\u017e\u0101, j\u0101piesaista kapit\u0101ls, tiem ir j\u0101aug, j\u0101att\u012bst\u0101s. Tas veicin\u0101tu kopum\u0101\u00a0to aktivit\u0101tes l\u012bmeni [kapit\u0101la tirg\u016b], ar\u012b investoru uztic\u012bbu visam \u0161im procesam. Tas ir j\u0101dara, tas ir process, uz ko ir pak\u0101peniski vai pat diezgan strauji j\u0101iet. M\u0113s redzam, ka Igaunijas pasts kot\u0113sies bir\u017e\u0101, kam\u0113r m\u0113s par t\u0101du iesp\u0113ju pat nerun\u0101jam.\u00a0<\/p>\n<p style=\"margin-left:0cm; margin-right:0cm\">J\u016bs pie probl\u0113m\u0101m min\u0113j\u0101t darbasp\u0113ka pieejam\u012bbu, birokr\u0101tiju. Ir v\u0113l kaut k\u0101das lietas, kas satrauc uz\u0146\u0113m\u0113jus? Piem\u0113ram, Latvijas Universit\u0101tes &#8220;Ekonomikas barometrs&#8221; par\u0101d\u012bja, ka uz\u0146\u0113m\u0113jus satrauc ar\u012b \u0123eopolitisk\u0101 situ\u0101cija.\u00a0<\/p>\n<p style=\"margin-left:0cm; margin-right:0cm\">Dro\u0161\u012bbas jaut\u0101jums ir aktu\u0101ls, protams, ka tas satrauc. Ja run\u0101jam par uz\u0146\u0113mumiem re\u0123ionos, piem\u0113ram, Latgal\u0113, tad vi\u0146i to izj\u016bt daudz skaudr\u0101k. Tur jau piemin\u0113t\u0101 kred\u012btu un jebk\u0101du citu\u00a0finan\u0161u pieejam\u012bba uz\u0146\u0113mumu att\u012bst\u012bbai ir sare\u017e\u0123\u012bta, jo tur ir tas robe\u017eas tuvuma faktors, kas tom\u0113r ietekm\u0113. (..)\u00a0<\/p>\n<p style=\"margin-left:0cm; margin-right:0cm\">Bet st\u0101sts laikam\u00a0ir ar\u012b par to, k\u0101 m\u0113s r\u012bkojamies? Vai m\u0113s tikai ba\u017e\u012bjamies, vai m\u0113s skat\u0101mies, k\u0101, piem\u0113ram, tagad \u0161ie 5\u00a0% no iek\u0161zemes kopprodukta (IKP), kas tiek novirz\u012bti aizsardz\u012bbas sp\u0113ju stiprin\u0101\u0161anai, k\u0101 \u0161ie resursi var pal\u012bdz\u0113t ar\u012b Latvijas ekonomikai.\u00a0<\/p>\n<blockquote>\n<p style=\"margin-left:0cm; margin-right:0cm\">Nevis tikai iepirkt aizsardz\u012bbas sp\u0113jas no kaut k\u0101da \u0101rvalstu pieg\u0101d\u0101t\u0101ja, bet skat\u012bties ar\u012b, k\u0101 m\u0113s varam att\u012bst\u012bt savu r\u016bpniec\u012bbu un savu industriju \u0161eit uz vietas.<a id=\"6\" name=\"6\"\/>\u00a0<\/p>\n<\/blockquote>\n<p style=\"margin-left:0cm; margin-right:0cm\">Tas nav st\u0101sts tikai par mun\u012bciju un tankiem, bet ar\u012b par divej\u0101das pielietojam\u012bbas prec\u0113m un pakalpojumiem, att\u012bst\u012bt ar\u012b inov\u0101cijas un da\u017e\u0101dus digit\u0101los risin\u0101jumus. Izmantot \u0161o naudu gudri Latvijas ekonomikas att\u012bst\u012bbai.\u00a0<\/p>\n<p style=\"margin-left:0cm; margin-right:0cm\">V\u0113l liela probl\u0113ma Latvij\u0101 ir demogr\u0101fija. Visi uz\u0146\u0113mumi, kas dom\u0101 par att\u012bst\u012bbu un n\u0101kotni, ar\u012b redz t\u0101 saucam\u0101s demogr\u0101fijas egles un to, ka iedz\u012bvot\u0101ju skaits Latvij\u0101 p\u0113c 20\u201350 gadiem b\u016bs strauji samazin\u0101jies. Jau tagad probl\u0113mas ar darbasp\u0113ka pieejam\u012bbu spie\u017e uz darba samaksu. Darba samaksa pieaug, bet darba ra\u017e\u012bgums netiek tam l\u012bdzi. Produktivit\u0101tes r\u0101d\u012bt\u0101js Latvij\u0101 ir 54\u00a0% no Eiropas Savien\u012bbas vid\u0113j\u0101 r\u0101d\u012bt\u0101ja.\u00a0<\/p>\n<p style=\"margin-left:0cm; margin-right:0cm\">Ja t\u0101 darbasp\u0113ka pieejam\u012bba, izmaksas un tas spiediens uz alg\u0101m pieaug un invest\u012bcijas produktivit\u0101t\u0113 netiek l\u012bdzi samaksas pieaugumam, nu tur veidojas t\u0101da \u013coti negat\u012bva n\u0101kotnes fotogr\u0101fija. Lai ar\u012b t\u0101 ir n\u0101kotne, jau \u0161odien ir j\u0101dom\u0101 un j\u0101skat\u0101s tie risin\u0101jumi, lai to atrisin\u0101tu. Un imigr\u0101cijas politika ir viena no risin\u0101jumiem.\u00a0<\/p>\n<p style=\"margin-left:0cm; margin-right:0cm\">Tan\u012b pa\u0161\u0101 laik\u0101 Latvij\u0101 ir sam\u0113r\u0101 augsts bezdarba l\u012bmenis. Da\u013cas darbasp\u0113ka prasmju\u00a0neatbilst uz\u0146\u0113m\u0113ju pras\u012bb\u0101m. Ko uz\u0146\u0113m\u0113ji dara, lai \u0161o br\u012bvo darbasp\u0113ku piel\u0101gotu sav\u0101m vajadz\u012bb\u0101m?<\/p>\n<p style=\"margin-left:0cm; margin-right:0cm\">6\u00a0%\u20137\u00a0% nav augsts bezdarbs.\u00a0<\/p>\n<p style=\"margin-left:0cm; margin-right:0cm\">Bet, piem\u0113ram, V\u0101cij\u0101 ir daudz zem\u0101ks.\u00a0<\/p>\n<p style=\"margin-left:0cm; margin-right:0cm\">Tas ir fakts par\u00a0izgl\u012bt\u012bbas sist\u0113mu un tas, k\u0101 t\u0101s darbasp\u0113ka prasmes neatbilst tam, kas ir nepiecie\u0161ams darba tirgum. Tur, protams, t\u0101 plaisa past\u0101v. Un par to m\u0113s ar\u012b k\u0101 LTRK daudz esam run\u0101ju\u0161i. Dro\u0161i vien j\u0101skat\u0101s un j\u0101model\u0113, kas tad ir t\u0101s prasmes vai izgl\u012bt\u012bbas programmas, kas ir nepiecie\u0161amas darba tirg\u016b un k\u0101 \u0161\u012bs programmas var strauj\u0101k piel\u0101got \u0161im piepras\u012bjumam. (..) M\u0113s no savas puses esam aicin\u0101ju\u0161i profesion\u0101laj\u0101 izgl\u012bt\u012bb\u0101 palielin\u0101t to laiku, ko jaunietis praks\u0113 pavada uz\u0146\u0113mum\u0101.\u00a0<\/p>\n<p style=\"margin-left:0cm; margin-right:0cm\">Katr\u0101 zi\u0146\u0101 pie t\u0101 izgl\u012bt\u012bbas st\u0101sta, izgl\u012bt\u012bbas kvalit\u0101tes un darbasp\u0113ka atbilst\u012bbas piepras\u012bjumam noteikti ir j\u0101turpina str\u0101d\u0101t. Un uz\u0146\u0113mumi paties\u012bb\u0101 iegulda gan savus l\u012bdzek\u013cus, gan izmanto da\u017e\u0101das fondu finans\u0113tas programmas tie\u0161i darbinieku prasmju cel\u0161anai vai eso\u0161o darbinieku p\u0101rkvalific\u0113\u0161anai.\u00a0<\/p>\n<blockquote>\n<p style=\"margin-left:0cm; margin-right:0cm\">Ar\u012b industrijas main\u0101s, main\u0101s piepras\u012bjums industrij\u0101s. Sp\u0113ja m\u0101c\u012bties un adapt\u0113ties ir m\u016bsdienu tendence, un uz\u0146\u0113mumi to labi saprot.\u00a0<\/p>\n<\/blockquote>\n<p>Es teiktu, ka tie, kas grib un var str\u0101d\u0101t, tie ar\u012b vair\u0101k vai maz\u0101k str\u0101d\u0101.\u00a0<\/p>\n<p>Igaunija un Lietuva ekonomikas att\u012bst\u012bb\u0101 ir apsteigu\u0161as Latviju. Kas ir j\u0101dara, lai Latvija tuvin\u0101tos kaimi\u0146valstu l\u012bmenim?\u00a0<\/p>\n<p style=\"margin-left:0cm; margin-right:0cm\">No m\u016bsu kaimi\u0146iem dro\u0161i vien j\u0101m\u0101c\u0101s tas lab\u0101kais, ko vi\u0146i dara. Par Igauniju man tie\u0161i nesen bija saruna, ka vi\u0146i ir \u013coti slaveni ar savu digit\u0101lo st\u0101stu un vi\u0146i \u013coti veiksm\u012bgi p\u0101rdod savu &#8220;e-rezidences&#8221; st\u0101stu. Un es nezinu, cik tas ir zin\u0101ms, bet Latvij\u0101 ar\u012b ir t\u0101da eID karte \u0101rzemniekam, kas b\u016bt\u012bb\u0101 ir t\u0101 pati igau\u0146u &#8220;e-rezidence&#8221;. Nu t\u0101 at\u0161\u0137ir\u012bba ir m\u0101rketing\u0101.\u00a0<\/p>\n<p style=\"margin-left:0cm; margin-right:0cm\">Latvie\u0161iem\u00a0ir j\u0101iem\u0101c\u0101s sevi p\u0101rdot?\u00a0<\/p>\n<p style=\"margin-left:0cm; margin-right:0cm\">Es t\u0101 teiktu, j\u0101. Pirm\u0101m k\u0101rt\u0101m, mums ir j\u0101defin\u0113, kas ir tas, ko m\u0113s p\u0101rdodam. Kaut k\u0101du vienu galveno zi\u0146u vai maksimums\u00a0divas tr\u012bs. Un ka visi ar\u012b vien\u0101 m\u0113l\u0113 un visur par to run\u0101, kad brauc uz \u0101rzem\u0113m vai iet kaut kur. Es nerun\u0101ju tikai par valsts augst\u0101kaj\u0101m amatperson\u0101m, bet par visiem, ka m\u0113s k\u0101 n\u0101cija zin\u0101m, kas ir tas, ko m\u0113s visi kop\u0101 p\u0101rdodam, lai \u0161\u012b valsts un \u0161\u012bs valsts ekonomika augtu, att\u012bst\u012btos, un t\u0101 m\u016bsu labb\u016bt\u012bba un labkl\u0101j\u012bba pieaugtu. Jo igau\u0146i m\u0101k p\u0101rdot, vi\u0146i ir iem\u0101c\u012bju\u0161ies m\u0101rket\u0113t, past\u0101st\u012bt to st\u0101stu. Un, ja k\u0101dreiz kaut kur san\u0101k run\u0101t ar citu valstu p\u0101rst\u0101vjiem, vi\u0146i saka \u2013 Igaunijai jau tie digit\u0101lie risin\u0101jumi. Bet mums ar\u012b ir un mums daudzos gad\u012bjumos pat ir lab\u0101ki. Ja m\u0113s skat\u0101mies digit\u0101lajos r\u0101d\u012bt\u0101jos, tad mums publiskais sektors visp\u0101r ir \u013coti t\u0101lu priek\u0161\u0101 ar visiem tiem publiskajiem pakalpojumiem, kas mums ir pieejami digit\u0101laj\u0101 vid\u0113.\u00a0<\/p>\n<blockquote>\n<p style=\"margin-left:0cm; margin-right:0cm\">M\u0113s esam \u013coti labi att\u012bst\u012bti, un t\u0101 ir kaut k\u0101da lieta, ko p\u0101rdot ar\u012b m\u016bsu partneriem. Tai pa\u0161ai V\u0101cijai, kas paties\u012bb\u0101 pamat\u012bgi atpaliek taj\u0101 st\u0101st\u0101.<a id=\"8\" name=\"8\"\/>\u00a0<\/p>\n<\/blockquote>\n<p style=\"margin-left:0cm; margin-right:0cm\">Es teiktu, ka no igau\u0146iem mums vajadz\u0113tu pam\u0101c\u012bties prasmi p\u0101rdot un reklam\u0113t, izst\u0101st\u012bt st\u0101stu.\u00a0<\/p>\n<p style=\"margin-left:0cm; margin-right:0cm\">Lietuva t\u0101 pa kluso aizg\u0101ja mums gar\u0101m, neviens pat nepaman\u012bja l\u012bdz br\u012bdim &#8220;X&#8221;.\u00a0Man ir biju\u0161as sarunas ar\u012b Lietuvas\u00a0kol\u0113\u0123iem.\u00a0Vi\u0146i ir saj\u016bsm\u0101 par Latviju, un m\u0113s esam saj\u016bsm\u0101 par Lietuvu. (..) Vi\u0146i kaut k\u0101 prot t\u0101s invest\u012bcijas piesaist\u012bt. Un, ja m\u0113s paskat\u0101mies uz ekonomikas strukt\u016bru, tad gan Igaunij\u0101, gan Lietuv\u0101 ir liel\u0101ks skaits ar lieliem uz\u0146\u0113mumiem nek\u0101 Latvij\u0101. Un v\u0113l igau\u0146iem ir viss tas &#8220;starp-up&#8221;, inovat\u012bvais un jaunuz\u0146\u0113mumu bums. (..) M\u0113s kaut k\u0101 l\u0113n\u0101m skrienam.\u00a0B\u016bt\u012bb\u0101 visas tr\u012bs Baltijas valstis skrien vien\u0101 virzien\u0101, bet m\u0113s to l\u0113n\u0101k\u00a0dar\u0101m. Un tad viens uz otru skat\u0101mies un sal\u012bdzin\u0101mies. Vajadz\u0113tu vair\u0101k kop\u0101 dar\u012bt.\u00a0<\/p>\n<p style=\"margin-left:0cm; margin-right:0cm\">Tuvoj\u0101s Saeimas v\u0113l\u0113\u0161anas. J\u016bs jau tam piesk\u0101r\u0101ties. Varb\u016bt varat pateikt, kas b\u016bs t\u0101s lietas, ko LTRK v\u0113rt\u0113s politi\u0137u sol\u012bjumos un k\u0101das lietas pras\u012bs risin\u0101t.\u00a0<\/p>\n<p style=\"margin-left:0cm; margin-right:0cm\"><a id=\"9\" name=\"9\"\/>M\u0113s pie t\u0101 str\u0101d\u0101jam. Mums v\u0113l nav konkr\u0113ta saraksta. Uz iepriek\u0161\u0113j\u0101m v\u0113l\u0113\u0161an\u0101m mums bija 25 punkti. Tas bija saraksts kop\u0101 ar Latvijas Darba dev\u0113ju konfeder\u0101ciju. M\u0113s pa\u0146emsim to 25 punktu sarakstu un pav\u0113rt\u0113sim, kas tur politi\u0137iem ir un kas nav san\u0101cis,\u00a0un dro\u0161i vien lemsim, ko un k\u0101 p\u0101rlikt\u00a0uz jauno sarakstu.\u00a0<\/p>\n<blockquote>\n<p style=\"margin-left:0cm; margin-right:0cm\">Bet m\u016bsu m\u0113r\u0137is ir tom\u0113r nodefin\u0113t tr\u012bs \u010detrus galvenos punktus, ko m\u0113s redzam, ko vajadz\u0113tu dar\u012bt. Mums b\u016bs iek\u0161\u0113j\u0101s diskusijas.\u00a0<\/p>\n<\/blockquote>\n<p style=\"margin-left:0cm; margin-right:0cm\">Mums b\u016bs \u0161ie priek\u0161likumi partiju programm\u0101m. Str\u0101d\u0101sim ar politiskaj\u0101m partij\u0101m, lai pirm\u0101m k\u0101rt\u0101m vi\u0146i izmanto tos m\u016bsu ieteikumus un liek sav\u0101s programm\u0101s. Tas ir m\u0113r\u0137is viens. P\u0113c tam organiz\u0113sim dro\u0161i vien da\u017e\u0101das diskusijas ar premjera amata kandid\u0101tiem, tad ar nozaru ministru amata kandid\u0101tiem vis\u0101 m\u016bsu viedok\u013cu veido\u0161anas sist\u0113m\u0101, kur mums ir da\u017e\u0101das nozaru intere\u0161u padomes un komitejas. Tad nu v\u0113t\u012bsim tos kandid\u0101tus vienu p\u0113c otra, smuki cauri diskut\u0113sim. Nu t\u0101 posmu pa posmam. (..)\u00a0<\/p>\n<p style=\"margin-left:0cm; margin-right:0cm\">M\u016bsu darbs \u0161in\u012b st\u0101st\u0101 ir izgl\u012btojo\u0161s. Par\u0101d\u012bt uz\u0146\u0113m\u0113jiem, par ko balsot. Katram pa\u0161am\u00a0j\u0101pie\u0146em l\u0113mums individu\u0101li. M\u016bsu uzdevums \u0161eit ir vienk\u0101r\u0161i par\u0101d\u012bt, k\u0101 partijas dom\u0101 par ekonomiku\u00a0vai valsts att\u012bst\u012bbu, k\u0101d\u0101 virzien\u0101 t\u0101s iet, cik t\u0101s ir gatavas sadarboties ar LTRK un pa\u0146emt m\u016bsu idejas un priek\u0161likumus un ielikt tos sav\u0101 sav\u0101s programm\u0101s, un cik vi\u0146i ir ar\u012b atsauc\u012bgi piedal\u012bties da\u017e\u0101d\u0101s diskusij\u0101s un k\u0101 vi\u0146i visp\u0101r sp\u0113j katrs k\u0101 kandid\u0101ts atbild\u0113t uz jaut\u0101jumiem vai izkl\u0101st\u012bt domu. Un tad jau uz\u0146\u0113m\u0113ji to visu redz, un tad vi\u0146i var pie\u0146emt t\u0101du izgl\u012btotu l\u0113mumu, ka nav tikai s\u0113\u017eot m\u0101j\u0101s, p\u0101rlasot programmu vai v\u0113l kaut ko. Ar\u012b ir iesp\u0113ja vis\u0101 proces\u0101 uzdot t\u0101dus \u0101\u0137\u012bgus jaut\u0101jumus, specifiskus jaut\u0101jumus, kas daudziem var\u0113tu b\u016bt noz\u012bm\u012bgi. Un tad, kad b\u016bs jau jaun\u0101 Saeima iev\u0113l\u0113ta un diskusijas par jauno parlamentu, tad, protams, m\u0113s skat\u012bsimies, k\u0101 m\u016bsu priek\u0161likumi tiek ielikti vald\u012bbas deklar\u0101cij\u0101 un r\u012bc\u012bbas pl\u0101n\u0101.<\/p>\n","protected":false},"excerpt":{"rendered":"Eksporta un konkur\u0113tsp\u0113jas veicin\u0101\u0161ana ir t\u0101s lietas, uz kur\u0101m Latvijas Tirdzniec\u012bbas un r\u016bpniec\u012bbas kamera (LTRK) sav\u0101 turpm\u0101kaj\u0101\u00a0darb\u0101 fokus\u0113sies&hellip;\n","protected":false},"author":2,"featured_media":103047,"comment_status":"","ping_status":"","sticky":false,"template":"","format":"standard","meta":{"footnotes":""},"categories":[14],"tags":[23,57,28,29,32,33,22,30,31,35,39,38,36,37,34,40,20,26,27,24,25,54,55,56,21,58],"class_list":{"0":"post-103046","1":"post","2":"type-post","3":"status-publish","4":"format-standard","5":"has-post-thumbnail","7":"category-zinas-no-arvalstim","8":"tag-aktualitates","9":"tag-arvalstim","10":"tag-breaking-news","11":"tag-breakingnews","12":"tag-featured-news","13":"tag-featurednews","14":"tag-headlines","15":"tag-latest-news","16":"tag-latestnews","17":"tag-latvia","18":"tag-latvian","19":"tag-latviesu","20":"tag-latviesu-valoda","21":"tag-latviesuvaloda","22":"tag-latvija","23":"tag-lv","24":"tag-news","25":"tag-popularakas-zinas","26":"tag-popularakaszinas","27":"tag-top-stories","28":"tag-topstories","29":"tag-world","30":"tag-world-news","31":"tag-worldnews","32":"tag-zinas","33":"tag-zinas-no-arvalstim"},"share_on_mastodon":{"url":"https:\/\/pubeurope.com\/@lv\/115887935481120508","error":""},"_links":{"self":[{"href":"https:\/\/www.europesays.com\/lv\/wp-json\/wp\/v2\/posts\/103046","targetHints":{"allow":["GET"]}}],"collection":[{"href":"https:\/\/www.europesays.com\/lv\/wp-json\/wp\/v2\/posts"}],"about":[{"href":"https:\/\/www.europesays.com\/lv\/wp-json\/wp\/v2\/types\/post"}],"author":[{"embeddable":true,"href":"https:\/\/www.europesays.com\/lv\/wp-json\/wp\/v2\/users\/2"}],"replies":[{"embeddable":true,"href":"https:\/\/www.europesays.com\/lv\/wp-json\/wp\/v2\/comments?post=103046"}],"version-history":[{"count":0,"href":"https:\/\/www.europesays.com\/lv\/wp-json\/wp\/v2\/posts\/103046\/revisions"}],"wp:featuredmedia":[{"embeddable":true,"href":"https:\/\/www.europesays.com\/lv\/wp-json\/wp\/v2\/media\/103047"}],"wp:attachment":[{"href":"https:\/\/www.europesays.com\/lv\/wp-json\/wp\/v2\/media?parent=103046"}],"wp:term":[{"taxonomy":"category","embeddable":true,"href":"https:\/\/www.europesays.com\/lv\/wp-json\/wp\/v2\/categories?post=103046"},{"taxonomy":"post_tag","embeddable":true,"href":"https:\/\/www.europesays.com\/lv\/wp-json\/wp\/v2\/tags?post=103046"}],"curies":[{"name":"wp","href":"https:\/\/api.w.org\/{rel}","templated":true}]}}