{"id":103057,"date":"2026-01-13T13:12:04","date_gmt":"2026-01-13T13:12:04","guid":{"rendered":"https:\/\/www.europesays.com\/lv\/103057\/"},"modified":"2026-01-13T13:12:04","modified_gmt":"2026-01-13T13:12:04","slug":"20-iedzivotaju-no-bauskas-iela-spradziena-bojata-nama-lugusi-pasvaldibai-pagaidu-dzivesvietu-raksts","status":"publish","type":"post","link":"https:\/\/www.europesays.com\/lv\/103057\/","title":{"rendered":"20 iedz\u012bvot\u0101ju no Bauskas iel\u0101 spr\u0101dzien\u0101 boj\u0101t\u0101 nama l\u016bgu\u0161i pa\u0161vald\u012bbai pagaidu dz\u012bvesvietu \/ Raksts"},"content":{"rendered":"<p>R\u012bgas pa\u0161vald\u012bba sa\u0146\u0113musi 20 iesniegumus no Bauskas iel\u0101 15 g\u0101zes spr\u0101dzien\u0101 cietu\u0161\u0101s m\u0101jas iedz\u012bvot\u0101jiem par pagaidu dz\u012bvesvietas nodro\u0161in\u0101\u0161anu., \u0161\u0101da inform\u0101cija \u0161odien tika sniegta R\u012bgas domes M\u0101jok\u013cu un vides komitejas deput\u0101tiem.<\/p>\n<p>Saska\u0146\u0101 ar saisto\u0161ajiem noteikumiem \u0161o atbalstu var sa\u0146emt, ja persona ir deklar\u0113ta R\u012bg\u0101 un tai galvaspils\u0113t\u0101 nepieder cits dz\u012bvo\u0161anai der\u012bgs \u012bpa\u0161ums. Sp\u0113k\u0101 eso\u0161\u0101 k\u0101rt\u012bba to paredz nodro\u0161in\u0101t uz laiku no pusgada l\u012bdz gadam, ja gad\u012bjum\u0101 \u0161aj\u0101 m\u0101j\u0101 nevar\u0113s atgriezties.<\/p>\n<p>Vienlaikus R\u012bgas pa\u0161vald\u012bba inform\u0113ja, ka g\u0101zes spr\u0101dzien\u0101 cietu\u0161\u0101s \u0113kas Bauskas ielas 15 iedz\u012bvot\u0101jiem ir nodro\u0161in\u0101ta atvieglota k\u0101rt\u012bba personas dokumentu noform\u0113\u0161anai. \u0160is risin\u0101jums ieviests, lai mazin\u0101tu administrat\u012bvo slogu un sniegtu praktisku atbalstu cilv\u0113kiem, kuri non\u0101ku\u0161i \u0101rk\u0101rtas situ\u0101cij\u0101.<\/p>\n<p>Dokumentu (ID kartes un pases) noform\u0113\u0161anu organiz\u0113 sadarb\u012bb\u0101 ar R\u012bgas Soci\u0101lo dienestu, kas pie\u0146em iedz\u012bvot\u0101ju pieteikumus jaunu dokumentu izgatavo\u0161anai. Soci\u0101lais dienests apkopo iesniegtos pieteikumus, nodro\u0161ina tie\u0161u sazi\u0146u ar Pilson\u012bbas un migr\u0101cijas lietu p\u0101rvaldi un r\u016bp\u0113jas, lai Bauskas ielas 15 \u0113kas iedz\u012bvot\u0101jus apkalpotu priorit\u0101ri.<\/p>\n<p>Personas dokumenti tiek noform\u0113ti pa\u0101trin\u0101t\u0101 k\u0101rt\u012bb\u0101 \u2013 l\u012bdz tr\u012bs darba dien\u0101m. Cietu\u0161ajiem piem\u0113rota ar\u012b samazin\u0101ta valsts nodeva 30 eiro\u00a0standarta gad\u012bjum\u0101 un 15 eiro \u2013\u00a0pension\u0101riem un b\u0113rniem.<\/p>\n<p>\u012apa\u0161\u0101 k\u0101rt\u012bba ieviesta, lai iedz\u012bvot\u0101ji p\u0113c iesp\u0113jas \u0101tr\u0101k var\u0113tu atjaunot savus personas dokumentus un<\/p>\n<blockquote>\n<p>atgriezties pie ikdienas lietu k\u0101rto\u0161anas, nesaskaroties ar liek\u0101m formalit\u0101t\u0113m.<\/p>\n<\/blockquote>\n<p>Bauskas ielas 15 \u0113kas iedz\u012bvot\u0101ji joproj\u0101m var pieteikties kr\u012bzes pabalstam R\u012bgas Soci\u0101laj\u0101 dienest\u0101. Evaku\u0113tajiem iedz\u012bvot\u0101jiem ir ties\u012bbas sa\u0146emt kr\u012bzes pabalstu divu m\u0113ne\u0161u laik\u0101 no kr\u012bzes situ\u0101cijas ra\u0161an\u0101s dienas, inform\u0113ja R\u012bgas pa\u0161vald\u012bba.<\/p>\n<p>KONTEKSTS:<\/p>\n<p>R\u012bg\u0101, Bauskas iel\u0101 15, piektdien, 2. janv\u0101r\u012b, p\u0113cpusdien\u0101\u00a0<a data-id=\"628441\" data-type=\"article\" href=\"https:\/\/www.lsm.lv\/raksts\/zinas\/latvija\/03.01.2026-turpinas-bauskas-iela-notikusa-gazes-spradziena-seku-likvidesana-cietusie-iedzivotaji-vares-pieteikties-pabalstam.a628441\/\" class=\"lsm-link\" rel=\"nofollow noopener\" target=\"_blank\">p\u0113c spr\u0101dziena sagruva konstrukcijas\u00a0<\/a>piecst\u0101vu daudzdz\u012bvok\u013cu \u0113kas aug\u0161\u0113jos st\u0101vos. Negad\u012bjum\u0101 g\u0101ja boj\u0101 divi cilv\u0113ki. Uz\u0146\u0113mum\u0101 &#8220;Gaso&#8221; apstiprin\u0101ja, ka viens no tiem ir uz\u0146\u0113muma darbinieks.<\/p>\n<p>Dienu pirms spr\u0101dziena &#8220;Gaso&#8221; darbinieki dev\u0101s uz konkr\u0113to dz\u012bvokli atsl\u0113gt g\u0101zi, jo &#8220;ac\u012bmredzot \u0161is konkr\u0113tais klients vai nu nebija k\u0101das saist\u012bbas izpild\u012bjis, vai bija zaud\u0113jis tirdzniec\u012bbas l\u012bgumu,&#8221; pauda &#8220;Gaso&#8221; vad\u012bt\u0101ja Ilze P\u0113tersone-Godmane. Noskaidrots, ka neleg\u0101lo g\u0101zes pievadu dz\u012bvokl\u012b veidoja g\u0101zes pl\u012btij, nevis dz\u012bvok\u013ca apkurei.<\/p>\n<p>                    Valodas k\u013c\u016bda rakst\u0101?<\/p>\n<p class=\"d-none d-md-block\">Iez\u012bm\u0113jiet tekstu un spiediet Ctrl+Enter, lai nos\u016bt\u012btu labojamo teksta fragmentu redaktoram! Par faktu k\u013c\u016bd\u0101m l\u016bdzam zi\u0146ot e-past\u0101 <a href=\"https:\/\/www.lsm.lv\/cdn-cgi\/l\/email-protection\" class=\"__cf_email__\" data-cfemail=\"5a283f3e3b313933303b1a36293774362c\" rel=\"nofollow noopener\" target=\"_blank\">[email\u00a0protected]<\/a>.<\/p>\n<p class=\"d-md-none\">Iez\u012bm\u0113jiet tekstu un spiediet uz Zi\u0146ot par k\u013c\u016bdu pogas, lai nos\u016bt\u012btu labojamo teksta fragmentu redaktoram!<\/p>\n<p>\n                    Zi\u0146ot par k\u013c\u016bdu\n                <\/p>\n","protected":false},"excerpt":{"rendered":"R\u012bgas pa\u0161vald\u012bba sa\u0146\u0113musi 20 iesniegumus no Bauskas iel\u0101 15 g\u0101zes spr\u0101dzien\u0101 cietu\u0161\u0101s m\u0101jas iedz\u012bvot\u0101jiem par pagaidu dz\u012bvesvietas nodro\u0161in\u0101\u0161anu.,&hellip;\n","protected":false},"author":2,"featured_media":103058,"comment_status":"","ping_status":"","sticky":false,"template":"","format":"standard","meta":{"footnotes":""},"categories":[5],"tags":[23,28,29,32,33,22,30,31,35,39,38,36,37,34,40,20,26,27,24,25,21],"class_list":{"0":"post-103057","1":"post","2":"type-post","3":"status-publish","4":"format-standard","5":"has-post-thumbnail","7":"category-aktualitates","8":"tag-aktualitates","9":"tag-breaking-news","10":"tag-breakingnews","11":"tag-featured-news","12":"tag-featurednews","13":"tag-headlines","14":"tag-latest-news","15":"tag-latestnews","16":"tag-latvia","17":"tag-latvian","18":"tag-latviesu","19":"tag-latviesu-valoda","20":"tag-latviesuvaloda","21":"tag-latvija","22":"tag-lv","23":"tag-news","24":"tag-popularakas-zinas","25":"tag-popularakaszinas","26":"tag-top-stories","27":"tag-topstories","28":"tag-zinas"},"share_on_mastodon":{"url":"https:\/\/pubeurope.com\/@lv\/115887967119933220","error":""},"_links":{"self":[{"href":"https:\/\/www.europesays.com\/lv\/wp-json\/wp\/v2\/posts\/103057","targetHints":{"allow":["GET"]}}],"collection":[{"href":"https:\/\/www.europesays.com\/lv\/wp-json\/wp\/v2\/posts"}],"about":[{"href":"https:\/\/www.europesays.com\/lv\/wp-json\/wp\/v2\/types\/post"}],"author":[{"embeddable":true,"href":"https:\/\/www.europesays.com\/lv\/wp-json\/wp\/v2\/users\/2"}],"replies":[{"embeddable":true,"href":"https:\/\/www.europesays.com\/lv\/wp-json\/wp\/v2\/comments?post=103057"}],"version-history":[{"count":0,"href":"https:\/\/www.europesays.com\/lv\/wp-json\/wp\/v2\/posts\/103057\/revisions"}],"wp:featuredmedia":[{"embeddable":true,"href":"https:\/\/www.europesays.com\/lv\/wp-json\/wp\/v2\/media\/103058"}],"wp:attachment":[{"href":"https:\/\/www.europesays.com\/lv\/wp-json\/wp\/v2\/media?parent=103057"}],"wp:term":[{"taxonomy":"category","embeddable":true,"href":"https:\/\/www.europesays.com\/lv\/wp-json\/wp\/v2\/categories?post=103057"},{"taxonomy":"post_tag","embeddable":true,"href":"https:\/\/www.europesays.com\/lv\/wp-json\/wp\/v2\/tags?post=103057"}],"curies":[{"name":"wp","href":"https:\/\/api.w.org\/{rel}","templated":true}]}}