{"id":103065,"date":"2026-01-13T13:17:06","date_gmt":"2026-01-13T13:17:06","guid":{"rendered":"https:\/\/www.europesays.com\/lv\/103065\/"},"modified":"2026-01-13T13:17:06","modified_gmt":"2026-01-13T13:17:06","slug":"nakamnedel-termometra-stabins-var-noslidet-lidz-pat-30-gradiem","status":"publish","type":"post","link":"https:\/\/www.europesays.com\/lv\/103065\/","title":{"rendered":"n\u0101kamned\u0113\u013c termometra stabi\u0146\u0161 var nosl\u012bd\u0113t l\u012bdz pat -30 gr\u0101diem"},"content":{"rendered":"<p>Saska\u0146\u0101 ar Eiropas Vid\u0113ja termi\u0146a laika progno\u017eu centra datiem n\u0101kam\u0101s tr\u012bs ned\u0113\u013cas Latvij\u0101 b\u016bs aukst\u0101kas nek\u0101 ierasts. Iesp\u0113jams, p\u0113c 20. janv\u0101ra iepl\u016bd\u012bs liels sals no Sib\u012brijas &#8211; gaisa temperat\u016bra br\u012b\u017eiem var pazemin\u0101ties l\u012bdz -30 gr\u0101diem.<\/p>\n<p>Tuv\u0101kaj\u0101s nakt\u012bs viet\u0101m valst\u012b, galvenok\u0101rt austrumu novados, izkl\u012bstot m\u0101ko\u0146iem, termometra stabi\u0146\u0161 var nosl\u012bd\u0113t nedaudz zem -20 gr\u0101diem.<\/p>\n<p>Sagaid\u0101ms, ka janv\u0101ra otraj\u0101 pus\u0113 b\u016bs maz nokri\u0161\u0146u un bie\u017ei sp\u012bd\u0113s saule. Stipr\u0101ka snig\u0161ana, k\u0101 ar\u012b putenis gaid\u0101ms 14. janv\u0101ra vakar\u0101 un nakt\u012b uz 15. janv\u0101ri Rietumlatvij\u0101, s\u0101kot no Dienvidkurzemes piekrastes.<\/p>\n<p>\u0160is m\u0113nesis Latvij\u0101, visticam\u0101k, b\u016bs aukst\u0101kais janv\u0101ris kop\u0161 2016. vai pat 2010. gada.<\/p>\n","protected":false},"excerpt":{"rendered":"Saska\u0146\u0101 ar Eiropas Vid\u0113ja termi\u0146a laika progno\u017eu centra datiem n\u0101kam\u0101s tr\u012bs ned\u0113\u013cas Latvij\u0101 b\u016bs aukst\u0101kas nek\u0101 ierasts. Iesp\u0113jams,&hellip;\n","protected":false},"author":2,"featured_media":91734,"comment_status":"","ping_status":"","sticky":false,"template":"","format":"standard","meta":{"footnotes":""},"categories":[12],"tags":[23,28,29,32,33,22,396,30,31,35,39,38,36,37,34,40,20,26,27,24,25,21],"class_list":{"0":"post-103065","1":"post","2":"type-post","3":"status-publish","4":"format-standard","5":"has-post-thumbnail","7":"category-latvija","8":"tag-aktualitates","9":"tag-breaking-news","10":"tag-breakingnews","11":"tag-featured-news","12":"tag-featurednews","13":"tag-headlines","14":"tag-laika-zinas","15":"tag-latest-news","16":"tag-latestnews","17":"tag-latvia","18":"tag-latvian","19":"tag-latviesu","20":"tag-latviesu-valoda","21":"tag-latviesuvaloda","22":"tag-latvija","23":"tag-lv","24":"tag-news","25":"tag-popularakas-zinas","26":"tag-popularakaszinas","27":"tag-top-stories","28":"tag-topstories","29":"tag-zinas"},"share_on_mastodon":{"url":"https:\/\/pubeurope.com\/@lv\/115887986678675749","error":""},"_links":{"self":[{"href":"https:\/\/www.europesays.com\/lv\/wp-json\/wp\/v2\/posts\/103065","targetHints":{"allow":["GET"]}}],"collection":[{"href":"https:\/\/www.europesays.com\/lv\/wp-json\/wp\/v2\/posts"}],"about":[{"href":"https:\/\/www.europesays.com\/lv\/wp-json\/wp\/v2\/types\/post"}],"author":[{"embeddable":true,"href":"https:\/\/www.europesays.com\/lv\/wp-json\/wp\/v2\/users\/2"}],"replies":[{"embeddable":true,"href":"https:\/\/www.europesays.com\/lv\/wp-json\/wp\/v2\/comments?post=103065"}],"version-history":[{"count":0,"href":"https:\/\/www.europesays.com\/lv\/wp-json\/wp\/v2\/posts\/103065\/revisions"}],"wp:featuredmedia":[{"embeddable":true,"href":"https:\/\/www.europesays.com\/lv\/wp-json\/wp\/v2\/media\/91734"}],"wp:attachment":[{"href":"https:\/\/www.europesays.com\/lv\/wp-json\/wp\/v2\/media?parent=103065"}],"wp:term":[{"taxonomy":"category","embeddable":true,"href":"https:\/\/www.europesays.com\/lv\/wp-json\/wp\/v2\/categories?post=103065"},{"taxonomy":"post_tag","embeddable":true,"href":"https:\/\/www.europesays.com\/lv\/wp-json\/wp\/v2\/tags?post=103065"}],"curies":[{"name":"wp","href":"https:\/\/api.w.org\/{rel}","templated":true}]}}