{"id":103068,"date":"2026-01-13T13:19:18","date_gmt":"2026-01-13T13:19:18","guid":{"rendered":"https:\/\/www.europesays.com\/lv\/103068\/"},"modified":"2026-01-13T13:19:18","modified_gmt":"2026-01-13T13:19:18","slug":"man-nav-zel-jaunos-pa-prieksu-palaist-raimonda-vazdika-uz-uzvaru-sova-pardziedi-mani-nemaz-necer-2","status":"publish","type":"post","link":"https:\/\/www.europesays.com\/lv\/103068\/","title":{"rendered":"&#8220;Man nav \u017e\u0113l jaunos pa priek\u0161u palaist,&#8221; Raimonda Vazdika uz uzvaru \u0161ov\u0101 &#8220;P\u0101rdziedi mani!&#8221; nemaz necer"},"content":{"rendered":"<p>Par Raimondu Vazdiku \u0161ov\u0101 tur \u012bk\u0161\u0137us un reiz\u0113m ar\u012b nobalso vi\u0146as \u0123imene \u2013 d\u0113ls Reinis Vazdiks ar sievu Krist\u012bni Lapsu-Vazdiku, ar kuru ir prec\u0113jies jau septi\u0146us gadus. Vecm\u0101mi\u0146as uzst\u0101\u0161anos TV ekr\u0101n\u0101 v\u0113ro ar\u012b mazb\u0113rni \u2013 septi\u0146us gadus vecais mazd\u0113ls Hermanis un mazmeita Ronja, kura ir gadu un p\u0101ris m\u0113ne\u0161u veca. Raimonda priec\u0101jas, ka visi vi\u0146as priek\u0161nesumi b\u016bs redzami YouTube un, kad mazb\u0113rni paaugsies, vi\u0146i var\u0113s noskat\u012bties, k\u0101 vecm\u0101mi\u0146ai g\u0101ja \u0161ov\u0101. \u201cKad pag\u0101ju\u0161aj\u0101 vasar\u0101 saviem jaunie\u0161iem teicu, ka piedal\u012b\u0161os \u0161ov\u0101, vi\u0146i vaic\u0101ja, k\u0101 es t\u0101 uzdro\u0161inos, vai man nav bail? Atbild\u0113ju, ka tas ir br\u012bni\u0161\u0137\u012bgs darbs un iesp\u0113ja profesij\u0101, ka var dzied\u0101t ar t\u0101diem pavado\u0161\u0101s grupas meistariem. Gr\u016bt\u0101k ir s\u0113d\u0113t m\u0101j\u0101s uz d\u012bv\u0101na un dom\u0101t, k\u0101p\u0113c es to neizdar\u012bju. Protams, ka dar\u012b\u0161ana ir saspringta, prasa daudz laika, bet t\u0101p\u0113c jau m\u0113s, m\u0101kslinieki, str\u0101d\u0101jam sav\u0101 profesij\u0101. Mani jaunie\u0161i jau gan iepriek\u0161 ir redz\u0113ju\u0161i mani da\u017e\u0101d\u0101s izr\u0101d\u0113s un koncertos, t\u0101 ka vi\u0146i zina, ko vecm\u0101mi\u0146a var \u2013 k\u0101ju spert gais\u0101, \u0146emties un dzied\u0101t. Jaud\u012bga vecm\u0101mi\u0146a,\u201d t\u0101 Vazdika.<\/p>\n","protected":false},"excerpt":{"rendered":"Par Raimondu Vazdiku \u0161ov\u0101 tur \u012bk\u0161\u0137us un reiz\u0113m ar\u012b nobalso vi\u0146as \u0123imene \u2013 d\u0113ls Reinis Vazdiks ar sievu&hellip;\n","protected":false},"author":2,"featured_media":102617,"comment_status":"","ping_status":"","sticky":false,"template":"","format":"standard","meta":{"footnotes":""},"categories":[19],"tags":[89,90,35,39,38,36,37,34,40],"class_list":{"0":"post-103068","1":"post","2":"type-post","3":"status-publish","4":"format-standard","5":"has-post-thumbnail","7":"category-izklaide","8":"tag-entertainment","9":"tag-izklaide","10":"tag-latvia","11":"tag-latvian","12":"tag-latviesu","13":"tag-latviesu-valoda","14":"tag-latviesuvaloda","15":"tag-latvija","16":"tag-lv"},"share_on_mastodon":{"url":"https:\/\/pubeurope.com\/@lv\/115887994482488166","error":""},"_links":{"self":[{"href":"https:\/\/www.europesays.com\/lv\/wp-json\/wp\/v2\/posts\/103068","targetHints":{"allow":["GET"]}}],"collection":[{"href":"https:\/\/www.europesays.com\/lv\/wp-json\/wp\/v2\/posts"}],"about":[{"href":"https:\/\/www.europesays.com\/lv\/wp-json\/wp\/v2\/types\/post"}],"author":[{"embeddable":true,"href":"https:\/\/www.europesays.com\/lv\/wp-json\/wp\/v2\/users\/2"}],"replies":[{"embeddable":true,"href":"https:\/\/www.europesays.com\/lv\/wp-json\/wp\/v2\/comments?post=103068"}],"version-history":[{"count":0,"href":"https:\/\/www.europesays.com\/lv\/wp-json\/wp\/v2\/posts\/103068\/revisions"}],"wp:featuredmedia":[{"embeddable":true,"href":"https:\/\/www.europesays.com\/lv\/wp-json\/wp\/v2\/media\/102617"}],"wp:attachment":[{"href":"https:\/\/www.europesays.com\/lv\/wp-json\/wp\/v2\/media?parent=103068"}],"wp:term":[{"taxonomy":"category","embeddable":true,"href":"https:\/\/www.europesays.com\/lv\/wp-json\/wp\/v2\/categories?post=103068"},{"taxonomy":"post_tag","embeddable":true,"href":"https:\/\/www.europesays.com\/lv\/wp-json\/wp\/v2\/tags?post=103068"}],"curies":[{"name":"wp","href":"https:\/\/api.w.org\/{rel}","templated":true}]}}