{"id":103071,"date":"2026-01-13T13:23:08","date_gmt":"2026-01-13T13:23:08","guid":{"rendered":"https:\/\/www.europesays.com\/lv\/103071\/"},"modified":"2026-01-13T13:23:08","modified_gmt":"2026-01-13T13:23:08","slug":"pilnigas-mulkibas-bijusais-jkp-lideris-eglitis-komente-partijas-parmetumus-par-lidzeklu-izskerdesanu","status":"publish","type":"post","link":"https:\/\/www.europesays.com\/lv\/103071\/","title":{"rendered":"&#8220;Piln\u012bgas mu\u013c\u0137\u012bbas.&#8221; Biju\u0161ais JKP l\u012bderis Egl\u012btis koment\u0113 partijas p\u0101rmetumus par l\u012bdzek\u013cu iz\u0161\u0137\u0113rd\u0113\u0161anu"},"content":{"rendered":"<p>&#8220;T\u0101p\u0113c apgalvojumi par to ir piln\u012bgas mu\u013c\u0137\u012bbas,&#8221; p\u0101rmetumus par l\u012bdzek\u013cu iesp\u0113jamo iz\u0161\u0137\u0113rd\u0113\u0161anu koment\u0113ja Egl\u012btis.<\/p>\n<p>T\u0101pat vi\u0146\u0161 uzsv\u0113ra, ka izst\u0101jies no partijas, jo nav redz\u0113jis iesp\u0113ju tai atjaunoties ar eso\u0161o sast\u0101vu un pa\u0161reiz\u0113jo valdi.<\/p>\n<p>&#8220;Man rad\u0101s iespaids, ka jaunajam vad\u012bbas modelim ir tikai viens m\u0113r\u0137is &#8211; apsaimniekot valsts finans\u0113jumu,&#8221; kl\u0101st\u012bja Egl\u012btis, nor\u0101dot, ka no partijas vad\u012bbas neesot bijusi saskat\u0101ma motiv\u0101cija str\u0101d\u0101t idejiski.<\/p>\n<p>LETA jau v\u0113st\u012bja, ka Egl\u012btis nol\u0113mis pievienoties NA, jo vi\u0146\u0161 iest\u0101joties par nacion\u0101l\u0101m un konservat\u012bv\u0101m v\u0113rt\u012bb\u0101m. Egl\u012btis sola, ka vi\u0146a galven\u0101s priorit\u0101tes politik\u0101 b\u016b\u0161ot sistem\u0101tisks un pla\u0161s atbalsts \u0123imen\u0113m ar b\u0113rniem, str\u0101d\u0101jot kop\u0101 ar Elinu Treiju (NA) un Imantu Par\u0101dnieku (NA).<\/p>\n<p>Pirms ie\u0161anas politik\u0101 Egl\u012btis vair\u0101kus gadus str\u0101d\u0101ja Eiropas Komisij\u0101 ar Latvijas ekonomikas, finan\u0161u un bud\u017eeta uzraudz\u012bbas jaut\u0101jumiem. Egl\u012btis tika iev\u0113l\u0113ts 13. Saeim\u0101 no JKP saraksta un 2021. gad\u0101 k\u013cuva par labkl\u0101j\u012bbas ministru.<\/p>\n<p>Egl\u012btis 2022. gad\u0101 kandid\u0113ja ar\u012b 14. Saeimas v\u0113l\u0113\u0161an\u0101s no saraksta &#8220;Konservat\u012bvie&#8221;, kas Saeim\u0101 neiek\u013cuva. P\u0113c v\u0101ja snieguma vair\u0101k\u0101s v\u0113l\u0113\u0161an\u0101s s\u0101k\u0101s pak\u0101penisks JKP sabrukums, kura laik\u0101 JKP valdes priek\u0161s\u0113d\u0113t\u0101js k\u0101du laiku bija ar\u012b Egl\u012btis.<\/p>\n<p>JKP 2014. gad\u0101 izveidoja jurists Bord\u0101ns, kur\u0161 pirms tam bija darbojies NA.<\/p>\n","protected":false},"excerpt":{"rendered":"&#8220;T\u0101p\u0113c apgalvojumi par to ir piln\u012bgas mu\u013c\u0137\u012bbas,&#8221; p\u0101rmetumus par l\u012bdzek\u013cu iesp\u0113jamo iz\u0161\u0137\u0113rd\u0113\u0161anu koment\u0113ja Egl\u012btis. T\u0101pat vi\u0146\u0161 uzsv\u0113ra, ka&hellip;\n","protected":false},"author":2,"featured_media":103072,"comment_status":"","ping_status":"","sticky":false,"template":"","format":"standard","meta":{"footnotes":""},"categories":[12],"tags":[23,28,29,32,33,22780,22,24955,30,31,35,39,38,36,37,34,40,2607,20,3134,26,27,24,25,21],"class_list":{"0":"post-103071","1":"post","2":"type-post","3":"status-publish","4":"format-standard","5":"has-post-thumbnail","7":"category-latvija","8":"tag-aktualitates","9":"tag-breaking-news","10":"tag-breakingnews","11":"tag-featured-news","12":"tag-featurednews","13":"tag-gatis-eglitis","14":"tag-headlines","15":"tag-jauna-konservativa-partija","16":"tag-latest-news","17":"tag-latestnews","18":"tag-latvia","19":"tag-latvian","20":"tag-latviesu","21":"tag-latviesu-valoda","22":"tag-latviesuvaloda","23":"tag-latvija","24":"tag-lv","25":"tag-nacionala-apvieniba","26":"tag-news","27":"tag-partijas","28":"tag-popularakas-zinas","29":"tag-popularakaszinas","30":"tag-top-stories","31":"tag-topstories","32":"tag-zinas"},"share_on_mastodon":{"url":"https:\/\/pubeurope.com\/@lv\/115888010487843706","error":""},"_links":{"self":[{"href":"https:\/\/www.europesays.com\/lv\/wp-json\/wp\/v2\/posts\/103071","targetHints":{"allow":["GET"]}}],"collection":[{"href":"https:\/\/www.europesays.com\/lv\/wp-json\/wp\/v2\/posts"}],"about":[{"href":"https:\/\/www.europesays.com\/lv\/wp-json\/wp\/v2\/types\/post"}],"author":[{"embeddable":true,"href":"https:\/\/www.europesays.com\/lv\/wp-json\/wp\/v2\/users\/2"}],"replies":[{"embeddable":true,"href":"https:\/\/www.europesays.com\/lv\/wp-json\/wp\/v2\/comments?post=103071"}],"version-history":[{"count":0,"href":"https:\/\/www.europesays.com\/lv\/wp-json\/wp\/v2\/posts\/103071\/revisions"}],"wp:featuredmedia":[{"embeddable":true,"href":"https:\/\/www.europesays.com\/lv\/wp-json\/wp\/v2\/media\/103072"}],"wp:attachment":[{"href":"https:\/\/www.europesays.com\/lv\/wp-json\/wp\/v2\/media?parent=103071"}],"wp:term":[{"taxonomy":"category","embeddable":true,"href":"https:\/\/www.europesays.com\/lv\/wp-json\/wp\/v2\/categories?post=103071"},{"taxonomy":"post_tag","embeddable":true,"href":"https:\/\/www.europesays.com\/lv\/wp-json\/wp\/v2\/tags?post=103071"}],"curies":[{"name":"wp","href":"https:\/\/api.w.org\/{rel}","templated":true}]}}