{"id":103074,"date":"2026-01-13T13:24:07","date_gmt":"2026-01-13T13:24:07","guid":{"rendered":"https:\/\/www.europesays.com\/lv\/103074\/"},"modified":"2026-01-13T13:24:07","modified_gmt":"2026-01-13T13:24:07","slug":"ar-labdaribas-maratona-dod-pieci-pirms-gada-saziedoto-palidzets-89-smagi-slimiem-cilvekiem-raksts","status":"publish","type":"post","link":"https:\/\/www.europesays.com\/lv\/103074\/","title":{"rendered":"Ar labdar\u012bbas maraton\u0101 \u00abDod pieci!\u00bb pirms gada saziedoto pal\u012bdz\u0113ts 89 smagi slimiem cilv\u0113kiem \/ Raksts"},"content":{"rendered":"<p>2024. gad\u0101 sabiedr\u012bba labdar\u012bbas maraton\u0101 &#8220;Dod pieci!&#8221; cilv\u0113kiem ar kritisk\u0101m un ak\u016bt\u0101m vesel\u012bbas probl\u0113m\u0101m <a href=\"https:\/\/www.lsm.lv\/raksts\/zinas\/latvija\/19.12.2024-dod-pieci-nosledzas-ar-rekordu-cilvekiem-kurus-no-dzivibas-skir-nauda-saziedo-1-000-743-eiro.a580952\/?utm_source=lsm&amp;utm_medium=article-body&amp;utm_campaign=admin\" rel=\"nofollow noopener\" target=\"_blank\">saziedoja vair\u0101k nek\u0101 1 miljonu eiro<\/a>, un l\u012bdz \u0161im ar saziedoto pal\u012bdz\u0113ts 89 cilv\u0113kiem, Latvijas Radio raid\u012bjum\u0101 &#8220;Krustpunkt\u0101&#8221; past\u0101st\u012bja organiz\u0101cijas &#8220;Ziedot.lv&#8221; vad\u012bt\u0101ja R\u016bta Dimanta. Liel\u0101k\u0101 da\u013ca ziedojumu sa\u0146\u0113m\u0113ju ir v\u0113\u017ea pacienti.<\/p>\n<p>Lai smagi slimiem pacientiem segtu valsts nekompens\u0113tus medikamentus, sabiedrisk\u0101 medija akcij\u0101 &#8220;Dod pieci!&#8221; 2024. gad\u0101 saziedoja 1\u00a0000\u00a0743 eiro.<\/p>\n<p>K\u0101 past\u0101st\u012bja Dimanta, l\u012bdz p\u0113rn\u0101 gada decembrim &#8220;Ziedot.lv&#8221; sa\u0146emti pal\u012bdz\u012bbas l\u016bgumi kopum\u0101 5,8 miljonu eiro apm\u0113r\u0101. Visos gad\u012bjumos sa\u0146emti ar\u012b \u0101rstu kons\u012blija l\u0113mumi, ka z\u0101les ir vajadz\u012bgas. 90\u00a0% gad\u012bjumu l\u016bgts apmaks\u0101t onkolo\u0123isk\u0101s z\u0101les vai izmekl\u0113jumus.<\/p>\n<p>&#8220;Ziedojumi bija paredz\u0113ti, lai s\u0101ktu \u0101rstniec\u012bbu un t\u0101l\u0101k v\u0101ktu ziedojumus individu\u0101li, vai ar\u012b, ja cilv\u0113kam pietr\u016bkst k\u0101da summa, lai pal\u012bdz\u0113tu. Ja m\u0113s pie\u0161\u0137irtu pirmajam, kas n\u0101k, jau p\u0113rn janv\u0101r\u012b viss finans\u0113jums b\u016btu izlietots,&#8221; nor\u0101d\u012bja &#8220;Ziedot.lv&#8221; vad\u012bt\u0101ja.<\/p>\n<blockquote>\n<p>Dimanta past\u0101st\u012bja, ka liel\u0101k\u0101 summa, kas l\u016bgta vienam pacientam, bija 780\u00a0000 eiro.<\/p>\n<\/blockquote>\n<p>L\u012bdz \u0161im no &#8220;Dod pieci!&#8221; akcij\u0101 saziedot\u0101 izt\u0113r\u0113ti 700\u00a0000 eiro, ko \u0101rstniec\u012bbai sa\u0146\u0113mu\u0161i 89 cilv\u0113ki. V\u0113l 300\u00a0000 eiro pl\u0101no izt\u0113r\u0113t \u0161\u012b gada s\u0101kum\u0101. No visiem ziedojumu sa\u0146\u0113m\u0113jiem 83 ir v\u0113\u017ea pacienti, bet 6 cilv\u0113ki ir ar cit\u0101m saslim\u0161an\u0101m. Visbie\u017e\u0101k p\u0113c pal\u012bdz\u012bbas v\u0113r\u0161as kr\u016bts v\u0113\u017ea pacienti.<\/p>\n<p>&#8220;M\u0113s faktiski apmaks\u0101jam tos medikamentus, kuri ir valsts kompens\u0113jamo sarakst\u0101 cit\u0101m onkolo\u0123isk\u0101m diagnoz\u0113m, nevis \u0161\u012bm. Tie nav k\u0101di medikamenti, kas p\u0113k\u0161\u0146i ien\u0101ku\u0161i tirg\u016b vai b\u016btu eksperiment\u0101li. Tie ir tie, kas ir cit\u0101m diagnoz\u0113m vai cit\u0101m slim\u012bbas stadij\u0101m,&#8221; nor\u0101d\u012bja Dimanta.<\/p>\n<p>Dimanta past\u0101st\u012bja, ka biju\u0161i ar\u012b da\u017ei gad\u012bjumi, kad k\u0101dam no pacientiem valsts pie\u0161\u0137\u012brusi individu\u0101lo kompens\u0101ciju 30\u00a0000 eiro apm\u0113r\u0101, tom\u0113r papildu nauda bijusi nepiecie\u0161ama, lai turpin\u0101tu terapiju. K\u0101d\u0101 gad\u012bjum\u0101 bijis nepiecie\u0161ams apmaks\u0101t tikai r\u0113\u0137inu par 55 eiro, bet cit\u0101 \u00ad\u2013 \u0101rst\u0113\u0161an\u0101s turpin\u0101\u0161anai izlietoti\u00a077\u00a0000 eiro.<\/p>\n<p>&#8220;Tas ir \u013coti svar\u012bgi, ka mums bija \u0161\u0101ds finans\u0113jums, bet tas sist\u0113miski neatrisina neko. Gads ir pag\u0101jis, bet es neredzu, ka b\u016btu notiku\u0161as k\u0101das sist\u0113miskas izmai\u0146as,&#8221; sprieda Dimanta.<\/p>\n<p>At\u0161\u0137ir\u012bg\u0101s dom\u0101s gan bija Latvijas onkolo\u0123ijas pacientu organiz\u0101ciju apvien\u012bbas &#8220;Onkoalianse&#8221; vad\u012bt\u0101ja\u00a0Olga Valci\u0146a, kura ar onkolo\u0123ijas pacientu ties\u012bbu aizsardz\u012bbu s\u0101ka nodarboties 2019. gad\u0101, kad vi\u0146ai pa\u0161ai bija v\u0113zis.<\/p>\n<p>&#8220;Teikt, ka nekas nav izdar\u012bts, nevar. Tie\u0161\u0101m ir \u013coti daudz izdar\u012bts,&#8221; pauda Valci\u0146a, k\u0101 piem\u0113ru minot o<a href=\"https:\/\/www.lsm.lv\/raksts\/zinas\/latvija\/25.11.2025-latvijas-onkologijas-centra-rekonstrukcijas-pabeigsanai-pieskir-trukstosos-48-miljonus-eiro.a623762\/\" class=\"lsm-link\" data-type=\"article\" data-id=\"623762\" rel=\"nofollow noopener\" target=\"_blank\">nkolo\u0123ijas centra rekonstrukcijai <\/a>izc\u012bn\u012bto naudu. Tom\u0113r vienlaikus joproj\u0101m tr\u016bkst finans\u0113juma onkolo\u0123ijas z\u0101l\u0113m, atzina Valci\u0146a.<\/p>\n<p>                    Valodas k\u013c\u016bda rakst\u0101?<\/p>\n<p class=\"d-none d-md-block\">Iez\u012bm\u0113jiet tekstu un spiediet Ctrl+Enter, lai nos\u016bt\u012btu labojamo teksta fragmentu redaktoram! Par faktu k\u013c\u016bd\u0101m l\u016bdzam zi\u0146ot e-past\u0101 <a href=\"https:\/\/www.lsm.lv\/cdn-cgi\/l\/email-protection\" class=\"__cf_email__\" data-cfemail=\"ed9f88898c868e84878cad819e80c3819b\" rel=\"nofollow noopener\" target=\"_blank\">[email\u00a0protected]<\/a>.<\/p>\n<p class=\"d-md-none\">Iez\u012bm\u0113jiet tekstu un spiediet uz Zi\u0146ot par k\u013c\u016bdu pogas, lai nos\u016bt\u012btu labojamo teksta fragmentu redaktoram!<\/p>\n<p>\n                    Zi\u0146ot par k\u013c\u016bdu\n                <\/p>\n","protected":false},"excerpt":{"rendered":"2024. gad\u0101 sabiedr\u012bba labdar\u012bbas maraton\u0101 &#8220;Dod pieci!&#8221; cilv\u0113kiem ar kritisk\u0101m un ak\u016bt\u0101m vesel\u012bbas probl\u0113m\u0101m saziedoja vair\u0101k nek\u0101 1&hellip;\n","protected":false},"author":2,"featured_media":103075,"comment_status":"","ping_status":"","sticky":false,"template":"","format":"standard","meta":{"footnotes":""},"categories":[5],"tags":[23,28,29,32,33,22,30,31,35,39,38,36,37,34,40,20,26,27,24,25,21],"class_list":{"0":"post-103074","1":"post","2":"type-post","3":"status-publish","4":"format-standard","5":"has-post-thumbnail","7":"category-aktualitates","8":"tag-aktualitates","9":"tag-breaking-news","10":"tag-breakingnews","11":"tag-featured-news","12":"tag-featurednews","13":"tag-headlines","14":"tag-latest-news","15":"tag-latestnews","16":"tag-latvia","17":"tag-latvian","18":"tag-latviesu","19":"tag-latviesu-valoda","20":"tag-latviesuvaloda","21":"tag-latvija","22":"tag-lv","23":"tag-news","24":"tag-popularakas-zinas","25":"tag-popularakaszinas","26":"tag-top-stories","27":"tag-topstories","28":"tag-zinas"},"share_on_mastodon":{"url":"https:\/\/pubeurope.com\/@lv\/115888014189312758","error":""},"_links":{"self":[{"href":"https:\/\/www.europesays.com\/lv\/wp-json\/wp\/v2\/posts\/103074","targetHints":{"allow":["GET"]}}],"collection":[{"href":"https:\/\/www.europesays.com\/lv\/wp-json\/wp\/v2\/posts"}],"about":[{"href":"https:\/\/www.europesays.com\/lv\/wp-json\/wp\/v2\/types\/post"}],"author":[{"embeddable":true,"href":"https:\/\/www.europesays.com\/lv\/wp-json\/wp\/v2\/users\/2"}],"replies":[{"embeddable":true,"href":"https:\/\/www.europesays.com\/lv\/wp-json\/wp\/v2\/comments?post=103074"}],"version-history":[{"count":0,"href":"https:\/\/www.europesays.com\/lv\/wp-json\/wp\/v2\/posts\/103074\/revisions"}],"wp:featuredmedia":[{"embeddable":true,"href":"https:\/\/www.europesays.com\/lv\/wp-json\/wp\/v2\/media\/103075"}],"wp:attachment":[{"href":"https:\/\/www.europesays.com\/lv\/wp-json\/wp\/v2\/media?parent=103074"}],"wp:term":[{"taxonomy":"category","embeddable":true,"href":"https:\/\/www.europesays.com\/lv\/wp-json\/wp\/v2\/categories?post=103074"},{"taxonomy":"post_tag","embeddable":true,"href":"https:\/\/www.europesays.com\/lv\/wp-json\/wp\/v2\/tags?post=103074"}],"curies":[{"name":"wp","href":"https:\/\/api.w.org\/{rel}","templated":true}]}}