{"id":103079,"date":"2026-01-13T13:25:06","date_gmt":"2026-01-13T13:25:06","guid":{"rendered":"https:\/\/www.europesays.com\/lv\/103079\/"},"modified":"2026-01-13T13:25:06","modified_gmt":"2026-01-13T13:25:06","slug":"maksims-busels-atklaj-sevi-lidz-sim-neredzeta-loma","status":"publish","type":"post","link":"https:\/\/www.europesays.com\/lv\/103079\/","title":{"rendered":"Maksims Busels atkl\u0101j sevi l\u012bdz \u0161im neredz\u0113t\u0101 lom\u0101"},"content":{"rendered":"<p class=\"lead mb-md-2 mb-1 js-tv3-orphus\">\u010cehova te\u0101tra aktieri Maksimu Buselu skat\u012bt\u0101ji paz\u012bst k\u0101 p\u0101rliecin\u0101tu skatuves m\u0101kslinieku, dziedo\u0161u te\u0101tra un kino aktieri, kura kl\u0101tb\u016btne vienm\u0113r ir paman\u0101ma. Ta\u010du \u0161oreiz vi\u0146\u0161 izv\u0113l\u0113jies no ierast\u0101s komforta zonas izk\u0101pt un doties uz ledus \u2013 burtiski un simboliski.\n<\/p>\n<p>\u0160aj\u0101s dien\u0101s nosl\u0113gu\u0161ies film\u0113\u0161anas darbi m\u016bzikas videoklipam dziesmai \u201cAust un riet\u201d. T\u0101 ir dziesmai, ko Maksims Busels rad\u012bjis un izpilda latvie\u0161u valod\u0101.<\/p>\n","protected":false},"excerpt":{"rendered":"\u010cehova te\u0101tra aktieri Maksimu Buselu skat\u012bt\u0101ji paz\u012bst k\u0101 p\u0101rliecin\u0101tu skatuves m\u0101kslinieku, dziedo\u0161u te\u0101tra un kino aktieri, kura kl\u0101tb\u016btne&hellip;\n","protected":false},"author":2,"featured_media":103080,"comment_status":"","ping_status":"","sticky":false,"template":"","format":"standard","meta":{"footnotes":""},"categories":[19],"tags":[89,90,35,39,38,36,37,34,40,7304],"class_list":{"0":"post-103079","1":"post","2":"type-post","3":"status-publish","4":"format-standard","5":"has-post-thumbnail","7":"category-izklaide","8":"tag-entertainment","9":"tag-izklaide","10":"tag-latvia","11":"tag-latvian","12":"tag-latviesu","13":"tag-latviesu-valoda","14":"tag-latviesuvaloda","15":"tag-latvija","16":"tag-lv","17":"tag-maksims-busels"},"share_on_mastodon":{"url":"https:\/\/pubeurope.com\/@lv\/115888018083836437","error":""},"_links":{"self":[{"href":"https:\/\/www.europesays.com\/lv\/wp-json\/wp\/v2\/posts\/103079","targetHints":{"allow":["GET"]}}],"collection":[{"href":"https:\/\/www.europesays.com\/lv\/wp-json\/wp\/v2\/posts"}],"about":[{"href":"https:\/\/www.europesays.com\/lv\/wp-json\/wp\/v2\/types\/post"}],"author":[{"embeddable":true,"href":"https:\/\/www.europesays.com\/lv\/wp-json\/wp\/v2\/users\/2"}],"replies":[{"embeddable":true,"href":"https:\/\/www.europesays.com\/lv\/wp-json\/wp\/v2\/comments?post=103079"}],"version-history":[{"count":0,"href":"https:\/\/www.europesays.com\/lv\/wp-json\/wp\/v2\/posts\/103079\/revisions"}],"wp:featuredmedia":[{"embeddable":true,"href":"https:\/\/www.europesays.com\/lv\/wp-json\/wp\/v2\/media\/103080"}],"wp:attachment":[{"href":"https:\/\/www.europesays.com\/lv\/wp-json\/wp\/v2\/media?parent=103079"}],"wp:term":[{"taxonomy":"category","embeddable":true,"href":"https:\/\/www.europesays.com\/lv\/wp-json\/wp\/v2\/categories?post=103079"},{"taxonomy":"post_tag","embeddable":true,"href":"https:\/\/www.europesays.com\/lv\/wp-json\/wp\/v2\/tags?post=103079"}],"curies":[{"name":"wp","href":"https:\/\/api.w.org\/{rel}","templated":true}]}}