{"id":103086,"date":"2026-01-13T13:29:07","date_gmt":"2026-01-13T13:29:07","guid":{"rendered":"https:\/\/www.europesays.com\/lv\/103086\/"},"modified":"2026-01-13T13:29:07","modified_gmt":"2026-01-13T13:29:07","slug":"zzs-asi-kritize-progresivos-un-svinku","status":"publish","type":"post","link":"https:\/\/www.europesays.com\/lv\/103086\/","title":{"rendered":"ZZS asi kritiz\u0113 &#8220;Progres\u012bvos&#8221; un \u0160vinku"},"content":{"rendered":"<p>LPPA prezidents Ivo O\u0161enieks p\u0113c tik\u0161an\u0101s ar \u0160vinku a\u0123ent\u016brai LETA iepriek\u0161 sac\u012bja, ka tik\u0161an\u0101s bija saspringta un p\u0101rvad\u0101t\u0101ji t\u0101s laik\u0101 v\u0113l\u0113j\u0101s dzird\u0113t atbildes uz diviem jaut\u0101jumiem &#8211; par ilgtermi\u0146a l\u012bgumu cenu p\u0101rskat\u012b\u0161anu un tam nepiecie\u0161amo papildu finans\u0113jumu.<\/p>\n<p>&#8220;Atbildes netika sniegtas, t\u0101d\u0113\u013c p\u0101rvad\u0101t\u0101ji izskata n\u0101kam\u0101s iesp\u0113jas, tostarp iesp\u0113jamas protesta akcijas. T\u0101pat tiek apsv\u0113rta iesp\u0113ja v\u0113rsties ties\u0101, jo nozare tiek ignor\u0113ta,&#8221; kl\u0101st\u012bja O\u0161enieks.<\/p>\n<p>Vienlaikus vi\u0146\u0161 skaidroja, ka Satiksmes ministrijas (SM) r\u012bkojuma projekts, kas paredz \u0161ogad pie\u0161\u0137irt devi\u0146us miljonus eiro re\u0123ion\u0101lajiem p\u0101rvad\u0101jumiem ar autobusiem, ir pamatb\u0101zes iztr\u016bksto\u0161ais finans\u0113jums, lai neb\u016btu j\u0101samazina mar\u0161ruta t\u012bkla apm\u0113rs. &#8220;Tas nerisina jaut\u0101jumu par to, ka ir main\u012bjusies ekonomisk\u0101 situ\u0101cija, jo faktisk\u0101 pa\u0161izmaksa patlaban b\u016btiski p\u0101rsniedz l\u012bgumcenu,&#8221; piebilda asoci\u0101cijas vad\u012bt\u0101js.<\/p>\n<p>P\u0101rvad\u0101t\u0101ju p\u0101rst\u0101vis apgalvoja, ka faktisk\u0101s pa\u0161izmaksas pieaugums neesot saist\u012bts ar p\u0101rvad\u0101t\u0101ju nekompetenci, bet glob\u0101liem notikumiem pasaul\u0113, kuru ietekmi p\u0101rvad\u0101t\u0101ji neesot var\u0113ju\u0161i prognoz\u0113t iepirkuma procesa gait\u0101. &#8220;T\u0101d\u0113\u013c ir izvirz\u012bta pras\u012bba, ka ir j\u0101p\u0101rskata l\u012bgumcenas, un l\u012bdz ar to ir nepiecie\u0161ams papildu finans\u0113jums, lai kompens\u0113tu \u0161o pieaugumu, ko negrib atz\u012bt SM,&#8221; vi\u0146\u0161 piebilda.<\/p>\n","protected":false},"excerpt":{"rendered":"LPPA prezidents Ivo O\u0161enieks p\u0113c tik\u0161an\u0101s ar \u0160vinku a\u0123ent\u016brai LETA iepriek\u0161 sac\u012bja, ka tik\u0161an\u0101s bija saspringta un p\u0101rvad\u0101t\u0101ji&hellip;\n","protected":false},"author":2,"featured_media":59719,"comment_status":"","ping_status":"","sticky":false,"template":"","format":"standard","meta":{"footnotes":""},"categories":[12],"tags":[23,4959,28,29,32,33,22,30,31,35,39,38,36,37,34,40,20,5207,26,27,352,141,956,24,25,21],"class_list":{"0":"post-103086","1":"post","2":"type-post","3":"status-publish","4":"format-standard","5":"has-post-thumbnail","7":"category-latvija","8":"tag-aktualitates","9":"tag-atis-svinka","10":"tag-breaking-news","11":"tag-breakingnews","12":"tag-featured-news","13":"tag-featurednews","14":"tag-headlines","15":"tag-latest-news","16":"tag-latestnews","17":"tag-latvia","18":"tag-latvian","19":"tag-latviesu","20":"tag-latviesu-valoda","21":"tag-latviesuvaloda","22":"tag-latvija","23":"tag-lv","24":"tag-news","25":"tag-pasazieru-parvadajumi","26":"tag-popularakas-zinas","27":"tag-popularakaszinas","28":"tag-progresivie","29":"tag-saeima","30":"tag-satiksmes-ministrija","31":"tag-top-stories","32":"tag-topstories","33":"tag-zinas"},"share_on_mastodon":{"url":"https:\/\/pubeurope.com\/@lv\/115888033888042326","error":""},"_links":{"self":[{"href":"https:\/\/www.europesays.com\/lv\/wp-json\/wp\/v2\/posts\/103086","targetHints":{"allow":["GET"]}}],"collection":[{"href":"https:\/\/www.europesays.com\/lv\/wp-json\/wp\/v2\/posts"}],"about":[{"href":"https:\/\/www.europesays.com\/lv\/wp-json\/wp\/v2\/types\/post"}],"author":[{"embeddable":true,"href":"https:\/\/www.europesays.com\/lv\/wp-json\/wp\/v2\/users\/2"}],"replies":[{"embeddable":true,"href":"https:\/\/www.europesays.com\/lv\/wp-json\/wp\/v2\/comments?post=103086"}],"version-history":[{"count":0,"href":"https:\/\/www.europesays.com\/lv\/wp-json\/wp\/v2\/posts\/103086\/revisions"}],"wp:featuredmedia":[{"embeddable":true,"href":"https:\/\/www.europesays.com\/lv\/wp-json\/wp\/v2\/media\/59719"}],"wp:attachment":[{"href":"https:\/\/www.europesays.com\/lv\/wp-json\/wp\/v2\/media?parent=103086"}],"wp:term":[{"taxonomy":"category","embeddable":true,"href":"https:\/\/www.europesays.com\/lv\/wp-json\/wp\/v2\/categories?post=103086"},{"taxonomy":"post_tag","embeddable":true,"href":"https:\/\/www.europesays.com\/lv\/wp-json\/wp\/v2\/tags?post=103086"}],"curies":[{"name":"wp","href":"https:\/\/api.w.org\/{rel}","templated":true}]}}