{"id":103087,"date":"2026-01-13T13:30:07","date_gmt":"2026-01-13T13:30:07","guid":{"rendered":"https:\/\/www.europesays.com\/lv\/103087\/"},"modified":"2026-01-13T13:30:07","modified_gmt":"2026-01-13T13:30:07","slug":"vai-un-kapec-berniem-jaslepo-lr1-latvijas-radio","status":"publish","type":"post","link":"https:\/\/www.europesays.com\/lv\/103087\/","title":{"rendered":"Vai un k\u0101p\u0113c b\u0113rniem j\u0101sl\u0113po? \/ LR1 \/ \/ Latvijas Radio"},"content":{"rendered":"<p><a href=\"https:\/\/mapp.latvijasradio.lv\/shared-broadcast?b=127&amp;url=http:\/\/latvijasradio.lsm.lv\/lv\/lr1\/raidijumi\/gimenes-studija\/\" target=\"_blank\" rel=\"nofollow noopener\"><img decoding=\"async\" alt=\"Latvijas Radio lietotnes logo\" src=\"https:\/\/www.europesays.com\/lv\/wp-content\/uploads\/2026\/01\/1768311007_226_LR_pod poga.png\" style=\"width: 140px; height: 38px;\"\/><\/a><\/p>\n<p>Raid\u012bjuma skan\u0113\u0161anas laik\u0101 aicin\u0101m s\u016bt\u012bt Whatsapp zi\u0146as uz numuru 25660440.<\/p>\n<p>T\u0101 k\u0101 ziema tom\u0113r ir atn\u0101kusi uz k\u0101du br\u012bdi, \u0122imenes studij\u0101 saruna par to, cik akt\u012bvi b\u0113rni \u0161obr\u012bd m\u0101c\u0101s sl\u0113pot? K\u0101das ir iesp\u0113jas skol\u0101 un cik pieejamas sl\u0113po\u0161anas nodarb\u012bbas ir \u0101rpus skolas?<\/p>\n<p>Sarun\u0101jas un sl\u0113pot aicina R\u012bgas sporta skolas &#8220;Ark\u0101dija&#8221; direktors Jur\u0123is Grants,\u00a0Valsts izgl\u012bt\u012bbas att\u012bst\u012bbas a\u0123ent\u016bras vec\u0101k\u0101 eksperte-valsts metodi\u0137e visp\u0101r\u0113j\u0101 izgl\u012bt\u012bb\u0101 m\u0101c\u012bbu priek\u0161met\u0101 Sports un vesel\u012bba\u00a0Gita P\u0113rkone, divu b\u0113rnu mamma\u00a0Inga Pavlovi\u010da,\u00a0Dz\u0113rbenes visp\u0101rizgl\u012btojo\u0161\u0101s un m\u016bzikas pamatskolas direktors\u00a0Andris Sakss un sporta skolot\u0101ja Sarm\u012bte St\u0113rste\u00a0un b\u0113rnu sl\u0113po\u0161anas instruktors &#8220;\u017dagarkaln\u0101&#8221; Mat\u012bss \u017dagars.<\/p>\n<p>Ieteikt<\/p>\n<p>    Latvijas Radio aicina izteikt savu viedokli par raid\u012bjum\u0101 dzird\u0113to un atbalsta diskusijas klaus\u012bt\u0101ju starp\u0101, tom\u0113r patur ties\u012bbas dz\u0113st koment\u0101rus, kas p\u0101rk\u0101pj cie\u0146pilnas attieksmes un \u0113tiskas r\u012bc\u012bbas robe\u017eas.<a name=\"comments\"\/><\/p>\n","protected":false},"excerpt":{"rendered":"Raid\u012bjuma skan\u0113\u0161anas laik\u0101 aicin\u0101m s\u016bt\u012bt Whatsapp zi\u0146as uz numuru 25660440. T\u0101 k\u0101 ziema tom\u0113r ir atn\u0101kusi uz k\u0101du&hellip;\n","protected":false},"author":2,"featured_media":103088,"comment_status":"","ping_status":"","sticky":false,"template":"","format":"standard","meta":{"footnotes":""},"categories":[5],"tags":[23,28,29,32,33,22,30,31,35,39,38,36,37,34,40,20,26,27,24,25,21],"class_list":{"0":"post-103087","1":"post","2":"type-post","3":"status-publish","4":"format-standard","5":"has-post-thumbnail","7":"category-aktualitates","8":"tag-aktualitates","9":"tag-breaking-news","10":"tag-breakingnews","11":"tag-featured-news","12":"tag-featurednews","13":"tag-headlines","14":"tag-latest-news","15":"tag-latestnews","16":"tag-latvia","17":"tag-latvian","18":"tag-latviesu","19":"tag-latviesu-valoda","20":"tag-latviesuvaloda","21":"tag-latvija","22":"tag-lv","23":"tag-news","24":"tag-popularakas-zinas","25":"tag-popularakaszinas","26":"tag-top-stories","27":"tag-topstories","28":"tag-zinas"},"share_on_mastodon":{"url":"https:\/\/pubeurope.com\/@lv\/115888037861542130","error":""},"_links":{"self":[{"href":"https:\/\/www.europesays.com\/lv\/wp-json\/wp\/v2\/posts\/103087","targetHints":{"allow":["GET"]}}],"collection":[{"href":"https:\/\/www.europesays.com\/lv\/wp-json\/wp\/v2\/posts"}],"about":[{"href":"https:\/\/www.europesays.com\/lv\/wp-json\/wp\/v2\/types\/post"}],"author":[{"embeddable":true,"href":"https:\/\/www.europesays.com\/lv\/wp-json\/wp\/v2\/users\/2"}],"replies":[{"embeddable":true,"href":"https:\/\/www.europesays.com\/lv\/wp-json\/wp\/v2\/comments?post=103087"}],"version-history":[{"count":0,"href":"https:\/\/www.europesays.com\/lv\/wp-json\/wp\/v2\/posts\/103087\/revisions"}],"wp:featuredmedia":[{"embeddable":true,"href":"https:\/\/www.europesays.com\/lv\/wp-json\/wp\/v2\/media\/103088"}],"wp:attachment":[{"href":"https:\/\/www.europesays.com\/lv\/wp-json\/wp\/v2\/media?parent=103087"}],"wp:term":[{"taxonomy":"category","embeddable":true,"href":"https:\/\/www.europesays.com\/lv\/wp-json\/wp\/v2\/categories?post=103087"},{"taxonomy":"post_tag","embeddable":true,"href":"https:\/\/www.europesays.com\/lv\/wp-json\/wp\/v2\/tags?post=103087"}],"curies":[{"name":"wp","href":"https:\/\/api.w.org\/{rel}","templated":true}]}}