{"id":103091,"date":"2026-01-13T13:32:07","date_gmt":"2026-01-13T13:32:07","guid":{"rendered":"https:\/\/www.europesays.com\/lv\/103091\/"},"modified":"2026-01-13T13:32:07","modified_gmt":"2026-01-13T13:32:07","slug":"latvijas-motokrosa-cempionata-jaunaja-sezona-gaidamas-izmainas-motoru-sports-sportacentrs-com","status":"publish","type":"post","link":"https:\/\/www.europesays.com\/lv\/103091\/","title":{"rendered":"Latvijas motokrosa \u010dempion\u0101ta jaunaj\u0101 sezon\u0101 gaid\u0101mas izmai\u0146as \u2013 Motoru sports \u2013 Sportacentrs.com"},"content":{"rendered":"<p>                    Sestdienas sacens\u012bb\u0101s:<\/p>\n<p>Nemain\u012bgi redz\u0113sim blakusv\u0101\u0123u ekip\u0101\u017eas un kvadriciklus k\u0101 ar\u012b Retro klases motociklus. No 2026. gada Retro klase tiks papildin\u0101ta ar jaun\u0101m papildus klas\u0113m, kur\u0101s b\u016bs at\u013cauts piedal\u012bties ar progres\u012bv\u0101kiem, bet Retro statusam atbilsto\u0161iem motocikliem. \u0160\u012b opcija \u013caus pie starta barjeras redz\u0113t ne tikai vecos gaisa dzeses motociklus, bet pilnu spektru aizg\u0101ju\u0161o gadu motokrosa tehnikas.<\/p>\n<p>Sestdienas sacens\u012bbas papildin\u0101s MX Pitbike klase, bet savuk\u0101rt MX Open klase sestdien\u0101 vairs neb\u016bs.<\/p>\n<p>Sv\u0113tdienas sacens\u012bb\u0101s:<\/p>\n<p>Nemain\u012bgi MX65 un MX85 klases &#8211; jaunie sportisti. Savuk\u0101rt MX125 un MX2 klases sportisti b\u016bs apvienoti kop\u0113j\u0101 braucien\u0101. Liel\u0101k\u0101 izmai\u0146a, ka MX Open klase b\u016bs apvienota kop\u0113j\u0101 braucien\u0101 ar MX1 klases sportistiem. \u0160\u0101ds pieg\u0101jiens jau darboj\u0101s Igaunij\u0101 iepriek\u0161\u0113jos gados un darboj\u0101s atz\u012bstami labi. Cerams, ka ar\u012b Latvijas MX Open klases sportisti to uztvers k\u0101 iesp\u0113ju start\u0113t pie vienas barjeras un pac\u012bn\u012bties ar sp\u0113c\u012bg\u0101kajiem Baltijas pilotiem.<\/p>\n<p>Zin\u0101ms, ka L\u010cMX komandu c\u012b\u0146u punktu skait\u012b\u0161anas sist\u0113ma tiks main\u012bta un b\u016bs vienk\u0101r\u0161\u0101ka ka iepriek\u0161, dodot iesp\u0113ju gan faniem, gan medijiem saprotami sekot l\u012bdz \u0161ai c\u012b\u0146ai. \u0145emot v\u0113r\u0101, ka l\u012bdz pirmajam L\u010cMX posmam vel atliku\u0161i tr\u012bs m\u0113ne\u0161i, iesp\u0113jams sagaid\u012bsim v\u0113l k\u0101dus preciz\u0113jumus un uzlabojumus.<\/p>\n<p>2026. gada Latvijas motokrosa \u010dempion\u0101ta kalend\u0101rs:<\/p>\n<tr>Norises datumiNorises vieta<\/tr>\n<tr class=\"even\">\n<td class=\"ralign\">11-12.04.2026<\/td>\n<td>Aizpute<\/td>\n<\/tr>\n<tr class=\"odd\">\n<td class=\"ralign\">16.-17.05.2026<\/td>\n<td>Ape (tikai Q un BV klas\u0113m)<\/td>\n<\/tr>\n<tr class=\"even\">\n<td class=\"ralign\">20.-21.06.2026<\/td>\n<td>Aloja<\/td>\n<\/tr>\n<tr class=\"odd\">\n<td class=\"ralign\">15.-16.08.2026<\/td>\n<td>Madona<\/td>\n<\/tr>\n<tr class=\"even\">\n<td class=\"ralign\">05.-06.09.2026<\/td>\n<td>Stelpe<\/td>\n<\/tr>\n<tr class=\"odd\">\n<td class=\"ralign\">27.09.2026<\/td>\n<td>M\u0101rupe (tikai MX D\u0101mu klasei)<\/td>\n<\/tr>\n<p>Inform\u0101ciju sagatavoja:<br \/>Moto-X Latvija <\/p>\n","protected":false},"excerpt":{"rendered":"Sestdienas sacens\u012bb\u0101s: Nemain\u012bgi redz\u0113sim blakusv\u0101\u0123u ekip\u0101\u017eas un kvadriciklus k\u0101 ar\u012b Retro klases motociklus. No 2026. gada Retro klase&hellip;\n","protected":false},"author":2,"featured_media":103092,"comment_status":"","ping_status":"","sticky":false,"template":"","format":"standard","meta":{"footnotes":""},"categories":[17],"tags":[35,39,38,36,37,34,40,165,67],"class_list":{"0":"post-103091","1":"post","2":"type-post","3":"status-publish","4":"format-standard","5":"has-post-thumbnail","7":"category-sports","8":"tag-latvia","9":"tag-latvian","10":"tag-latviesu","11":"tag-latviesu-valoda","12":"tag-latviesuvaloda","13":"tag-latvija","14":"tag-lv","15":"tag-motoru-sports","16":"tag-sports"},"share_on_mastodon":{"url":"https:\/\/pubeurope.com\/@lv\/115888045586621846","error":""},"_links":{"self":[{"href":"https:\/\/www.europesays.com\/lv\/wp-json\/wp\/v2\/posts\/103091","targetHints":{"allow":["GET"]}}],"collection":[{"href":"https:\/\/www.europesays.com\/lv\/wp-json\/wp\/v2\/posts"}],"about":[{"href":"https:\/\/www.europesays.com\/lv\/wp-json\/wp\/v2\/types\/post"}],"author":[{"embeddable":true,"href":"https:\/\/www.europesays.com\/lv\/wp-json\/wp\/v2\/users\/2"}],"replies":[{"embeddable":true,"href":"https:\/\/www.europesays.com\/lv\/wp-json\/wp\/v2\/comments?post=103091"}],"version-history":[{"count":0,"href":"https:\/\/www.europesays.com\/lv\/wp-json\/wp\/v2\/posts\/103091\/revisions"}],"wp:featuredmedia":[{"embeddable":true,"href":"https:\/\/www.europesays.com\/lv\/wp-json\/wp\/v2\/media\/103092"}],"wp:attachment":[{"href":"https:\/\/www.europesays.com\/lv\/wp-json\/wp\/v2\/media?parent=103091"}],"wp:term":[{"taxonomy":"category","embeddable":true,"href":"https:\/\/www.europesays.com\/lv\/wp-json\/wp\/v2\/categories?post=103091"},{"taxonomy":"post_tag","embeddable":true,"href":"https:\/\/www.europesays.com\/lv\/wp-json\/wp\/v2\/tags?post=103091"}],"curies":[{"name":"wp","href":"https:\/\/api.w.org\/{rel}","templated":true}]}}