{"id":103123,"date":"2026-01-13T14:05:17","date_gmt":"2026-01-13T14:05:17","guid":{"rendered":"https:\/\/www.europesays.com\/lv\/103123\/"},"modified":"2026-01-13T14:05:17","modified_gmt":"2026-01-13T14:05:17","slug":"nacionalaja-kiberdrosibas-izaicinajuma-jauniesi-aicinati-parbaudit-savas-zinasanas-un-prasmes-kiberdrosibas-joma-2","status":"publish","type":"post","link":"https:\/\/www.europesays.com\/lv\/103123\/","title":{"rendered":"Nacion\u0101laj\u0101 kiberdro\u0161\u012bbas izaicin\u0101jum\u0101 jaunie\u0161i aicin\u0101ti p\u0101rbaud\u012bt savas zin\u0101\u0161anas un prasmes kiberdro\u0161\u012bbas jom\u0101"},"content":{"rendered":"<p class=\"text-align-justify\">Aizsardz\u012bbas ministrija aicina jaunie\u0161us vecum\u0101 no 14 l\u012bdz 25 gadiem piedal\u012bties Nacion\u0101laj\u0101 kiberdro\u0161\u012bbas izaicin\u0101jum\u0101, re\u0123istr\u0113jot savu dal\u012bbu izaicin\u0101juma m\u0101jaslap\u0101 <a href=\"http:\/\/www.kibiz.lv\" rel=\"nofollow noopener\" target=\"_blank\">www.kibiz.lv<\/a> l\u012bdz 30. janv\u0101rim.<\/p>\n<p class=\"text-align-justify\">Nacion\u0101lais kiberdro\u0161\u012bbas izaicin\u0101jums ir valsts m\u0113roga kiberdro\u0161\u012bbas sacens\u012bbas jaunie\u0161iem, kur\u0101s tie var p\u0101rbaud\u012bt savas zin\u0101\u0161anas par kiberdro\u0161\u012bbu un sp\u0113ju risin\u0101t da\u017e\u0101das sare\u017e\u0123\u012bt\u012bbas uzdevumus kiberdro\u0161\u012bbas un kiberaizsardz\u012bbas jom\u0101.<br \/>Lai piedal\u012btos izaicin\u0101jum\u0101, priek\u0161zin\u0101\u0161anas nav oblig\u0101tas, svar\u012bga ir motiv\u0101cija, interese par kiberdro\u0161\u012bbas jomu un prasme patst\u0101v\u012bgi mekl\u0113t un analiz\u0113t da\u017e\u0101da veida inform\u0101ciju.<\/p>\n<p class=\"text-align-justify\">Nacion\u0101lais kiberdro\u0161\u012bbas izaicin\u0101jums notiks tie\u0161saist\u0113 tr\u012bs k\u0101rt\u0101s \u2013 \u00a09. febru\u0101r\u012b, 2. un 3. mart\u0101, k\u0101 ar\u012b 30. un 31. mart\u0101. Katr\u0101 k\u0101rt\u0101 var piedal\u012bties jebkur\u0161 Latvijas valstspieder\u012bgais vecum\u0101 no 14 l\u012bdz 25 gadiem.<\/p>\n<p class=\"text-align-justify\">Izaicin\u0101juma nosl\u0113gum\u0101 p\u0113c rezult\u0101tu apkopo\u0161anas dal\u012bbnieki, kas b\u016bs sakr\u0101ju\u0161i visvair\u0101k punktus, ieg\u016bs balvas no Aizsardz\u012bbas ministrijas un iesp\u0113ju k\u013c\u016bt par da\u013cu no Latvijas nacion\u0101l\u0101s izlases dal\u012bbai starptautisk\u0101s kiberdro\u0161\u012bbas sacens\u012bb\u0101s jaunie\u0161iem \u2013 Eiropas kiberdro\u0161\u012bbas izaicin\u0101jums, kas norisin\u0101sies V\u0101cij\u0101.<\/p>\n<p class=\"text-align-justify\">Vair\u0101k inform\u0101cijas par Nacion\u0101lo kiberdro\u0161\u012bbas izaicin\u0101jumu un noteikumiem pieejama izaicin\u0101juma m\u0101jaslap\u0101 <a href=\"http:\/\/www.kibiz.lv\" rel=\"nofollow noopener\" target=\"_blank\">www.kibiz.lv<\/a><br \/>Nacion\u0101lo kiberdro\u0161\u012bbas izaicin\u0101jumu Latvij\u0101 organiz\u0113 Aizsardz\u012bbas ministrija sadarb\u012bb\u0101 ar CERT.LV, Latvijas Universit\u0101ti un Zemessardzes Kiberaizsardz\u012bbas un elektromagn\u0113tisk\u0101s karadarb\u012bbas bataljonu. Izaicin\u0101jumu atbalsta Latvijas Nacion\u0101lais koordin\u0101cijas centrs (NCC-LV) un Jaunsardzes centrs.<\/p>\n<p class=\"text-align-justify\">Jau zi\u0146ots, ka 2025.gada oktobr\u012b Polijas galvaspils\u0113t\u0101 Var\u0161av\u0101 notika Eiropas kiberdro\u0161\u012bbas izaicin\u0101jums \u2013 European Cybersecurity Challenge 2025 (ECSC 2025), kur\u0101 piedal\u012bj\u0101s ar\u012b Latvijas komanda. Latvijas jaunie eksperti apliecin\u0101ja savas zin\u0101\u0161anas un prasmes, sacen\u0161oties ar lab\u0101kaj\u0101m Eiropas un pasaules komand\u0101m, un uzlaboja rezult\u0101tu par vair\u0101k nek\u0101 desmit viet\u0101m sal\u012bdzin\u0101jum\u0101 ar iepriek\u0161\u0113jo gadu, ieg\u016bstot 23. vietu.<\/p>\n<p class=\"text-align-justify\">Inform\u0101ciju sagatavoja:<br \/>AM Milit\u0101ri publisko attiec\u012bbu departamenta<br \/>Preses noda\u013ca<br \/>T\u0101lrunis: 67335210<br \/>E-pasts: <a href=\"https:\/\/www.mod.gov.lv\/lv\/zinas\/mailto:prese@mod.gov.lv\" rel=\"nofollow noopener\" target=\"_blank\">prese@mod.gov.lv<\/a><br \/>\u00a0<\/p>\n","protected":false},"excerpt":{"rendered":"Aizsardz\u012bbas ministrija aicina jaunie\u0161us vecum\u0101 no 14 l\u012bdz 25 gadiem piedal\u012bties Nacion\u0101laj\u0101 kiberdro\u0161\u012bbas izaicin\u0101jum\u0101, re\u0123istr\u0113jot savu dal\u012bbu izaicin\u0101juma&hellip;\n","protected":false},"author":2,"featured_media":103102,"comment_status":"","ping_status":"","sticky":false,"template":"","format":"standard","meta":{"footnotes":""},"categories":[12],"tags":[23,28,29,32,33,22,30,31,35,39,38,36,37,34,40,20,26,27,24,25,21],"class_list":{"0":"post-103123","1":"post","2":"type-post","3":"status-publish","4":"format-standard","5":"has-post-thumbnail","7":"category-latvija","8":"tag-aktualitates","9":"tag-breaking-news","10":"tag-breakingnews","11":"tag-featured-news","12":"tag-featurednews","13":"tag-headlines","14":"tag-latest-news","15":"tag-latestnews","16":"tag-latvia","17":"tag-latvian","18":"tag-latviesu","19":"tag-latviesu-valoda","20":"tag-latviesuvaloda","21":"tag-latvija","22":"tag-lv","23":"tag-news","24":"tag-popularakas-zinas","25":"tag-popularakaszinas","26":"tag-top-stories","27":"tag-topstories","28":"tag-zinas"},"share_on_mastodon":{"url":"https:\/\/pubeurope.com\/@lv\/115888175332827773","error":""},"_links":{"self":[{"href":"https:\/\/www.europesays.com\/lv\/wp-json\/wp\/v2\/posts\/103123","targetHints":{"allow":["GET"]}}],"collection":[{"href":"https:\/\/www.europesays.com\/lv\/wp-json\/wp\/v2\/posts"}],"about":[{"href":"https:\/\/www.europesays.com\/lv\/wp-json\/wp\/v2\/types\/post"}],"author":[{"embeddable":true,"href":"https:\/\/www.europesays.com\/lv\/wp-json\/wp\/v2\/users\/2"}],"replies":[{"embeddable":true,"href":"https:\/\/www.europesays.com\/lv\/wp-json\/wp\/v2\/comments?post=103123"}],"version-history":[{"count":0,"href":"https:\/\/www.europesays.com\/lv\/wp-json\/wp\/v2\/posts\/103123\/revisions"}],"wp:featuredmedia":[{"embeddable":true,"href":"https:\/\/www.europesays.com\/lv\/wp-json\/wp\/v2\/media\/103102"}],"wp:attachment":[{"href":"https:\/\/www.europesays.com\/lv\/wp-json\/wp\/v2\/media?parent=103123"}],"wp:term":[{"taxonomy":"category","embeddable":true,"href":"https:\/\/www.europesays.com\/lv\/wp-json\/wp\/v2\/categories?post=103123"},{"taxonomy":"post_tag","embeddable":true,"href":"https:\/\/www.europesays.com\/lv\/wp-json\/wp\/v2\/tags?post=103123"}],"curies":[{"name":"wp","href":"https:\/\/api.w.org\/{rel}","templated":true}]}}