{"id":103126,"date":"2026-01-13T14:11:13","date_gmt":"2026-01-13T14:11:13","guid":{"rendered":"https:\/\/www.europesays.com\/lv\/103126\/"},"modified":"2026-01-13T14:11:13","modified_gmt":"2026-01-13T14:11:13","slug":"deklare-dzivesvietu-latvija-lv-vai-klatiene","status":"publish","type":"post","link":"https:\/\/www.europesays.com\/lv\/103126\/","title":{"rendered":"Deklar\u0113 dz\u012bvesvietu Latvija.lv vai kl\u0101tien\u0113"},"content":{"rendered":"<p class=\"text-align-justify\">Atg\u0101din\u0101m, ka iedz\u012bvot\u0101ju dz\u012bvesvietas re\u0123istr\u0113\u0161ana ir pieejama ar\u012b vis\u0101s Talsu novada\u00a0<a data-external-link=\"FALSE\" href=\"https:\/\/www.talsunovads.lv\/lv\/strukturvieniba\/pilsetu-un-pagastu-parvaldes\" rel=\"nofollow noopener\" target=\"_blank\">pils\u0113tu un pagastu apvien\u012bbu p\u0101rvald\u0113s<\/a>, iz\u0146emot Talsu pils\u0113tas p\u0101rvaldi.<\/p>\n<p>Dz\u012bvesvietas deklar\u0113\u0161anu iesp\u0113jams veikt ar\u012b port\u0101l\u0101 <a data-external-link=\"TRUE\" href=\"https:\/\/latvija.gov.lv\/Home\/\" target=\"_blank\" rel=\"nofollow noopener\">Latvija.lv<\/a>,\u00a0izmantojot pakalpojumu \u201eDz\u012bvesvietas deklar\u0113\u0161ana\u201d \u2013\u00a0 aizpildot elektronisko veidlapu un iesniedzot to parakst\u012btu ar dro\u0161u elektronisko parakstu.<\/p>\n","protected":false},"excerpt":{"rendered":"Atg\u0101din\u0101m, ka iedz\u012bvot\u0101ju dz\u012bvesvietas re\u0123istr\u0113\u0161ana ir pieejama ar\u012b vis\u0101s Talsu novada\u00a0pils\u0113tu un pagastu apvien\u012bbu p\u0101rvald\u0113s, iz\u0146emot Talsu pils\u0113tas&hellip;\n","protected":false},"author":2,"featured_media":103127,"comment_status":"","ping_status":"","sticky":false,"template":"","format":"standard","meta":{"footnotes":""},"categories":[12],"tags":[23,28,29,32,33,22,30,31,35,39,38,36,37,34,40,20,26,27,24,25,21],"class_list":{"0":"post-103126","1":"post","2":"type-post","3":"status-publish","4":"format-standard","5":"has-post-thumbnail","7":"category-latvija","8":"tag-aktualitates","9":"tag-breaking-news","10":"tag-breakingnews","11":"tag-featured-news","12":"tag-featurednews","13":"tag-headlines","14":"tag-latest-news","15":"tag-latestnews","16":"tag-latvia","17":"tag-latvian","18":"tag-latviesu","19":"tag-latviesu-valoda","20":"tag-latviesuvaloda","21":"tag-latvija","22":"tag-lv","23":"tag-news","24":"tag-popularakas-zinas","25":"tag-popularakaszinas","26":"tag-top-stories","27":"tag-topstories","28":"tag-zinas"},"share_on_mastodon":{"url":"https:\/\/pubeurope.com\/@lv\/115888199153788261","error":""},"_links":{"self":[{"href":"https:\/\/www.europesays.com\/lv\/wp-json\/wp\/v2\/posts\/103126","targetHints":{"allow":["GET"]}}],"collection":[{"href":"https:\/\/www.europesays.com\/lv\/wp-json\/wp\/v2\/posts"}],"about":[{"href":"https:\/\/www.europesays.com\/lv\/wp-json\/wp\/v2\/types\/post"}],"author":[{"embeddable":true,"href":"https:\/\/www.europesays.com\/lv\/wp-json\/wp\/v2\/users\/2"}],"replies":[{"embeddable":true,"href":"https:\/\/www.europesays.com\/lv\/wp-json\/wp\/v2\/comments?post=103126"}],"version-history":[{"count":0,"href":"https:\/\/www.europesays.com\/lv\/wp-json\/wp\/v2\/posts\/103126\/revisions"}],"wp:featuredmedia":[{"embeddable":true,"href":"https:\/\/www.europesays.com\/lv\/wp-json\/wp\/v2\/media\/103127"}],"wp:attachment":[{"href":"https:\/\/www.europesays.com\/lv\/wp-json\/wp\/v2\/media?parent=103126"}],"wp:term":[{"taxonomy":"category","embeddable":true,"href":"https:\/\/www.europesays.com\/lv\/wp-json\/wp\/v2\/categories?post=103126"},{"taxonomy":"post_tag","embeddable":true,"href":"https:\/\/www.europesays.com\/lv\/wp-json\/wp\/v2\/tags?post=103126"}],"curies":[{"name":"wp","href":"https:\/\/api.w.org\/{rel}","templated":true}]}}