{"id":103128,"date":"2026-01-13T14:12:10","date_gmt":"2026-01-13T14:12:10","guid":{"rendered":"https:\/\/www.europesays.com\/lv\/103128\/"},"modified":"2026-01-13T14:12:10","modified_gmt":"2026-01-13T14:12:10","slug":"sals-varetu-sasniegt-30-gradus-autovaditaji-aicinati-but-uzmanigiem","status":"publish","type":"post","link":"https:\/\/www.europesays.com\/lv\/103128\/","title":{"rendered":"Sals var\u0113tu sasniegt -30 gr\u0101dus; autovad\u012bt\u0101ji aicin\u0101ti b\u016bt uzman\u012bgiem"},"content":{"rendered":"<p class=\"lead\">\n                                Pa\u0161reiz\u0113j\u0101s laika prognozes liecina, ka vismaz l\u012bdz febru\u0101ra s\u0101kumam gaisa temperat\u016bra Latvij\u0101 saglab\u0101sies zem klimatisk\u0101s normas.\n                            <\/p>\n<p>Eiropas Vid\u0113ja termi\u0146a laika progno\u017eu centra dati r\u0101da, ka tuv\u0101ko tr\u012bs ned\u0113\u013cu laik\u0101 Latvij\u0101 gaid\u0101ms aukst\u0101ks laiks nek\u0101 ierasts. Past\u0101v iesp\u0113ja, ka p\u0113c 20. janv\u0101ra valst\u012b iepl\u016bd\u012bs \u012bpa\u0161i auksta gaisa masa no Sib\u012brijas, un atsevi\u0161\u0137os br\u012b\u017eos<\/p>\n<blockquote>\n<p>gaisa temperat\u016bra var nosl\u012bd\u0113t l\u012bdz pat -30 gr\u0101diem.<\/p>\n<\/blockquote>\n<p>Jau tuv\u0101kaj\u0101s nakt\u012bs, \u012bpa\u0161i austrumu re\u0123ionos, skaidrojoties debes\u012bm, gaisa temperat\u016bra viet\u0101m var pazemin\u0101ties nedaudz zem -20 gr\u0101diem.<\/p>\n<p>Janv\u0101ra otraj\u0101 pus\u0113 prognoz\u0113ts sal\u012bdzino\u0161i sauss un saulains laiks ar nelielu nokri\u0161\u0146u daudzumu. Intens\u012bv\u0101ka snig\u0161ana un putenis gaid\u0101mi 14. janv\u0101ra vakar\u0101 un nakt\u012b uz 15. janv\u0101ri valsts rietumos, s\u0101kot no Dienvidkurzemes piekrastes.<\/p>\n<p>Meteorologi pie\u013cauj, ka \u0161is janv\u0101ris var\u0113tu k\u013c\u016bt par aukst\u0101ko Latvij\u0101 kop\u0161 2016. gada vai pat kop\u0161 2010. gada.<\/p>\n<p>Rea\u0123\u0113jot uz prognoz\u0113m, Latvijas Valsts ce\u013ci inform\u0113, ka \u012bpa\u0161i zem\u0101s gaisa temperat\u016br\u0101s mitrais<\/p>\n<blockquote>\n<p>s\u0101ls, ko izmanto sl\u012bdam\u012bbas mazin\u0101\u0161anai, zaud\u0113 savu efektivit\u0101ti,<\/p>\n<\/blockquote>\n<p>t\u0101p\u0113c autovad\u012bt\u0101ji aicin\u0101ti b\u016bt \u012bpa\u0161i piesardz\u012bgi. Ce\u013cu uztur\u0113t\u0101ji atg\u0101dina \u2013 \u0161\u0101dos apst\u0101k\u013cos svar\u012bgi izv\u0113rt\u0113t brauktuves st\u0101vokli, piel\u0101got brauk\u0161anas \u0101trumu, iev\u0113rot liel\u0101ku distanci un p\u0101rliecin\u0101ties, ka transportl\u012bdzeklis ir atbilsto\u0161i sagatavots ziemas apst\u0101k\u013ciem.<\/p>\n<p>Gaisa temperat\u016bra parasti visvair\u0101k pazemin\u0101s agr\u0101s r\u012bta stund\u0101s, un tas ietekm\u0113 ar\u012b autoce\u013cu uztur\u0113\u0161anas efektivit\u0101ti. Lai gan uztur\u0113\u0161anas darbi tiek veikti nep\u0101rtraukti, piln\u012bb\u0101 nov\u0113rst ziemai rakstur\u012bgos laikapst\u0101k\u013cus nav iesp\u0113jams. Autovad\u012bt\u0101jiem j\u0101r\u0113\u0137in\u0101s, ka sniegot\u0101 ziem\u0101 neliels sniega daudzums uz brauktuves b\u016bs past\u0101v\u012bgi \u2013 tas veidojas satiksmes ietekm\u0113, no ce\u013ca nomal\u0113m, transportl\u012bdzek\u013ciem un p\u0113c sniega t\u012br\u012b\u0161anas paliku\u0161\u0101s piebraukt\u0101s sniega k\u0101rtas. \u0160is sniegs sajaucas ar smilt\u012bm un s\u0101li, kura iedarb\u012bba liel\u0101 m\u0113r\u0101 atkar\u012bga no satiksmes intensit\u0101tes.<\/p>\n<p>VAS &#8220;Latvijas autoce\u013cu uztur\u0113t\u0101js&#8221; nor\u0101da, ka ziemas period\u0101 darbs norit pastiprin\u0101t\u0101 re\u017e\u012bm\u0101. \u201cAutoce\u013cu st\u0101voklim seko l\u012bdzi visu diennakti, darbu koordin\u0113 ziemas dienesta de\u017euranti, izmantojot gan meteorolo\u0123isko staciju datus, gan veicot ce\u013cu faktisko apseko\u0161anu,\u201d skaidro uz\u0146\u0113muma valdes priek\u0161s\u0113d\u0113t\u0101js Vilnis Vitkovskis.<\/p>\n<p class=\"paragraph-muted\">Izv\u0113lies savu soct\u012bklu platformu, lai sekotu LASI.LV: <a href=\"https:\/\/www.facebook.com\/portals.lasi.lv\" target=\"_blank\" rel=\"noopener noreferrer nofollow\">Facebook<\/a>, <a href=\"https:\/\/twitter.com\/lasilvportals\" target=\"_blank\" rel=\"noopener noreferrer nofollow\">X<\/a>, <a href=\"https:\/\/bsky.app\/profile\/lasilv.bsky.social\" target=\"_blank\" rel=\"noopener noreferrer nofollow\">Bluesky<\/a>, <a href=\"https:\/\/www.draugiem.lv\/lasilv\/?pg=4\" target=\"_blank\" rel=\"noopener noreferrer nofollow\">Draugiem<\/a>, <a href=\"https:\/\/www.threads.com\/@lasilv_zinas\" rel=\"nofollow noopener\" target=\"_blank\">Threads<\/a> vai ar\u012b <a href=\"https:\/\/www.instagram.com\/lasilv_zinas\/\" target=\"_blank\" rel=\"noopener noreferrer nofollow\">Instagram<\/a>. Pievienojies m\u016bsu las\u012bt\u0101ju pulkam, lai sa\u0146emtu \u012bpa\u0161i tev atlas\u012btu noder\u012bgu, praktisku un aktu\u0101lu saturu.\u00a0<\/p>\n<p style=\"margin-left:auto;\">Pieraksties LASI.LV redaktora v\u0113stkopai <a href=\"https:\/\/lasi.lv\/vestkopa\/lasi-lv-galvena-redaktora-vestkopa\" rel=\"nofollow noopener\" target=\"_blank\">\u0161eit<\/a>.<\/p>\n<p>Pieraksties v\u0113stkopai un divas reizes ned\u0113\u013c\u0101 sa\u0146em padzi\u013cin\u0101tu LASI.LV galven\u0101 redaktora aktu\u0101lo zi\u0146u, kompetentu viedok\u013cu un interesant\u0101ko interviju apkopojumu.<\/p>\n<p>Ko tu sa\u0146emsi:<\/p>\n<ul>\n<li>Daudzveid\u012bgus koment\u0101rus un kompetentus Latvijas Mediju \u017eurn\u0101listu un autoru viedok\u013cus par aktu\u0101lo<\/li>\n<li>Ekspertu koment\u0101rus par da\u017e\u0101diem praktiskiem, noder\u012bgiem tematiem<\/li>\n<li>Aizraujo\u0161us materi\u0101lus par v\u0113sturi, psiholo\u0123iju, kult\u016bru<\/li>\n<li>Gata \u0160\u013c\u016bkas karikat\u016bru<\/li>\n<li>Tav\u0101 e-pasta kast\u012bt\u0113 katru ceturtdienu<\/li>\n<\/ul>\n<p style=\"margin-left:auto;\">\u00a0<\/p>\n<p><script async src=\"https:\/\/platform.twitter.com\/widgets.js\" charset=\"utf-8\"><\/script><script async src=\"\/\/www.instagram.com\/embed.js\"><\/script><\/p>\n","protected":false},"excerpt":{"rendered":"Pa\u0161reiz\u0113j\u0101s laika prognozes liecina, ka vismaz l\u012bdz febru\u0101ra s\u0101kumam gaisa temperat\u016bra Latvij\u0101 saglab\u0101sies zem klimatisk\u0101s normas. Eiropas Vid\u0113ja&hellip;\n","protected":false},"author":2,"featured_media":103129,"comment_status":"","ping_status":"","sticky":false,"template":"","format":"standard","meta":{"footnotes":""},"categories":[5],"tags":[23,28,29,32,33,22,30,31,35,39,38,36,37,34,40,20,26,27,24,25,21],"class_list":{"0":"post-103128","1":"post","2":"type-post","3":"status-publish","4":"format-standard","5":"has-post-thumbnail","7":"category-aktualitates","8":"tag-aktualitates","9":"tag-breaking-news","10":"tag-breakingnews","11":"tag-featured-news","12":"tag-featurednews","13":"tag-headlines","14":"tag-latest-news","15":"tag-latestnews","16":"tag-latvia","17":"tag-latvian","18":"tag-latviesu","19":"tag-latviesu-valoda","20":"tag-latviesuvaloda","21":"tag-latvija","22":"tag-lv","23":"tag-news","24":"tag-popularakas-zinas","25":"tag-popularakaszinas","26":"tag-top-stories","27":"tag-topstories","28":"tag-zinas"},"share_on_mastodon":{"url":"https:\/\/pubeurope.com\/@lv\/115888202862996456","error":""},"_links":{"self":[{"href":"https:\/\/www.europesays.com\/lv\/wp-json\/wp\/v2\/posts\/103128","targetHints":{"allow":["GET"]}}],"collection":[{"href":"https:\/\/www.europesays.com\/lv\/wp-json\/wp\/v2\/posts"}],"about":[{"href":"https:\/\/www.europesays.com\/lv\/wp-json\/wp\/v2\/types\/post"}],"author":[{"embeddable":true,"href":"https:\/\/www.europesays.com\/lv\/wp-json\/wp\/v2\/users\/2"}],"replies":[{"embeddable":true,"href":"https:\/\/www.europesays.com\/lv\/wp-json\/wp\/v2\/comments?post=103128"}],"version-history":[{"count":0,"href":"https:\/\/www.europesays.com\/lv\/wp-json\/wp\/v2\/posts\/103128\/revisions"}],"wp:featuredmedia":[{"embeddable":true,"href":"https:\/\/www.europesays.com\/lv\/wp-json\/wp\/v2\/media\/103129"}],"wp:attachment":[{"href":"https:\/\/www.europesays.com\/lv\/wp-json\/wp\/v2\/media?parent=103128"}],"wp:term":[{"taxonomy":"category","embeddable":true,"href":"https:\/\/www.europesays.com\/lv\/wp-json\/wp\/v2\/categories?post=103128"},{"taxonomy":"post_tag","embeddable":true,"href":"https:\/\/www.europesays.com\/lv\/wp-json\/wp\/v2\/tags?post=103128"}],"curies":[{"name":"wp","href":"https:\/\/api.w.org\/{rel}","templated":true}]}}