{"id":103130,"date":"2026-01-13T14:14:07","date_gmt":"2026-01-13T14:14:07","guid":{"rendered":"https:\/\/www.europesays.com\/lv\/103130\/"},"modified":"2026-01-13T14:14:07","modified_gmt":"2026-01-13T14:14:07","slug":"eiropas-cempionata-telpu-futbola-finalturnira-speles-tiks-izmantots-unikals-laukuma-dizains","status":"publish","type":"post","link":"https:\/\/www.europesays.com\/lv\/103130\/","title":{"rendered":"Eiropas \u010dempion\u0101ta telpu futbol\u0101 fin\u0101lturn\u012bra sp\u0113l\u0113s tiks izmantots unik\u0101ls laukuma dizains"},"content":{"rendered":"<p>Turn\u012bra pirm\u0101s sp\u0113les &#8220;Xiaomi Ar\u0113n\u0101&#8221; notiks 21. janv\u0101r\u012b.<\/p>\n<p>L\u012bdz\u012bgi laukuma dizaini tiks izmantoti ar\u012b p\u0101r\u0113j\u0101s div\u0101s fin\u0101lturn\u012bra norises viet\u0101s Kau\u0146\u0101 un \u013bub\u013ca\u0146\u0101.<\/p>\n<p>\u0160\u0101di organizatori kop\u0101 ar Eiropas Futbola asoci\u0101ciju savien\u012bbu (<a href=\"https:\/\/sports.tvnet.lv\/term\/10465\/uefa\" class=\"topicLink\" target=\"_blank\" rel=\"nofollow noopener\">UEFA<\/a>) ap\u0146\u0113mu\u0161ies stiprin\u0101t telpu futbola vizu\u0101lo identit\u0101ti un uzlabot kop\u0113jo pas\u0101kuma pieredzi.<\/p>\n<p>Telpu futbola laukuma izskats UEFA r\u012bkotaj\u0101s sacens\u012bb\u0101s pirmoreiz tika p\u0101rveidots 2010. gad\u0101 Eiropas \u010dempion\u0101ta fin\u0101lturn\u012br\u0101 Ung\u0101rij\u0101, ievie\u0161ot melnu sp\u0113les laukumu. Tas v\u0113l\u0101k noteica jaunu standartu, kas joproj\u0101m tiek izmantots UEFA \u010cempionu l\u012bgas fin\u0101lturn\u012bros telpu futbol\u0101. Savuk\u0101rt nacion\u0101lo izla\u0161u fin\u0101lturn\u012briem tika rad\u012bta 40&#215;20 metru liel\u0101 zil\u0101s kr\u0101sas laukuma identit\u0101te, kas b\u016bs redzama ar\u012b R\u012bg\u0101.<\/p>\n<p>\u0160os laukumus kop\u0161 2018. gada papildina perimetra grafika, iedvesmojoties no attiec\u012bg\u0101s r\u012bkot\u0101jvalsts identit\u0101tes.<\/p>\n<p>Latvijas karoga kr\u0101s\u0101s izdai\u013cotais laukums k\u013c\u016bs ne tikai par vizu\u0101lu akcentu, bet ar\u012b par simbolisku atbalstu m\u0101jiniekiem. Pieder\u012bbas saj\u016bta un emocion\u0101lais pac\u0113lums fin\u0101lturn\u012bra gaisotn\u0113 ir \u012bpa\u0161i noz\u012bm\u012bgi faktori, jo ikviena sp\u0113le R\u012bg\u0101 sol\u0101s k\u013c\u016bt par sv\u0113tkiem gan telpu futbola l\u012bdzjut\u0113jiem, gan tiem, kuri \u0161o sporta veidu atkl\u0101s no jauna.<\/p>\n<p>Eiropas \u010dempion\u0101ta fin\u0101lturn\u012brs telpu futbol\u0101 no 21. janv\u0101ra l\u012bdz 7. febru\u0101rim pirmo reizi v\u0113stur\u0113 norisin\u0101sies tr\u012bs valst\u012bs \u2013 Latvij\u0101, Lietuv\u0101 un Slov\u0113nij\u0101. Latvijas izlase taj\u0101 debit\u0113s ar tr\u012bs m\u0101jas sp\u0113l\u0113m &#8220;Xiaomi Ar\u0113n\u0101&#8221; \u2013 21. janv\u0101r\u012b pret Gruziju, 25. janv\u0101r\u012b pret Franciju un 28. janv\u0101r\u012b pret Horv\u0101tiju.<\/p>\n<p>L\u012bdz\u0101s tam R\u012bg\u0101 notiks v\u0113l tr\u012bs apak\u0161grupu posma sp\u0113les (Horv\u0101tija \u2013 Francija 21. janv\u0101r\u012b, Horv\u0101tija \u2013 Gruzija 25. janv\u0101r\u012b un \u010cehija \u2013 Ukraina 28. janv\u0101r\u012b), k\u0101 ar\u012b viens ceturtda\u013cfin\u0101la ma\u010ds 31. janv\u0101r\u012b starp Latvijas izlases p\u0101rst\u0101v\u0113t\u0101s A grupas uzvar\u0113t\u0101jiem un Lietuvas izlases p\u0101rst\u0101v\u0113t\u0101s B grupas otr\u0101s vietas ieguv\u0113jiem.<\/p>\n","protected":false},"excerpt":{"rendered":"Turn\u012bra pirm\u0101s sp\u0113les &#8220;Xiaomi Ar\u0113n\u0101&#8221; notiks 21. janv\u0101r\u012b. L\u012bdz\u012bgi laukuma dizaini tiks izmantoti ar\u012b p\u0101r\u0113j\u0101s div\u0101s fin\u0101lturn\u012bra norises&hellip;\n","protected":false},"author":2,"featured_media":103131,"comment_status":"","ping_status":"","sticky":false,"template":"","format":"standard","meta":{"footnotes":""},"categories":[17],"tags":[6630,35,39,38,36,37,34,40,67,3676,1068],"class_list":{"0":"post-103130","1":"post","2":"type-post","3":"status-publish","4":"format-standard","5":"has-post-thumbnail","7":"category-sports","8":"tag-futzals","9":"tag-latvia","10":"tag-latvian","11":"tag-latviesu","12":"tag-latviesu-valoda","13":"tag-latviesuvaloda","14":"tag-latvija","15":"tag-lv","16":"tag-sports","17":"tag-uefa","18":"tag-xiaomi-arena"},"share_on_mastodon":{"url":"https:\/\/pubeurope.com\/@lv\/115888210756702189","error":""},"_links":{"self":[{"href":"https:\/\/www.europesays.com\/lv\/wp-json\/wp\/v2\/posts\/103130","targetHints":{"allow":["GET"]}}],"collection":[{"href":"https:\/\/www.europesays.com\/lv\/wp-json\/wp\/v2\/posts"}],"about":[{"href":"https:\/\/www.europesays.com\/lv\/wp-json\/wp\/v2\/types\/post"}],"author":[{"embeddable":true,"href":"https:\/\/www.europesays.com\/lv\/wp-json\/wp\/v2\/users\/2"}],"replies":[{"embeddable":true,"href":"https:\/\/www.europesays.com\/lv\/wp-json\/wp\/v2\/comments?post=103130"}],"version-history":[{"count":0,"href":"https:\/\/www.europesays.com\/lv\/wp-json\/wp\/v2\/posts\/103130\/revisions"}],"wp:featuredmedia":[{"embeddable":true,"href":"https:\/\/www.europesays.com\/lv\/wp-json\/wp\/v2\/media\/103131"}],"wp:attachment":[{"href":"https:\/\/www.europesays.com\/lv\/wp-json\/wp\/v2\/media?parent=103130"}],"wp:term":[{"taxonomy":"category","embeddable":true,"href":"https:\/\/www.europesays.com\/lv\/wp-json\/wp\/v2\/categories?post=103130"},{"taxonomy":"post_tag","embeddable":true,"href":"https:\/\/www.europesays.com\/lv\/wp-json\/wp\/v2\/tags?post=103130"}],"curies":[{"name":"wp","href":"https:\/\/api.w.org\/{rel}","templated":true}]}}