{"id":103132,"date":"2026-01-13T14:18:09","date_gmt":"2026-01-13T14:18:09","guid":{"rendered":"https:\/\/www.europesays.com\/lv\/103132\/"},"modified":"2026-01-13T14:18:09","modified_gmt":"2026-01-13T14:18:09","slug":"krievija-uzbrukusi-ukrainai-ar-25-raketem-un-293-droniem-diena","status":"publish","type":"post","link":"https:\/\/www.europesays.com\/lv\/103132\/","title":{"rendered":"Krievija uzbrukusi Ukrainai ar 25 ra\u0137et\u0113m un 293 droniem \/ Diena"},"content":{"rendered":"<p>No tiem 240 droni notriekti vai neitraliz\u0113ti ar radioelektroniskiem c\u012b\u0146as l\u012bdzek\u013ciem. Notriektas ar\u012b septi\u0146as ra\u0137etes &#8211; divas ballistisk\u0101s ra\u0137etes &#8220;Iskander M&#8221; un piecas sp\u0101rnot\u0101s ra\u0137etes &#8220;Iskander K&#8221;.<\/p>\n<p>&#13;<br \/>\n&#13;<\/p>\n<p>Fiks\u0113ti ra\u0137e\u0161u un dronu tr\u0101p\u012bjumi 24 viet\u0101s.<\/p>\n<p>&#13;<br \/>\n&#13;<\/p>\n<p>No 293 droniem aptuveni 200 bija uzbrukuma lidroboti &#8220;Shahed&#8221;.<\/p>\n<p>&#13;<br \/>\n&#13;<\/p>\n<p>Krievija iz\u0161\u0101va 18 ra\u0137etes &#8220;Iskander M&#8221; un septi\u0146as &#8220;Iskander K&#8221;, zi\u0146o Ukrainas Gaisa sp\u0113ki.<\/p>\n<p>&#13;<\/p>\n","protected":false},"excerpt":{"rendered":"No tiem 240 droni notriekti vai neitraliz\u0113ti ar radioelektroniskiem c\u012b\u0146as l\u012bdzek\u013ciem. Notriektas ar\u012b septi\u0146as ra\u0137etes &#8211; divas ballistisk\u0101s&hellip;\n","protected":false},"author":2,"featured_media":103133,"comment_status":"","ping_status":"","sticky":false,"template":"","format":"standard","meta":{"footnotes":""},"categories":[5],"tags":[23,28,29,32,33,22,30,31,35,39,38,36,37,34,40,20,26,27,24,25,21],"class_list":{"0":"post-103132","1":"post","2":"type-post","3":"status-publish","4":"format-standard","5":"has-post-thumbnail","7":"category-aktualitates","8":"tag-aktualitates","9":"tag-breaking-news","10":"tag-breakingnews","11":"tag-featured-news","12":"tag-featurednews","13":"tag-headlines","14":"tag-latest-news","15":"tag-latestnews","16":"tag-latvia","17":"tag-latvian","18":"tag-latviesu","19":"tag-latviesu-valoda","20":"tag-latviesuvaloda","21":"tag-latvija","22":"tag-lv","23":"tag-news","24":"tag-popularakas-zinas","25":"tag-popularakaszinas","26":"tag-top-stories","27":"tag-topstories","28":"tag-zinas"},"share_on_mastodon":{"url":"https:\/\/pubeurope.com\/@lv\/115888226482489641","error":""},"_links":{"self":[{"href":"https:\/\/www.europesays.com\/lv\/wp-json\/wp\/v2\/posts\/103132","targetHints":{"allow":["GET"]}}],"collection":[{"href":"https:\/\/www.europesays.com\/lv\/wp-json\/wp\/v2\/posts"}],"about":[{"href":"https:\/\/www.europesays.com\/lv\/wp-json\/wp\/v2\/types\/post"}],"author":[{"embeddable":true,"href":"https:\/\/www.europesays.com\/lv\/wp-json\/wp\/v2\/users\/2"}],"replies":[{"embeddable":true,"href":"https:\/\/www.europesays.com\/lv\/wp-json\/wp\/v2\/comments?post=103132"}],"version-history":[{"count":0,"href":"https:\/\/www.europesays.com\/lv\/wp-json\/wp\/v2\/posts\/103132\/revisions"}],"wp:featuredmedia":[{"embeddable":true,"href":"https:\/\/www.europesays.com\/lv\/wp-json\/wp\/v2\/media\/103133"}],"wp:attachment":[{"href":"https:\/\/www.europesays.com\/lv\/wp-json\/wp\/v2\/media?parent=103132"}],"wp:term":[{"taxonomy":"category","embeddable":true,"href":"https:\/\/www.europesays.com\/lv\/wp-json\/wp\/v2\/categories?post=103132"},{"taxonomy":"post_tag","embeddable":true,"href":"https:\/\/www.europesays.com\/lv\/wp-json\/wp\/v2\/tags?post=103132"}],"curies":[{"name":"wp","href":"https:\/\/api.w.org\/{rel}","templated":true}]}}