{"id":103148,"date":"2026-01-13T14:45:07","date_gmt":"2026-01-13T14:45:07","guid":{"rendered":"https:\/\/www.europesays.com\/lv\/103148\/"},"modified":"2026-01-13T14:45:07","modified_gmt":"2026-01-13T14:45:07","slug":"lietuva-piemin-35-gadadienu-kops-tragiskajiem-13-janvara-notikumiem-raksts","status":"publish","type":"post","link":"https:\/\/www.europesays.com\/lv\/103148\/","title":{"rendered":"Lietuv\u0101 piemin 35. gadadienu kop\u0161 tra\u0123iskajiem 13. janv\u0101ra notikumiem \/ Raksts"},"content":{"rendered":"<p>Lietuv\u0101 \u0161odien piemin tra\u0123iskos 13. janv\u0101ra notikumus pirms 35 gadiem. Toreiz, padomju karasp\u0113ka vien\u012bb\u0101m ie\u0146emot Vi\u013c\u0146as radio un telev\u012bzijas centru, g\u0101ja boj\u0101 14 cilv\u0113ki, bet vair\u0101ki simti tika ievainoti.<\/p>\n<p>Pas\u0101kum\u0101 Seima nam\u0101 izskan\u0113ja atzi\u0146as ne tikai par v\u0113sturi, bet ar\u012b par tagadni. Lietuvas prezidents Gitans Naus\u0113da uzsv\u0113ra \u2013 br\u012bv\u0101 valst\u012b vieta ir ikvienam, neatkar\u012bgi no at\u0161\u0137ir\u012bgiem viedok\u013ciem un redz\u0113jumu par valsts p\u0101rvald\u012bbu:\u00a0<\/p>\n<p>&#8220;Visos jaut\u0101jumos m\u0113s nekad neatrad\u012bsim kopsauc\u0113ju, m\u0113s str\u012bd\u0113simies, k\u0101 lab\u0101k p\u0101rvald\u012bt valsti, k\u0101 sadal\u012bt ierobe\u017eotus resursus, k\u0101 risin\u0101t jaunas probl\u0113mas. Ar\u012b t\u0101 ir m\u016bsu br\u012bv\u012bbas izpausme. Kam\u0113r m\u016bs vieno m\u012blest\u012bba pret Lietuvu, m\u0113s varam daudz ko paciest un piedot viens otram. Kam\u0113r m\u016bs vieno m\u012blest\u012bba pret Lietuvu, m\u0113s varam pa\u013cauties viens uz otru.&#8221;<\/p>\n<p>Dz\u012bv\u012bbu zaud\u0113ju\u0161\u0101 br\u012bv\u012bbas aizst\u0101vja Apolinara Joza Povilaita d\u0113ls Roberts sav\u0101 run\u0101 uzsv\u0113ra, ka pirms 35 gadiem cilv\u0113ki aizst\u0101v\u0113ja nevis \u0113kas, bet gan ties\u012bbas br\u012bvi dom\u0101t, run\u0101t, dzird\u0113t un uzzin\u0101t par notieko\u0161o. Vi\u0146\u0161 ar\u012b v\u0113rsa uzman\u012bbu uz draudiem demokr\u0101tijai:<\/p>\n<p>&#8220;Kad politiskaj\u0101 retorik\u0101 risin\u0101jumu viet\u0101 s\u0101k mekl\u0113t ienaidniekus, kad naids un sabiedr\u012bbas sa\u0161\u0137elt\u012bba tiek normaliz\u0113ta, vairs nepast\u0101v viedok\u013cu da\u017e\u0101d\u012bba. Tas ir drauds demokr\u0101tijai. Kad pie varas non\u0101k naida kurin\u0101t\u0101ji, valsti s\u0101k graut no iek\u0161ienes,&#8221; vi\u0146\u0161 pauda.\u00a0Roberts ar\u012b piebilda, ka\u00a013. janv\u0101ris dod pien\u0101kumu Lietuvas sabiedr\u012bbai b\u016bt modrai ne tikai pret \u0101r\u0113jo agresiju, bet ar\u012b pret demokr\u0101tijas grau\u0161anu:<\/p>\n<p>&#8220;\u0160odien nacion\u0101lo mediju grib padar\u012bt par \u0113rtu \u2013 t\u0101du, kas neuzdod ne\u0113rtus jaut\u0101jumus. Br\u012bd\u012b, kad sabiedriskais medijs k\u013c\u016bst \u0113rts politi\u0137iem, tas p\u0101rst\u0101j b\u016bt sabiedrisks.&#8221;<\/p>\n<p>                    Valodas k\u013c\u016bda rakst\u0101?<\/p>\n<p class=\"d-none d-md-block\">Iez\u012bm\u0113jiet tekstu un spiediet Ctrl+Enter, lai nos\u016bt\u012btu labojamo teksta fragmentu redaktoram! Par faktu k\u013c\u016bd\u0101m l\u016bdzam zi\u0146ot e-past\u0101 <a href=\"https:\/\/www.lsm.lv\/cdn-cgi\/l\/email-protection\" class=\"__cf_email__\" data-cfemail=\"e0928584818b83898a81a08c938dce8c96\" rel=\"nofollow noopener\" target=\"_blank\">[email\u00a0protected]<\/a>.<\/p>\n<p class=\"d-md-none\">Iez\u012bm\u0113jiet tekstu un spiediet uz Zi\u0146ot par k\u013c\u016bdu pogas, lai nos\u016bt\u012btu labojamo teksta fragmentu redaktoram!<\/p>\n<p>\n                    Zi\u0146ot par k\u013c\u016bdu\n                <\/p>\n","protected":false},"excerpt":{"rendered":"Lietuv\u0101 \u0161odien piemin tra\u0123iskos 13. janv\u0101ra notikumus pirms 35 gadiem. Toreiz, padomju karasp\u0113ka vien\u012bb\u0101m ie\u0146emot Vi\u013c\u0146as radio un&hellip;\n","protected":false},"author":2,"featured_media":103149,"comment_status":"","ping_status":"","sticky":false,"template":"","format":"standard","meta":{"footnotes":""},"categories":[14],"tags":[23,57,28,29,32,33,22,30,31,35,39,38,36,37,34,40,20,26,27,24,25,54,55,56,21,58],"class_list":{"0":"post-103148","1":"post","2":"type-post","3":"status-publish","4":"format-standard","5":"has-post-thumbnail","7":"category-zinas-no-arvalstim","8":"tag-aktualitates","9":"tag-arvalstim","10":"tag-breaking-news","11":"tag-breakingnews","12":"tag-featured-news","13":"tag-featurednews","14":"tag-headlines","15":"tag-latest-news","16":"tag-latestnews","17":"tag-latvia","18":"tag-latvian","19":"tag-latviesu","20":"tag-latviesu-valoda","21":"tag-latviesuvaloda","22":"tag-latvija","23":"tag-lv","24":"tag-news","25":"tag-popularakas-zinas","26":"tag-popularakaszinas","27":"tag-top-stories","28":"tag-topstories","29":"tag-world","30":"tag-world-news","31":"tag-worldnews","32":"tag-zinas","33":"tag-zinas-no-arvalstim"},"share_on_mastodon":{"url":"https:\/\/pubeurope.com\/@lv\/115888332718556538","error":""},"_links":{"self":[{"href":"https:\/\/www.europesays.com\/lv\/wp-json\/wp\/v2\/posts\/103148","targetHints":{"allow":["GET"]}}],"collection":[{"href":"https:\/\/www.europesays.com\/lv\/wp-json\/wp\/v2\/posts"}],"about":[{"href":"https:\/\/www.europesays.com\/lv\/wp-json\/wp\/v2\/types\/post"}],"author":[{"embeddable":true,"href":"https:\/\/www.europesays.com\/lv\/wp-json\/wp\/v2\/users\/2"}],"replies":[{"embeddable":true,"href":"https:\/\/www.europesays.com\/lv\/wp-json\/wp\/v2\/comments?post=103148"}],"version-history":[{"count":0,"href":"https:\/\/www.europesays.com\/lv\/wp-json\/wp\/v2\/posts\/103148\/revisions"}],"wp:featuredmedia":[{"embeddable":true,"href":"https:\/\/www.europesays.com\/lv\/wp-json\/wp\/v2\/media\/103149"}],"wp:attachment":[{"href":"https:\/\/www.europesays.com\/lv\/wp-json\/wp\/v2\/media?parent=103148"}],"wp:term":[{"taxonomy":"category","embeddable":true,"href":"https:\/\/www.europesays.com\/lv\/wp-json\/wp\/v2\/categories?post=103148"},{"taxonomy":"post_tag","embeddable":true,"href":"https:\/\/www.europesays.com\/lv\/wp-json\/wp\/v2\/tags?post=103148"}],"curies":[{"name":"wp","href":"https:\/\/api.w.org\/{rel}","templated":true}]}}