{"id":103150,"date":"2026-01-13T14:46:13","date_gmt":"2026-01-13T14:46:13","guid":{"rendered":"https:\/\/www.europesays.com\/lv\/103150\/"},"modified":"2026-01-13T14:46:13","modified_gmt":"2026-01-13T14:46:13","slug":"bijusajam-jkp-liderim-eglitim-partija-parmet-lidzeklu-izskerdesanu-diena","status":"publish","type":"post","link":"https:\/\/www.europesays.com\/lv\/103150\/","title":{"rendered":"Biju\u0161ajam JKP l\u012bderim Egl\u012btim partija p\u0101rmet l\u012bdzek\u013cu iz\u0161\u0137\u0113rd\u0113\u0161anu \/ Diena"},"content":{"rendered":"<p>JKP pazi\u0146ojum\u0101 teikts, ka Egl\u012btis, kur\u0161 2022. gad\u0101 k\u013cuva par partijas vad\u012bt\u0101ju p\u0113c J\u0101\u0146a Bord\u0101na atk\u0101p\u0161an\u0101s, nesp\u0113ja \u012bstenot sol\u012bto partijas atjauno\u0161anu. Vi\u0146a vad\u012bbas laik\u0101 pieauga ba\u017eas par finan\u0161u izlietojumu, atkl\u0101t\u012bbas tr\u016bkumu un m\u0113\u0123in\u0101jumiem ierobe\u017eot iek\u0161\u0113jo demokr\u0101tiju, kas noveda pie valdes locek\u013cu atk\u0101p\u0161an\u0101s un biedru aizie\u0161anas.<\/p>\n<p>&#13;<br \/>\n&#13;<\/p>\n<p>2024. gad\u0101 biedri iev\u0113l\u0113ja jaunu valdi, kas Egl\u012bti izsl\u0113dza no partijas par p\u0101rk\u0101pumiem. JKP uzsver, ka Egl\u012b\u0161a darb\u012bba nodar\u012bja b\u016btisku kait\u0113jumu organiz\u0101cijai, ta\u010du partija ir guvusi v\u0113rt\u012bgu m\u0101c\u012bbu un \u0161obr\u012bd str\u0101d\u0101 pie demokr\u0101tiskas, v\u0113rt\u012bb\u0101s balst\u012btas politikas pied\u0101v\u0101juma, teikts partijas pazi\u0146ojum\u0101.<\/p>\n<p>&#13;<br \/>\n&#13;<\/p>\n<p>LETA jau v\u0113st\u012bja, ka Egl\u012btis nol\u0113mis pievienoties NA, jo vi\u0146\u0161 iest\u0101joties par nacion\u0101l\u0101m un konservat\u012bv\u0101m v\u0113rt\u012bb\u0101m. Egl\u012btis sola, ka vi\u0146a galven\u0101s priorit\u0101tes politik\u0101 b\u016b\u0161ot sistem\u0101tisks un pla\u0161s atbalsts \u0123imen\u0113m ar b\u0113rniem, str\u0101d\u0101jot kop\u0101 ar Elinu Treiju (NA) un Imantu Par\u0101dnieku (NA).<\/p>\n<p>&#13;<br \/>\n&#13;<\/p>\n<p>Pirms ie\u0161anas politik\u0101 Egl\u012btis vair\u0101kus gadus str\u0101d\u0101ja Eiropas Komisij\u0101 ar Latvijas ekonomikas, finan\u0161u un bud\u017eeta uzraudz\u012bbas jaut\u0101jumiem. Egl\u012btis tika iev\u0113l\u0113ts 13. Saeim\u0101 no JKP saraksta un 2021. gad\u0101 k\u013cuva par labkl\u0101j\u012bbas ministru.<\/p>\n<p>&#13;<br \/>\n&#13;<\/p>\n<p>Egl\u012btis 2022. gad\u0101 kandid\u0113ja ar\u012b 14. Saeimas v\u0113l\u0113\u0161an\u0101s no saraksta &#8220;Konservat\u012bvie&#8221;, kas Saeim\u0101 neiek\u013cuva. P\u0113c v\u0101ja snieguma vair\u0101k\u0101s v\u0113l\u0113\u0161an\u0101s s\u0101k\u0101s pak\u0101penisks JKP sabrukums, kura laik\u0101 JKP valdes priek\u0161s\u0113d\u0113t\u0101js k\u0101du laiku bija ar\u012b Egl\u012btis.<\/p>\n<p>&#13;<br \/>\n&#13;<\/p>\n<p>JKP 2014. gad\u0101 izveidoja jurists Bord\u0101ns, kur\u0161 pirms tam bija darbojies NA.<\/p>\n<p>&#13;<\/p>\n","protected":false},"excerpt":{"rendered":"JKP pazi\u0146ojum\u0101 teikts, ka Egl\u012btis, kur\u0161 2022. gad\u0101 k\u013cuva par partijas vad\u012bt\u0101ju p\u0113c J\u0101\u0146a Bord\u0101na atk\u0101p\u0161an\u0101s, nesp\u0113ja \u012bstenot&hellip;\n","protected":false},"author":2,"featured_media":103151,"comment_status":"","ping_status":"","sticky":false,"template":"","format":"standard","meta":{"footnotes":""},"categories":[12],"tags":[23,28,29,32,33,22,30,31,35,39,38,36,37,34,40,20,26,27,24,25,21],"class_list":{"0":"post-103150","1":"post","2":"type-post","3":"status-publish","4":"format-standard","5":"has-post-thumbnail","7":"category-latvija","8":"tag-aktualitates","9":"tag-breaking-news","10":"tag-breakingnews","11":"tag-featured-news","12":"tag-featurednews","13":"tag-headlines","14":"tag-latest-news","15":"tag-latestnews","16":"tag-latvia","17":"tag-latvian","18":"tag-latviesu","19":"tag-latviesu-valoda","20":"tag-latviesuvaloda","21":"tag-latvija","22":"tag-lv","23":"tag-news","24":"tag-popularakas-zinas","25":"tag-popularakaszinas","26":"tag-top-stories","27":"tag-topstories","28":"tag-zinas"},"share_on_mastodon":{"url":"https:\/\/pubeurope.com\/@lv\/115888337280403566","error":""},"_links":{"self":[{"href":"https:\/\/www.europesays.com\/lv\/wp-json\/wp\/v2\/posts\/103150","targetHints":{"allow":["GET"]}}],"collection":[{"href":"https:\/\/www.europesays.com\/lv\/wp-json\/wp\/v2\/posts"}],"about":[{"href":"https:\/\/www.europesays.com\/lv\/wp-json\/wp\/v2\/types\/post"}],"author":[{"embeddable":true,"href":"https:\/\/www.europesays.com\/lv\/wp-json\/wp\/v2\/users\/2"}],"replies":[{"embeddable":true,"href":"https:\/\/www.europesays.com\/lv\/wp-json\/wp\/v2\/comments?post=103150"}],"version-history":[{"count":0,"href":"https:\/\/www.europesays.com\/lv\/wp-json\/wp\/v2\/posts\/103150\/revisions"}],"wp:featuredmedia":[{"embeddable":true,"href":"https:\/\/www.europesays.com\/lv\/wp-json\/wp\/v2\/media\/103151"}],"wp:attachment":[{"href":"https:\/\/www.europesays.com\/lv\/wp-json\/wp\/v2\/media?parent=103150"}],"wp:term":[{"taxonomy":"category","embeddable":true,"href":"https:\/\/www.europesays.com\/lv\/wp-json\/wp\/v2\/categories?post=103150"},{"taxonomy":"post_tag","embeddable":true,"href":"https:\/\/www.europesays.com\/lv\/wp-json\/wp\/v2\/tags?post=103150"}],"curies":[{"name":"wp","href":"https:\/\/api.w.org\/{rel}","templated":true}]}}