{"id":103156,"date":"2026-01-13T14:51:19","date_gmt":"2026-01-13T14:51:19","guid":{"rendered":"https:\/\/www.europesays.com\/lv\/103156\/"},"modified":"2026-01-13T14:51:19","modified_gmt":"2026-01-13T14:51:19","slug":"moldovas-prezidente-maija-sandu-referenduma-atbalstitu-apvienosanos-ar-rumaniju","status":"publish","type":"post","link":"https:\/\/www.europesays.com\/lv\/103156\/","title":{"rendered":"Moldovas prezidente Maija Sandu referendum\u0101 atbalst\u012btu apvieno\u0161anos ar Rum\u0101niju"},"content":{"rendered":"<p>T\u0101dai mazai valstij k\u0101 <a href=\"https:\/\/www.tvnet.lv\/term\/14731\/moldova\" class=\"topicLink\" target=\"_blank\" rel=\"nofollow noopener\">Moldova<\/a> &#8220;k\u013c\u016bst arvien gr\u016bt\u0101k izdz\u012bvot k\u0101 demokr\u0101tijai, k\u0101 suver\u0113nai valstij un, protams, pretoties Krievijai&#8221;, intervij\u0101 kl\u0101st\u012bja prezidente.<\/p>\n<p>&#8220;Ja mums b\u016bs <a href=\"https:\/\/www.tvnet.lv\/term\/572232\/referendums\" class=\"topicLink\" target=\"_blank\" rel=\"nofollow noopener\">referendums<\/a>, es balso\u0161u par apvieno\u0161anos ar Rum\u0101niju,&#8221; sac\u012bja Sandu.<\/p>\n<p>Tiesa, k\u0101 atzina prezidente, &#8220;raugoties uz aptauj\u0101m, \u0161odien nav cilv\u0113ku vair\u0101kuma, kas atbalst\u012btu Moldovas apvieno\u0161anos ar Rum\u0101niju&#8221;.<\/p>\n<p>Sandu vad\u012bb\u0101 Moldova ir iesniegusi pieteikumu dal\u012bbai Eiropas Savien\u012bb\u0101 (ES), ko prezidente intervij\u0101 raksturoja k\u0101 &#8220;re\u0101l\u0101ku m\u0113r\u0137i&#8221;.<\/p>\n<p>Sarunas par pievieno\u0161anos 27 valstu blokam s\u0101k\u0101s p\u0113rn.<\/p>\n<p>Sandu partija septembr\u012b p\u0101rliecino\u0161i uzvar\u0113ja parlamenta v\u0113l\u0113\u0161an\u0101s, turpinot Moldovas proeiropeisko virz\u012bbu. Sandu ieguva otro mand\u0101tu 2024. gad\u0101.<\/p>\n<p>M\u016bsdienu Moldovas teritorija, atskaitot Pied\u0146estru, l\u012bdz 1940. gadam atrad\u0101s Rum\u0101nijas sast\u0101v\u0101, kad to l\u012bdz ar p\u0101r\u0113jo Rum\u0101nijas Besar\u0101bijas provinci, balstoties ar V\u0101ciju nosl\u0113gtaj\u0101 Molotova-Ribentropa pakt\u0101, anekt\u0113ja Padomju Savien\u012bba.<\/p>\n","protected":false},"excerpt":{"rendered":"T\u0101dai mazai valstij k\u0101 Moldova &#8220;k\u013c\u016bst arvien gr\u016bt\u0101k izdz\u012bvot k\u0101 demokr\u0101tijai, k\u0101 suver\u0113nai valstij un, protams, pretoties Krievijai&#8221;,&hellip;\n","protected":false},"author":2,"featured_media":103157,"comment_status":"","ping_status":"","sticky":false,"template":"","format":"standard","meta":{"footnotes":""},"categories":[14],"tags":[23,57,28,29,32,33,22,30,31,35,39,38,36,37,34,40,1453,20,26,27,7914,7436,24,25,54,55,56,21,58],"class_list":{"0":"post-103156","1":"post","2":"type-post","3":"status-publish","4":"format-standard","5":"has-post-thumbnail","7":"category-zinas-no-arvalstim","8":"tag-aktualitates","9":"tag-arvalstim","10":"tag-breaking-news","11":"tag-breakingnews","12":"tag-featured-news","13":"tag-featurednews","14":"tag-headlines","15":"tag-latest-news","16":"tag-latestnews","17":"tag-latvia","18":"tag-latvian","19":"tag-latviesu","20":"tag-latviesu-valoda","21":"tag-latviesuvaloda","22":"tag-latvija","23":"tag-lv","24":"tag-moldova","25":"tag-news","26":"tag-popularakas-zinas","27":"tag-popularakaszinas","28":"tag-referendums","29":"tag-rumanija","30":"tag-top-stories","31":"tag-topstories","32":"tag-world","33":"tag-world-news","34":"tag-worldnews","35":"tag-zinas","36":"tag-zinas-no-arvalstim"},"share_on_mastodon":{"url":"https:\/\/pubeurope.com\/@lv\/115888356344759113","error":""},"_links":{"self":[{"href":"https:\/\/www.europesays.com\/lv\/wp-json\/wp\/v2\/posts\/103156","targetHints":{"allow":["GET"]}}],"collection":[{"href":"https:\/\/www.europesays.com\/lv\/wp-json\/wp\/v2\/posts"}],"about":[{"href":"https:\/\/www.europesays.com\/lv\/wp-json\/wp\/v2\/types\/post"}],"author":[{"embeddable":true,"href":"https:\/\/www.europesays.com\/lv\/wp-json\/wp\/v2\/users\/2"}],"replies":[{"embeddable":true,"href":"https:\/\/www.europesays.com\/lv\/wp-json\/wp\/v2\/comments?post=103156"}],"version-history":[{"count":0,"href":"https:\/\/www.europesays.com\/lv\/wp-json\/wp\/v2\/posts\/103156\/revisions"}],"wp:featuredmedia":[{"embeddable":true,"href":"https:\/\/www.europesays.com\/lv\/wp-json\/wp\/v2\/media\/103157"}],"wp:attachment":[{"href":"https:\/\/www.europesays.com\/lv\/wp-json\/wp\/v2\/media?parent=103156"}],"wp:term":[{"taxonomy":"category","embeddable":true,"href":"https:\/\/www.europesays.com\/lv\/wp-json\/wp\/v2\/categories?post=103156"},{"taxonomy":"post_tag","embeddable":true,"href":"https:\/\/www.europesays.com\/lv\/wp-json\/wp\/v2\/tags?post=103156"}],"curies":[{"name":"wp","href":"https:\/\/api.w.org\/{rel}","templated":true}]}}