{"id":103174,"date":"2026-01-13T15:04:15","date_gmt":"2026-01-13T15:04:15","guid":{"rendered":"https:\/\/www.europesays.com\/lv\/103174\/"},"modified":"2026-01-13T15:04:15","modified_gmt":"2026-01-13T15:04:15","slug":"pirmo-reizi-muza-pieredzejusie-zinu-moderatori-talis-eipurs-un-arta-skuja-peksni-atlaisti-no-darba-360tv-la-lv","status":"publish","type":"post","link":"https:\/\/www.europesays.com\/lv\/103174\/","title":{"rendered":"\u201cPirmo reizi m\u016b\u017e\u0101\u2026\u201d Pieredz\u0113ju\u0161ie zi\u0146u moderatori T\u0101lis Eipurs un Arta Skuja p\u0113k\u0161\u0146i atlaisti no darba 360TV &#8211; LA.LV"},"content":{"rendered":"<ol>\n<li><a href=\"https:\/\/news.google.com\/rss\/articles\/CBMiwAFBVV95cUxNYzhoSHZISG9LQzMyWEZuUzFreUtiOGZ3bDVrZFRGY0VvNFBsS3pWYkhDZXpkNEVQTTQ1WDd5dzFiaWVCUjhhU3lrblI3N3djOFBaVXpERGZtU1ZpUmtGc3dJVGJNMjE3aVUzVHg0OVljU2RqTk5scEgtNWU1WkVfcVl1TzkyZWxjeFB1LUQ2QWpmMHNrRHQ3RFhEaVIzZktQWkpnM0RBSHo5VHcyWFpCRDByMHNsbUZJWjlyTDVBSkY?oc=5\" target=\"_blank\" rel=\"nofollow noopener\">\u201cPirmo reizi m\u016b\u017e\u0101\u2026\u201d Pieredz\u0113ju\u0161ie zi\u0146u moderatori T\u0101lis Eipurs un Arta Skuja p\u0113k\u0161\u0146i atlaisti no darba 360TV<\/a>&nbsp;&nbsp;LA.LV<\/li>\n<li><a href=\"https:\/\/news.google.com\/rss\/articles\/CBMikwFBVV95cUxPY2theVJJdXgtOFRsVDF6NTJqODhOS2QwTTYtZUI5dURvLWVlNnB6SndZUEIzZDdoMkVrQlNUeTUwN0JMSUVBX1NaMS1iV05sdzlfMmdWTkg1ZUlwY0xxWHc2bHRZajNZMWE2cGpFcW05LUlocUE2elRlb3drVmMtSGl5UU1OejFqTGpzRHRkSTRuX28?oc=5\" target=\"_blank\" rel=\"nofollow noopener\">Arta Skuja un T\u0101lis Eipurs zaud\u0113 darbu telev\u012bzij\u0101<\/a>&nbsp;&nbsp;Jauns.lv<\/li>\n<li><a href=\"https:\/\/news.google.com\/rss\/articles\/CBMilAFBVV95cUxOOFNBdzBjZUlKelZiUnQ3ajN6RnN2MFhkcWU0UEJCUnBFUXdzV0xtQURxTFRoOFpUVXVqTDk1YkVUOGU5V3Zkbm1yVFdOc3dpR181M1R0Uk4tTHRNTEhtbUpyVWprOGVmdUU0N2pVdkZkUzZJd1hQWDVMTXM2OTlER3Z1bVRwZ2hlYnE4QVFlVExjUXdV?oc=5\" target=\"_blank\" rel=\"nofollow noopener\">P\u0101rmai\u0146as 360TV \u0113ter\u0101. Darbu zaud\u0113 T\u0101lis Eipurs un Arta Skuja<\/a>&nbsp;&nbsp;Apollo.lv<\/li>\n<li><a href=\"https:\/\/news.google.com\/rss\/articles\/CBMiiAFBVV95cUxNOFdZNHMwX0RkSFNDak96cGRTMnFaQmpqRzN0Rmx5M29LMWxEOU5SWnFKaV95Z2VaUTNPY2ZlNVBHNGFsRF9pYU5mQWNGOVFwSDUwclNndFR0U3MxUFNhcWh1dVRLOVJ0TkdtekpCNkc4WkFPTXhmQ09EQnRaMTY1Mk1kT1dIcDRK?oc=5\" target=\"_blank\" rel=\"nofollow noopener\">Zi\u0146u diktore Arta Skuja zaud\u0113jusi darbu telev\u012bzij\u0101<\/a>&nbsp;&nbsp;Sejas.lv<\/li>\n<li><a href=\"https:\/\/news.google.com\/rss\/articles\/CBMitAFBVV95cUxOM1JNOFNDcFJEWU5oTk90eWRSNjZBWHFQdXY5aGZBTG0yTVNicEJaaWlBa0lfekxfUFZTSjRZc2wtT3NGZ2IxOVZVNXpUdjBVRmlHWU5oVVZqaEJONHpkbTlVcEVzVG54SHVDZ3Fmb1ZHbGo2ZkxFelNfSndSZEF6Ym41cnF6aVFkUlhSVC15bFQzNEZzanpCVjd4WUk3NkN1dzBMeG95R2t0RWVXSVNIRjFRSWc?oc=5\" target=\"_blank\" rel=\"nofollow noopener\">&#8220;Tas bija p\u0101rsteigums&#8221;: Arta Skuja un T\u0101lis Eipurs atlaisti no 360TV<\/a>&nbsp;&nbsp;Lasi.lv<\/li>\n<\/ol>\n","protected":false},"excerpt":{"rendered":"\u201cPirmo reizi m\u016b\u017e\u0101\u2026\u201d Pieredz\u0113ju\u0161ie zi\u0146u moderatori T\u0101lis Eipurs un Arta Skuja p\u0113k\u0161\u0146i atlaisti no darba 360TV&nbsp;&nbsp;LA.LV Arta Skuja&hellip;\n","protected":false},"author":2,"featured_media":103175,"comment_status":"","ping_status":"","sticky":false,"template":"","format":"standard","meta":{"footnotes":""},"categories":[12],"tags":[23,28,29,32,33,22,30,31,35,39,38,36,37,34,40,20,26,27,24,25,21],"class_list":{"0":"post-103174","1":"post","2":"type-post","3":"status-publish","4":"format-standard","5":"has-post-thumbnail","7":"category-latvija","8":"tag-aktualitates","9":"tag-breaking-news","10":"tag-breakingnews","11":"tag-featured-news","12":"tag-featurednews","13":"tag-headlines","14":"tag-latest-news","15":"tag-latestnews","16":"tag-latvia","17":"tag-latvian","18":"tag-latviesu","19":"tag-latviesu-valoda","20":"tag-latviesuvaloda","21":"tag-latvija","22":"tag-lv","23":"tag-news","24":"tag-popularakas-zinas","25":"tag-popularakaszinas","26":"tag-top-stories","27":"tag-topstories","28":"tag-zinas"},"share_on_mastodon":{"url":"https:\/\/pubeurope.com\/@lv\/115888407389839695","error":""},"_links":{"self":[{"href":"https:\/\/www.europesays.com\/lv\/wp-json\/wp\/v2\/posts\/103174","targetHints":{"allow":["GET"]}}],"collection":[{"href":"https:\/\/www.europesays.com\/lv\/wp-json\/wp\/v2\/posts"}],"about":[{"href":"https:\/\/www.europesays.com\/lv\/wp-json\/wp\/v2\/types\/post"}],"author":[{"embeddable":true,"href":"https:\/\/www.europesays.com\/lv\/wp-json\/wp\/v2\/users\/2"}],"replies":[{"embeddable":true,"href":"https:\/\/www.europesays.com\/lv\/wp-json\/wp\/v2\/comments?post=103174"}],"version-history":[{"count":0,"href":"https:\/\/www.europesays.com\/lv\/wp-json\/wp\/v2\/posts\/103174\/revisions"}],"wp:featuredmedia":[{"embeddable":true,"href":"https:\/\/www.europesays.com\/lv\/wp-json\/wp\/v2\/media\/103175"}],"wp:attachment":[{"href":"https:\/\/www.europesays.com\/lv\/wp-json\/wp\/v2\/media?parent=103174"}],"wp:term":[{"taxonomy":"category","embeddable":true,"href":"https:\/\/www.europesays.com\/lv\/wp-json\/wp\/v2\/categories?post=103174"},{"taxonomy":"post_tag","embeddable":true,"href":"https:\/\/www.europesays.com\/lv\/wp-json\/wp\/v2\/tags?post=103174"}],"curies":[{"name":"wp","href":"https:\/\/api.w.org\/{rel}","templated":true}]}}