{"id":103186,"date":"2026-01-13T15:11:11","date_gmt":"2026-01-13T15:11:11","guid":{"rendered":"https:\/\/www.europesays.com\/lv\/103186\/"},"modified":"2026-01-13T15:11:11","modified_gmt":"2026-01-13T15:11:11","slug":"cilveki-var-tikai-skandet-sauklus-un-nomirt-izskan-liecibas-par-vardarbigo-protestu-apspiesanu-irana","status":"publish","type":"post","link":"https:\/\/www.europesays.com\/lv\/103186\/","title":{"rendered":"&#8220;Cilv\u0113ki var tikai skand\u0113t sauk\u013cus un nomirt.&#8221; Izskan liec\u012bbas par vardarb\u012bgo protestu apspie\u0161anu Ir\u0101n\u0101"},"content":{"rendered":"<p>Kop\u0161 8. janv\u0101ra Ir\u0101n\u0101 uzliesmojis jauns protestu un to apspie\u0161anas vilnis. Valst\u012b vair\u0101kas dienas stingri tika ierobe\u017eota piek\u013cuve internetam, bet tagad, kad ir\u0101\u0146i var atkal sazin\u0101ties ar \u0101rpasauli, izskan briesm\u012bgas zi\u0146as par valst\u012b notieko\u0161o.<\/p>\n<p>Omids dz\u012bvo neliel\u0101 pils\u0113t\u0101 Ir\u0101nas dienvidos. Vi\u0146\u0161 st\u0101sta, ka Ir\u0101nas dro\u0161\u012bbnieki tur esot atkl\u0101ju\u0161i uguni uz neapbru\u0146otiem protest\u0113t\u0101jiem. &#8220;M\u0113s tuk\u0161\u0101m rok\u0101m c\u012bn\u0101mies pret brut\u0101lu re\u017e\u012bmu,&#8221; vi\u0146\u0161 saka.<\/p>\n<p>Viens no pla\u0161\u0101kajiem pret Ir\u0101n\u0101 valdo\u0161o re\u017e\u012bmu v\u0113rstajiem protestiem notika ceturtdien, 8. janv\u0101r\u012b. Pievienoties protestiem ir\u0101\u0146us mudin\u0101ja Ir\u0101nas isl\u0101ma revol\u016bcij\u0101 1979. gad\u0101 g\u0101zt\u0101 \u0161aha vec\u0101kais d\u0113ls, ASV dz\u012bvojo\u0161ais Reza Pahlavi, kur\u0161 ar\u012b pras\u012bjis ASV iejauk\u0161anos.<\/p>\n<p>Ir\u0101nas augstais l\u012bderis ajatolla Ali Hamenei savuk\u0101rt pazi\u0146ojis, ka vi\u0146a vad\u012btais re\u017e\u012bms nepado\u0161oties.<\/p>\n<p><img decoding=\"async\" class=\"figure__image\" onclick=\"triggerEvent('articleImageClick', { id: 17385401, focus: 'single-image', focusIndex: '17385401' })\" onkeydown=\"if (event.key === 'Enter') {&#10;        triggerEvent('articleImageClick', { id: 17385401, focus: 'single-image', focusIndex: '17385401' })&#10;        }\" role=\"button\" tabindex=\"0\" data-focus-from=\"single-image\" data-focus-index=\"17385401\" src=\"https:\/\/www.europesays.com\/lv\/wp-content\/uploads\/2026\/01\/17385401t1h0717.jpg\"  onload=\"this.parentElement.classList.remove('figure__image-loading')\" alt=\"\"\/> Foto: SIPA\/Scanpix<\/p>\n<p>K\u0101da aculieciniece past\u0101st\u012bja, ka ceturtdien vis\u0101 Teher\u0101n\u0101 iel\u0101s esot izg\u0101ju\u0161i protest\u0113t\u0101ju p\u016b\u013ci. &#8220;Bet piektdien dro\u0161\u012bbas sp\u0113ki tikai slakt\u0113ja un slakt\u0113ja, un slakt\u0113ja. Kad redz\u0113ju to pati sav\u0101m ac\u012bm, piln\u012bb\u0101 apskr\u0113j\u0101s d\u016b\u0161a. Piektdiena bija asi\u0146aina diena,&#8221; vi\u0146a st\u0101sta. P\u0113c tam daudzi ir\u0101\u0146i baid\u012bj\u0101s iziet iel\u0101s un t\u0101 viet\u0101 skand\u0113ja sauk\u013cus m\u0101j\u0101s.<\/p>\n<p>&#8220;Kar\u0101 ab\u0101m pus\u0113m ir iero\u010di. Bet \u0161eit cilv\u0113ki var tikai skand\u0113t sauk\u013cus un nomirt. Tas ir vienpus\u0113js kar\u0161,&#8221; sac\u012bja aculieciniece.<\/p>\n<p>Norv\u0113\u0123ij\u0101 b\u0101z\u0113t\u0101 organiz\u0101cija &#8220;Iran Human Rights&#8221; pirmdien pazi\u0146oja, ka Ir\u0101n\u0101 nogalin\u0101ti vismaz 648 protest\u0113t\u0101ji. Ta\u010du &#8220;BBC Persian&#8221; interv\u0113tie aculiecinieki uzskata, ka patiesais skaitlis ir daudzreiz liel\u0101ks. Raidorganiz\u0101cija nor\u0101da, ka patlaban tai nav pieejama dro\u0161ticama inform\u0101cija. Medijs uzsver, ka liec\u012bbu daudzums un tas, cik t\u0101s ir l\u012bdz\u012bgas, nor\u0101da uz Ir\u0101nas re\u017e\u012bma pastr\u0101d\u0101tu vardarb\u012bbu pret protest\u0113t\u0101jiem un pla\u0161u let\u0101la sp\u0113ka lieto\u0161anu.<\/p>\n","protected":false},"excerpt":{"rendered":"Kop\u0161 8. janv\u0101ra Ir\u0101n\u0101 uzliesmojis jauns protestu un to apspie\u0161anas vilnis. Valst\u012b vair\u0101kas dienas stingri tika ierobe\u017eota piek\u013cuve&hellip;\n","protected":false},"author":2,"featured_media":103187,"comment_status":"","ping_status":"","sticky":false,"template":"","format":"standard","meta":{"footnotes":""},"categories":[5],"tags":[23,28,29,32,33,22,2562,30,31,35,39,38,36,37,34,40,20,26,27,4204,24,25,21],"class_list":{"0":"post-103186","1":"post","2":"type-post","3":"status-publish","4":"format-standard","5":"has-post-thumbnail","7":"category-aktualitates","8":"tag-aktualitates","9":"tag-breaking-news","10":"tag-breakingnews","11":"tag-featured-news","12":"tag-featurednews","13":"tag-headlines","14":"tag-irana","15":"tag-latest-news","16":"tag-latestnews","17":"tag-latvia","18":"tag-latvian","19":"tag-latviesu","20":"tag-latviesu-valoda","21":"tag-latviesuvaloda","22":"tag-latvija","23":"tag-lv","24":"tag-news","25":"tag-popularakas-zinas","26":"tag-popularakaszinas","27":"tag-protesti","28":"tag-top-stories","29":"tag-topstories","30":"tag-zinas"},"share_on_mastodon":{"url":"https:\/\/pubeurope.com\/@lv\/115888435029366272","error":""},"_links":{"self":[{"href":"https:\/\/www.europesays.com\/lv\/wp-json\/wp\/v2\/posts\/103186","targetHints":{"allow":["GET"]}}],"collection":[{"href":"https:\/\/www.europesays.com\/lv\/wp-json\/wp\/v2\/posts"}],"about":[{"href":"https:\/\/www.europesays.com\/lv\/wp-json\/wp\/v2\/types\/post"}],"author":[{"embeddable":true,"href":"https:\/\/www.europesays.com\/lv\/wp-json\/wp\/v2\/users\/2"}],"replies":[{"embeddable":true,"href":"https:\/\/www.europesays.com\/lv\/wp-json\/wp\/v2\/comments?post=103186"}],"version-history":[{"count":0,"href":"https:\/\/www.europesays.com\/lv\/wp-json\/wp\/v2\/posts\/103186\/revisions"}],"wp:featuredmedia":[{"embeddable":true,"href":"https:\/\/www.europesays.com\/lv\/wp-json\/wp\/v2\/media\/103187"}],"wp:attachment":[{"href":"https:\/\/www.europesays.com\/lv\/wp-json\/wp\/v2\/media?parent=103186"}],"wp:term":[{"taxonomy":"category","embeddable":true,"href":"https:\/\/www.europesays.com\/lv\/wp-json\/wp\/v2\/categories?post=103186"},{"taxonomy":"post_tag","embeddable":true,"href":"https:\/\/www.europesays.com\/lv\/wp-json\/wp\/v2\/tags?post=103186"}],"curies":[{"name":"wp","href":"https:\/\/api.w.org\/{rel}","templated":true}]}}