{"id":103194,"date":"2026-01-13T15:15:09","date_gmt":"2026-01-13T15:15:09","guid":{"rendered":"https:\/\/www.europesays.com\/lv\/103194\/"},"modified":"2026-01-13T15:15:09","modified_gmt":"2026-01-13T15:15:09","slug":"ungarijas-parlamenta-velesanas-ilggadejam-premjeram-orbanam-nepieredzeta-opozicijas-konkurence-raksts","status":"publish","type":"post","link":"https:\/\/www.europesays.com\/lv\/103194\/","title":{"rendered":"Ung\u0101rijas parlamenta v\u0113l\u0113\u0161an\u0101s ilggad\u0113jam premjeram Orb\u0101nam \u2013 nepieredz\u0113ta opoz\u012bcijas konkurence \/ Raksts"},"content":{"rendered":"<p>Ung\u0101rij\u0101 12. apr\u012bl\u012b notiks parlamenta v\u0113l\u0113\u0161anas, otrdien pazi\u0146ojis Ung\u0101rijas prezidents Tam\u0101\u0161s \u0160ujoks.\u00a0V\u0113l\u0113\u0161an\u0101s Ung\u0101rijas premjerministru Viktoru Orb\u0101nu, kur\u0161 pie varas atrodas jau 16 gadus, un vi\u0146a vad\u012bto partiju &#8220;Fidesz&#8221; gaida l\u012bdz \u0161im nepieredz\u0113ta konkurence no opoz\u012bcijas l\u012bdera P\u0113tera Ma\u0123ara vad\u012bt\u0101s Cie\u0146as un br\u012bv\u012bbas partijas (&#8220;Tisza&#8221;).<\/p>\n<p>Sabiedrisk\u0101s domas aptauj\u0101s &#8220;Tisza&#8221; apsteidz &#8220;Fidesz&#8221;. Daudzi ung\u0101ri ir neapmierin\u0101ti ar ekonomikas stagn\u0101ciju, sabiedrisko pakalpojumu kvalit\u0101ti un skand\u0101liem, kas iedrag\u0101ju\u0161i tic\u012bbu vald\u012bbai, un \u0161\u012b neapmierin\u0101t\u012bba atspogu\u013cojas ar\u012b aptauj\u0101s.<\/p>\n<blockquote>\n<p>Priek\u0161v\u0113l\u0113\u0161anu kampa\u0146a Ung\u0101rij\u0101 jau ir s\u0101kusies, un, kam\u0113r Ma\u0123ars apbrauk\u0101 valsti, lai tiktos ar v\u0113l\u0113t\u0101jiem, Orb\u0101ns devies \u0101rvalstu viz\u012bt\u0113s uz Va\u0161ingtonu un Maskavu.<\/p>\n<\/blockquote>\n<p>Ung\u0101rijas premjerministrs uztur labas attiec\u012bbas ar Krieviju un \u0136\u012bnu, k\u0101 ar\u012b ASV prezidentu Donaldu Trampu, bet iesaist\u012bjies konfliktos ar Briseli, kas ba\u017e\u012bjas par likuma varas iev\u0113ro\u0161anu Ung\u0101rij\u0101 Orb\u0101na vad\u012bb\u0101. 62 gadus vecais Orb\u0101ns, kur\u0161 atgriez\u0101s pie varas 2010. gad\u0101 un v\u0113las palikt premjerministra amat\u0101 uz piekto termi\u0146u p\u0113c k\u0101rtas, sevi pasniedz k\u0101 dro\u0161u izv\u0113li, apvainojot Eiropas Savien\u012bbu (ES) Ukrainas kara paildzin\u0101\u0161an\u0101, sniedzot atbalstu Kijivai.<\/p>\n<p>P\u0113d\u0113jos m\u0113ne\u0161os Orb\u0101ns ar\u012b \u012bstenojis vair\u0101kus atbalsta pas\u0101kumus, kas paredz\u0113ti pirmreiz\u0113jiem m\u0101jok\u013cu pirc\u0113jiem, m\u0101mi\u0146\u0101m ar vismaz diviem b\u0113rniem un pension\u0101riem.<\/p>\n<p>Orb\u0101ns ar\u012b k\u013cuvis par Kijivas nikn\u0101ko kritiz\u0113t\u0101ju Eiropas Savien\u012bb\u0101, atsakoties s\u016bt\u012bt milit\u0101ro pal\u012bdz\u012bbu un kav\u0113jot Ukrainas centienus k\u013c\u016bt par ES dal\u012bbvalsti.<\/p>\n<p>44 gadus vecais Ma\u0123ars, kur\u0161 p\u0113c izgl\u012bt\u012bbas ir jurists un str\u0101d\u0101jis diplom\u0101tiskaj\u0101 dienest\u0101, sola sist\u0113miskas p\u0101rmai\u0146as, tostarp c\u012b\u0146u pret valst\u012b pla\u0161i izplat\u012bto korupciju, sabiedrisko pakalpojumu efektivit\u0101tes uzlabo\u0161anu un centienus atbr\u012bvot miljardiem eiro lielo ES finans\u0113jumu, kas Ung\u0101rijai iesald\u0113ts tiesiskuma p\u0101rk\u0101pumu d\u0113\u013c.<\/p>\n<p>Pla\u0161\u0101ku atpaz\u012bstam\u012bbu vi\u0146\u0161 ieguva 2024. gada s\u0101kum\u0101, kad publiski aps\u016bdz\u0113ja vald\u012bbu korupcij\u0101 un nepotism\u0101 p\u0113c skand\u0101la, kas izc\u0113l\u0101s saist\u012bb\u0101 ar amatpersonas\u00a0ap\u017e\u0113lo\u0161anu b\u0113rnu seksu\u0101las izmanto\u0161anas liet\u0101. \u0160\u012b skand\u0101la d\u0113\u013c no amata atk\u0101p\u0101s toreiz\u0113j\u0101 Ung\u0101rijas prezidente Katalina Nov\u0101ka.<\/p>\n<p>Orb\u0101nu, kur\u0161 ir &#8220;neliber\u0101l\u0101s&#8221; demokr\u0101tijas aizst\u0101vis, atbalsta citi Eiropas lab\u0113jo un gal\u0113ji lab\u0113jo partiju l\u012bderi, tostarp It\u0101lijas premjerministre D\u017eord\u017ea Meloni un Izra\u0113las premjerministrs Benjamins Netanjahu, kuri pag\u0101ju\u0161\u0101s ned\u0113\u013cas nogal\u0113 nos\u016bt\u012bja iepriek\u0161 ierakst\u012btus atbalsta v\u0113st\u012bjumus valdo\u0161\u0101s partijas kongresam.<\/p>\n<p>Valdo\u0161\u0101 koal\u012bcija, ko veido Orb\u0101na p\u0101rst\u0101v\u0113t\u0101 nacion\u0101lkonservat\u012bv\u0101 partija &#8220;Fidesz&#8221; un t\u0101s koal\u012bcijas partneri, krist\u012bgie demokr\u0101ti (KDNP), p\u0113d\u0113j\u0101s \u010detr\u0101s v\u0113l\u0113\u0161an\u0101s ir ieguvusi divu tre\u0161da\u013cu vair\u0101kumu, \u013caujot Orb\u0101nam virz\u012bt parlament\u0101 svar\u012bgus likumprojektus un izmai\u0146as konstit\u016bcij\u0101.<\/p>\n<blockquote>\n<p>Lai gan Ma\u0123ara popularit\u0101te ir strauji pieaugusi, neraugoties uz intens\u012bv\u0101m nomelno\u0161anas kampa\u0146\u0101m, anal\u012bti\u0137u v\u0113rt\u0113jum\u0101 v\u0113l ir p\u0101ragri prognoz\u0113t, kur\u0161 uzvar\u0113s v\u0113l\u0113\u0161an\u0101s.<\/p>\n<\/blockquote>\n<p>&#8220;Kop\u0161 pag\u0101ju\u0161\u0101 pavasara neatkar\u012bg\u0101s aptaujas liecina par stabilu divciparu p\u0101rsvaru &#8220;Tisza&#8221;, kas aptauj\u0101s joproj\u0101m ir ap 50\u00a0%, bet &#8220;Fidesz&#8221; \u2013 ap 35\u00a0%,&#8221; a\u0123ent\u016brai AFP nor\u0101d\u012bja ideju laboratorijas &#8220;Iranytu Institute&#8221; anal\u012bti\u0137is Sabol\u010ds Peks.<\/p>\n<p>Jaun\u0101k\u0101s aptaujas liecina, ka bez &#8220;Fidesz&#8221;, KDNP un &#8220;Tisza&#8221; liel\u0101k\u0101s izredzes iek\u013c\u016bt parlament\u0101 ir gal\u0113ji lab\u0113jai partijai &#8220;M\u016bsu dzimtene&#8221;, bet kreis\u0101s un citas partijas aptauj\u0101s pa\u0161reiz turas zem piecu procentu sliek\u0161\u0146a.<\/p>\n<p>                    Valodas k\u013c\u016bda rakst\u0101?<\/p>\n<p class=\"d-none d-md-block\">Iez\u012bm\u0113jiet tekstu un spiediet Ctrl+Enter, lai nos\u016bt\u012btu labojamo teksta fragmentu redaktoram! Par faktu k\u013c\u016bd\u0101m l\u016bdzam zi\u0146ot e-past\u0101 <a href=\"https:\/\/www.lsm.lv\/cdn-cgi\/l\/email-protection\" class=\"__cf_email__\" data-cfemail=\"433126272228202a2922032f302e6d2f35\" rel=\"nofollow noopener\" target=\"_blank\">[email\u00a0protected]<\/a>.<\/p>\n<p class=\"d-md-none\">Iez\u012bm\u0113jiet tekstu un spiediet uz Zi\u0146ot par k\u013c\u016bdu pogas, lai nos\u016bt\u012btu labojamo teksta fragmentu redaktoram!<\/p>\n<p>\n                    Zi\u0146ot par k\u013c\u016bdu\n                <\/p>\n","protected":false},"excerpt":{"rendered":"Ung\u0101rij\u0101 12. apr\u012bl\u012b notiks parlamenta v\u0113l\u0113\u0161anas, otrdien pazi\u0146ojis Ung\u0101rijas prezidents Tam\u0101\u0161s \u0160ujoks.\u00a0V\u0113l\u0113\u0161an\u0101s Ung\u0101rijas premjerministru Viktoru Orb\u0101nu, kur\u0161 pie&hellip;\n","protected":false},"author":2,"featured_media":103195,"comment_status":"","ping_status":"","sticky":false,"template":"","format":"standard","meta":{"footnotes":""},"categories":[14],"tags":[23,57,28,29,32,33,22,30,31,35,39,38,36,37,34,40,20,26,27,24,25,54,55,56,21,58],"class_list":{"0":"post-103194","1":"post","2":"type-post","3":"status-publish","4":"format-standard","5":"has-post-thumbnail","7":"category-zinas-no-arvalstim","8":"tag-aktualitates","9":"tag-arvalstim","10":"tag-breaking-news","11":"tag-breakingnews","12":"tag-featured-news","13":"tag-featurednews","14":"tag-headlines","15":"tag-latest-news","16":"tag-latestnews","17":"tag-latvia","18":"tag-latvian","19":"tag-latviesu","20":"tag-latviesu-valoda","21":"tag-latviesuvaloda","22":"tag-latvija","23":"tag-lv","24":"tag-news","25":"tag-popularakas-zinas","26":"tag-popularakaszinas","27":"tag-top-stories","28":"tag-topstories","29":"tag-world","30":"tag-world-news","31":"tag-worldnews","32":"tag-zinas","33":"tag-zinas-no-arvalstim"},"share_on_mastodon":{"url":"https:\/\/pubeurope.com\/@lv\/115888450634469577","error":""},"_links":{"self":[{"href":"https:\/\/www.europesays.com\/lv\/wp-json\/wp\/v2\/posts\/103194","targetHints":{"allow":["GET"]}}],"collection":[{"href":"https:\/\/www.europesays.com\/lv\/wp-json\/wp\/v2\/posts"}],"about":[{"href":"https:\/\/www.europesays.com\/lv\/wp-json\/wp\/v2\/types\/post"}],"author":[{"embeddable":true,"href":"https:\/\/www.europesays.com\/lv\/wp-json\/wp\/v2\/users\/2"}],"replies":[{"embeddable":true,"href":"https:\/\/www.europesays.com\/lv\/wp-json\/wp\/v2\/comments?post=103194"}],"version-history":[{"count":0,"href":"https:\/\/www.europesays.com\/lv\/wp-json\/wp\/v2\/posts\/103194\/revisions"}],"wp:featuredmedia":[{"embeddable":true,"href":"https:\/\/www.europesays.com\/lv\/wp-json\/wp\/v2\/media\/103195"}],"wp:attachment":[{"href":"https:\/\/www.europesays.com\/lv\/wp-json\/wp\/v2\/media?parent=103194"}],"wp:term":[{"taxonomy":"category","embeddable":true,"href":"https:\/\/www.europesays.com\/lv\/wp-json\/wp\/v2\/categories?post=103194"},{"taxonomy":"post_tag","embeddable":true,"href":"https:\/\/www.europesays.com\/lv\/wp-json\/wp\/v2\/tags?post=103194"}],"curies":[{"name":"wp","href":"https:\/\/api.w.org\/{rel}","templated":true}]}}