{"id":103198,"date":"2026-01-13T15:17:07","date_gmt":"2026-01-13T15:17:07","guid":{"rendered":"https:\/\/www.europesays.com\/lv\/103198\/"},"modified":"2026-01-13T15:17:07","modified_gmt":"2026-01-13T15:17:07","slug":"ministru-kabinets-apstiprina-jaunus-noteikumus-kritiskas-infrastrukturas-noturibas-stiprinasanai","status":"publish","type":"post","link":"https:\/\/www.europesays.com\/lv\/103198\/","title":{"rendered":"Ministru kabinets apstiprina jaunus noteikumus kritisk\u0101s infrastrukt\u016bras notur\u012bbas stiprin\u0101\u0161anai"},"content":{"rendered":"<p>Otrdien, 13. janv\u0101r\u012b, vald\u012bba pie\u0146\u0113ma jaunus noteikumus, kas b\u016btiski stiprina kritisk\u0101s infrastrukt\u016bras notur\u012bbu Latvij\u0101 un p\u0101r\u0146em Eiropas Savien\u012bbas Direkt\u012bvas par kritisko vien\u012bbu notur\u012bbu pras\u012bbas. Jaunais regul\u0113jums aizst\u0101j l\u012bdz\u0161in\u0113jo pieeju, kas galvenok\u0101rt bija v\u0113rsta uz infrastrukt\u016bras aizsardz\u012bbu, ar pla\u0161\u0101ku un m\u016bsdien\u012bg\u0101ku &#8211; notur\u012bbas pieeju.<\/p>\n<p>Jaunie noteikumi nosaka kritisk\u0101s infrastrukt\u016bras, tostarp Eiropas m\u0113rog\u0101 \u012bpa\u0161i noz\u012bm\u012bgas kritisk\u0101s infrastrukt\u016bras, apzin\u0101\u0161anu, dro\u0161\u012bbas pas\u0101kumus, darb\u012bbas nep\u0101rtraukt\u012bbas un notur\u012bbas pl\u0101no\u0161anu un \u012bsteno\u0161anu, k\u0101 ar\u012b incidentu pazi\u0146o\u0161anas k\u0101rt\u012bbu un notur\u012bbas pas\u0101kumus. T\u0101pat noteikts ar\u012b kritisk\u0101s infrastrukt\u016bras strat\u0113\u0123ijas un Valsts kritisk\u0101s infrastrukt\u016bras riska nov\u0113rt\u0113juma saturs.<\/p>\n<p>\u0145emot v\u0113r\u0101 glob\u0101lo un re\u0123ion\u0101lo dro\u0161\u012bbas vidi, NATO notur\u012bbas rekomend\u0101cijas t\u0101s dal\u012bbvalst\u012bm un Latvijas Visaptvero\u0161as valsts aizsardz\u012bbas sist\u0113mu, noteikumos ir ietverts papildu speci\u0101ls regul\u0113jums atbilsto\u0161i Latvijas nacion\u0101l\u0101s dro\u0161\u012bbas interes\u0113m, nosakot nepiecie\u0161am\u012bbu pl\u0101not saist\u012bt\u0101s darb\u012bbas ar\u012b valsts apdraud\u0113juma gad\u012bjumam.<\/p>\n<p>Noteikumu m\u0113r\u0137is ir nodro\u0161in\u0101t, lai Latvij\u0101 eso\u0161\u0101 kritisk\u0101 infrastrukt\u016bra sp\u0113tu efekt\u012bvi sagatavoties, rea\u0123\u0113t un atjaunoties da\u017e\u0101du apdraud\u0113jumu gad\u012bjum\u0101 \u2013 tostarp dabas katastrofu, tehnolo\u0123isku av\u0101riju, hibr\u012bdapdraud\u0113jumu un milit\u0101ru apdraud\u0113jumu kontekst\u0101. Vienlaikus ar jaunajiem noteikumiem tiek izpild\u012btas ar\u012b 2025. gada groz\u012bjumos Nacion\u0101l\u0101s dro\u0161\u012bbas likum\u0101 noteikt\u0101s dele\u0123\u0113juma pras\u012bbas.<\/p>\n<p>Noteikumi nosaka Kritisk\u0101s infrastrukt\u016bras notur\u012bbas strat\u0113\u0123ijas saturu, ietverot strat\u0113\u0123iskos m\u0113r\u0137us un priorit\u0101tes notur\u012bbas jom\u0101, institucion\u0101lo sadarb\u012bbu, atbalsta pas\u0101kumus kritisk\u0101s infrastrukt\u016bras \u012bpa\u0161niekiem, publisk\u0101 un priv\u0101t\u0101 sektora sadarb\u012bbas stiprin\u0101\u0161anu, k\u0101 ar\u012b gatav\u012bbu r\u012bc\u012bbai valsts apdraud\u0113juma gad\u012bjum\u0101.<\/p>\n<p>T\u0101pat noteikts Valsts kritisk\u0101s infrastrukt\u016bras riska nov\u0113rt\u0113juma saturs, kas aptver dabas un cilv\u0113ka rad\u012btus apdraud\u0113jumus, starpnozaru un p\u0101rrobe\u017eu riskus, nozaru savstarp\u0113jo atkar\u012bbu, iepriek\u0161\u0113jo incidentu anal\u012bzi un riskus valsts apdraud\u0113juma situ\u0101cij\u0101s.<\/p>\n<p>Noteikumi nosaka kompetento iest\u0101\u017eu lomu kritisk\u0101s infrastrukt\u016bras un Eiropas m\u0113rog\u0101 \u012bpa\u0161i noz\u012bm\u012bgas kritisk\u0101s infrastrukt\u016bras apzin\u0101\u0161an\u0101, tostarp valsts dro\u0161\u012bbas iest\u0101\u017eu, Aizsardz\u012bbas ministrijas, Iek\u0161lietu ministrijas un nozaru ministriju savstarp\u0113jo sadarb\u012bbu.<\/p>\n<p>Nozaru ministrijas atbilsto\u0161i noteikumos paredz\u0113tajai k\u0101rt\u012bbai piedal\u0101s kritisk\u0101s infrastrukt\u016bras apzin\u0101\u0161an\u0101 sav\u0101 nozar\u0113, sniedz inform\u0101ciju kompetentaj\u0101m iest\u0101d\u0113m un inform\u0113 kritisk\u0101s infrastrukt\u016bras \u012bpa\u0161niekus vai tiesiskos vald\u012bt\u0101jus par to iek\u013cau\u0161anu kritisk\u0101s infrastrukt\u016bras kopum\u0101.<\/p>\n<p>Noteikumi ievie\u0161 vair\u0101kas b\u016btiskas jaunas pras\u012bbas kritisk\u0101s infrastrukt\u016bras \u012bpa\u0161niekiem un tiesiskajiem vald\u012bt\u0101jiem:<\/p>\n<ul>\n<li>regul\u0101ru kritisk\u0101s infrastrukt\u016bras riska pa\u0161nov\u0113rt\u0113jumu veik\u0161anu;<\/li>\n<li>notur\u012bbas pl\u0101na izstr\u0101di, kas ietver ar\u012b darb\u012bbas nep\u0101rtraukt\u012bbas pas\u0101kumus;<\/li>\n<li>incidentu pazi\u0146o\u0161anas k\u0101rt\u012bbu noteiktos termi\u0146os;<\/li>\n<li>par kritisk\u0101s infrastrukt\u016bras notur\u012bbu atbild\u012bg\u0101s personas nor\u012bko\u0161anu.<\/li>\n<\/ul>\n<p>\u012apa\u0161a uzman\u012bba piev\u0113rsta ar\u012b att\u0101lin\u0101ti vad\u0101mo ier\u012b\u010du rad\u012btajiem apdraud\u0113jumiem, paredzot \u0161o risku izv\u0113rt\u0113\u0161anu un atbilsto\u0161u dro\u0161\u012bbas pas\u0101kumu pl\u0101no\u0161anu.<\/p>\n<p>Noteikumi neattiecas uz inform\u0101cijas un komunik\u0101cijas tehnolo\u0123iju (IKT) kritisko infrastrukt\u016bru Nacion\u0101l\u0101s kiberdro\u0161\u012bbas likuma izpratn\u0113, jo \u0161ai jomai ir noteikts atsevi\u0161\u0137s regul\u0113jums. Gad\u012bjumos, kad kritisk\u0101s infrastrukt\u016bras \u012bpa\u0161nieka vald\u012bjum\u0101 atrodas gan IKT, gan cita veida kritisk\u0101 infrastrukt\u016bra, tiek piem\u0113roti abi regul\u0113jumi.<\/p>\n<p>Iek\u0161lietu ministrijas virz\u012btie kritisk\u0101s infrastrukt\u016bras notur\u012bbas priek\u0161likumi \u0161obr\u012bd ir \u012bpa\u0161i aktu\u0101li, pieaugot gan potenci\u0101lajiem klimata apdraud\u0113juma riskiem, gan potenci\u0101lajiem milit\u0101r\u0101 apdraud\u0113juma riskiem.<\/p>\n","protected":false},"excerpt":{"rendered":"Otrdien, 13. janv\u0101r\u012b, vald\u012bba pie\u0146\u0113ma jaunus noteikumus, kas b\u016btiski stiprina kritisk\u0101s infrastrukt\u016bras notur\u012bbu Latvij\u0101 un p\u0101r\u0146em Eiropas Savien\u012bbas&hellip;\n","protected":false},"author":2,"featured_media":103199,"comment_status":"","ping_status":"","sticky":false,"template":"","format":"standard","meta":{"footnotes":""},"categories":[5],"tags":[23,28,29,32,33,22,30,31,35,39,38,36,37,34,40,20,26,27,24,25,21],"class_list":{"0":"post-103198","1":"post","2":"type-post","3":"status-publish","4":"format-standard","5":"has-post-thumbnail","7":"category-aktualitates","8":"tag-aktualitates","9":"tag-breaking-news","10":"tag-breakingnews","11":"tag-featured-news","12":"tag-featurednews","13":"tag-headlines","14":"tag-latest-news","15":"tag-latestnews","16":"tag-latvia","17":"tag-latvian","18":"tag-latviesu","19":"tag-latviesu-valoda","20":"tag-latviesuvaloda","21":"tag-latvija","22":"tag-lv","23":"tag-news","24":"tag-popularakas-zinas","25":"tag-popularakaszinas","26":"tag-top-stories","27":"tag-topstories","28":"tag-zinas"},"share_on_mastodon":{"url":"https:\/\/pubeurope.com\/@lv\/115888458516488314","error":""},"_links":{"self":[{"href":"https:\/\/www.europesays.com\/lv\/wp-json\/wp\/v2\/posts\/103198","targetHints":{"allow":["GET"]}}],"collection":[{"href":"https:\/\/www.europesays.com\/lv\/wp-json\/wp\/v2\/posts"}],"about":[{"href":"https:\/\/www.europesays.com\/lv\/wp-json\/wp\/v2\/types\/post"}],"author":[{"embeddable":true,"href":"https:\/\/www.europesays.com\/lv\/wp-json\/wp\/v2\/users\/2"}],"replies":[{"embeddable":true,"href":"https:\/\/www.europesays.com\/lv\/wp-json\/wp\/v2\/comments?post=103198"}],"version-history":[{"count":0,"href":"https:\/\/www.europesays.com\/lv\/wp-json\/wp\/v2\/posts\/103198\/revisions"}],"wp:featuredmedia":[{"embeddable":true,"href":"https:\/\/www.europesays.com\/lv\/wp-json\/wp\/v2\/media\/103199"}],"wp:attachment":[{"href":"https:\/\/www.europesays.com\/lv\/wp-json\/wp\/v2\/media?parent=103198"}],"wp:term":[{"taxonomy":"category","embeddable":true,"href":"https:\/\/www.europesays.com\/lv\/wp-json\/wp\/v2\/categories?post=103198"},{"taxonomy":"post_tag","embeddable":true,"href":"https:\/\/www.europesays.com\/lv\/wp-json\/wp\/v2\/tags?post=103198"}],"curies":[{"name":"wp","href":"https:\/\/api.w.org\/{rel}","templated":true}]}}