{"id":103204,"date":"2026-01-13T15:21:14","date_gmt":"2026-01-13T15:21:14","guid":{"rendered":"https:\/\/www.europesays.com\/lv\/103204\/"},"modified":"2026-01-13T15:21:14","modified_gmt":"2026-01-13T15:21:14","slug":"lepena-apelacijas-procesa-megina-izcinit-tiesibas-kandidet-francijas-prezidenta-velesanas-raksts","status":"publish","type":"post","link":"https:\/\/www.europesays.com\/lv\/103204\/","title":{"rendered":"Lep\u0113na apel\u0101cijas proces\u0101 m\u0113\u0123ina izc\u012bn\u012bt ties\u012bbas kandid\u0113t Francijas prezidenta v\u0113l\u0113\u0161an\u0101s \/ Raksts"},"content":{"rendered":"<p>Francijas nacion\u0101lkonservat\u012bvo ilggad\u0113j\u0101 l\u012bdere Marina Lep\u0113na otrdien uzs\u0101kusi c\u012b\u0146u par iesp\u0113ju kandid\u0113t 2027. gada Francijas prezidenta v\u0113l\u0113\u0161an\u0101s. Tas, vai politi\u0137e taj\u0101s var\u0113s kandid\u0113t, b\u016bs atkar\u012bgs no apel\u0101cijas procesa liet\u0101, kur\u0101 vi\u0146a atz\u012bta par vain\u012bgu Eiropas Savien\u012bbas l\u012bdzek\u013cu iz\u0161\u0137\u0113rd\u0113\u0161an\u0101.\u00a0<\/p>\n<p style=\"text-align:left\">Francijas tiesa pag\u0101ju\u0161\u0101 gada pavasar\u012b Marinu Lep\u0113nu atzina par vain\u012bgu Eiropas Savien\u012bbas l\u012bdzek\u013cu \u2013 4 miljonu eiro \u2013 iz\u0161\u0137\u0113rd\u0113\u0161an\u0101, tos izmantojot savas partijas &#8220;Nacion\u0101l\u0101 apvien\u012bba&#8221; darb\u012bbas finans\u0113\u0161anai Francij\u0101. Lieta saist\u012bta ar viltus Eiropas Parlamenta asistentu amatiem. Tiesa piesprieda Lep\u0113nai \u010detru gadu cietumsodu, no kura divi gadi piespriesti nosac\u012bti un p\u0101r\u0113jie divi izcie\u0161ami m\u0101j\u0101s ar elektronisko aproci.\u00a0<\/p>\n<p>Apel\u0101cijas izn\u0101kumu gr\u016bti prognoz\u0113t\u00a0<\/p>\n<p style=\"text-align:left\">Galven\u0101 uzman\u012bba \u0161aj\u0101 spriedum\u0101 bija piev\u0113rsta tam, ka tiesa noteica Lep\u0113nai piecu gadu aizliegumu ie\u0146emt v\u0113l\u0113tus amatus. Tas noz\u012bm\u0113 ar\u012b to, ka vi\u0146a nevar\u0113tu kandid\u0113t n\u0101kamaj\u0101s Francijas prezidenta v\u0113l\u0113\u0161an\u0101s 2027. gada. Lep\u0113na iebilda pret tiesas spriedumu un iesniedza apel\u0101ciju. Lietas izskat\u012b\u0161ana Par\u012bzes ties\u0101 s\u0101kas otrdien, un tiesas priek\u0161\u0101 vi\u0146a liec\u012bbas sniegs n\u0101kamned\u0113\u013c. Lietas izskat\u012b\u0161ana ilgs aptuveni m\u0113nesi, nosl\u0113dzoties 12.\u00a0febru\u0101r\u012b, un spriedums gaid\u0101ms vasar\u0101.<\/p>\n<p style=\"text-align:left\">Francijas politikas v\u0113rot\u0101ji sprie\u017e, ka pa\u0161laik ir gr\u016bti prognoz\u0113t apel\u0101cijas izn\u0101kumu. Iesp\u0113jas uz Lep\u0113nai labv\u0113l\u012bgu vai nelabv\u0113l\u012bgu izn\u0101kumu tiek v\u0113rt\u0113tas vienl\u012bdz augstu. Gad\u012bjum\u0101, ja tiesa atcels vai groz\u012bs zem\u0101k\u0101s instances spriedumu, Lep\u0113nai saglab\u0101jas iesp\u0113ja pa\u0161ai start\u0113t v\u0113l\u0113\u0161an\u0101s.\u00a0<\/p>\n<p style=\"text-align:left\">Bet, ja aizliegums kandid\u0113t v\u0113l\u0113\u0161an\u0101s paliek sp\u0113k\u0101, politi\u0137e v\u0113l var\u0113tu v\u0113rsties Francijas Augst\u0101kaj\u0101 ties\u0101. Tradicion\u0101li t\u0101s l\u0113mums j\u0101gaida ilgi un, visticam\u0101k, to nepie\u0146emtu pietiekami \u0101tri, lai Lep\u0113na pasp\u0113tu pieteikt savu kandidat\u016bru prezidenta v\u0113l\u0113\u0161an\u0101s. Ta\u010du atsevi\u0161\u0137i eksperti ir nor\u0101d\u012bju\u0161i, ka, \u0146emot v\u0113r\u0101 lietas svaru, tiesa var\u0113tu pa\u0101trin\u0101t lietas izskat\u012b\u0161anu un labv\u0113l\u012bga izn\u0101kuma gad\u012bjum\u0101 Lep\u0113na var\u0113tu kandid\u0113t v\u0113l\u0113\u0161an\u0101s.\u00a0<\/p>\n<p>Lep\u0113na un Bardella ir popul\u0101r\u0101kie kandid\u0101ti\u00a0<\/p>\n<p style=\"text-align:left\">Lep\u0113nai ir pazi\u0146ojusi, ka gad\u012bjum\u0101, ja vi\u0146a pati nevar\u0113s kandid\u0113t prezidenta v\u0113l\u0113\u0161an\u0101s, \u0161o misiju uz\u0146emsies 30 gadus vecais Nacion\u0101l\u0101s apvien\u012bbas priek\u0161s\u0113d\u0113t\u0101js \u017dordans Bardella. Lai gan abu politi\u0137u uzskati ir liel\u0101 m\u0113r\u0101 l\u012bdz\u012bgi, tom\u0113r ir zin\u0101mas at\u0161\u0137ir\u012bbas, it sevi\u0161\u0137i ekonomikas jom\u0101.\u00a0<\/p>\n<p style=\"text-align:left\">Gados jaun\u0101ko Bardellu uzskata par pie\u0146emam\u0101ku biznesa aprind\u0101s un lab\u0101k pozicion\u0113tu, lai piesaist\u012btu tradicion\u0101los lab\u0113jos v\u0113l\u0113t\u0101jus. Francijas politisko notikumu koment\u0113t\u0101js Arno Stefans \u0161aub\u0101s, vai Bardella ir pietiekami sp\u0113c\u012bgs l\u012bderis.\u00a0<\/p>\n<blockquote>\n<p style=\"text-align:left\">&#8220;Bardella \u012bsti neuz\u0146emas lielu risku, un, iesp\u0113jams, tie\u0161i t\u0101p\u0113c vi\u0146a t\u0113ls ir maz\u0101k cietis nek\u0101 Marinas Lep\u0113nas t\u0113ls.\u00a0<\/p>\n<\/blockquote>\n<p style=\"text-align:left\">T\u0101 viet\u0101 vi\u0146\u0161 r\u012bko gr\u0101matu turnejas \u2013 p\u0113d\u0113jos gados vi\u0146\u0161 ir r\u012bkojis divas. Vi\u0146\u0161 \u012bsti neuz\u0146emas nek\u0101dus politiskus riskus. Es neteiktu, ka vi\u0146\u0161 ir cilv\u0113ks, kur\u0161 past\u0101v\u012bgi izvirza konceptu\u0101las idejas un programmas,&#8221; sprie\u017e Stefans.\u00a0<\/p>\n<p style=\"text-align:left\">Lai gan Lep\u0113nai un Bardellam ir t\u0101ds atbalsts, ar kuru abi var\u0113tu uzvar\u0113t citus kandid\u0101tus, Bardellas t\u0113ls sabiedr\u012bb\u0101 ir uzlabojies un tagad uzl\u016bkots k\u0101 lab\u0101ks nek\u0101 Lep\u0113nai. Par to liecina ar\u012b p\u0113rn ruden\u012b veikta aptauja. T\u0101s rezult\u0101ti r\u0101d\u012bja, ka Bardella uzvar\u0113s prezidenta v\u0113l\u0113\u0161an\u0101s neatkar\u012bgi no t\u0101, kas b\u016bs vi\u0146a pretinieks otraj\u0101 k\u0101rt\u0101. Ja Lep\u0113nai un Bardellu atbalsta vair\u0101k nek\u0101 20\u00a0% v\u0113l\u0113t\u0101ju, tad tuv\u0101ko sekot\u0101ju, biju\u0161o premjeru centristu Gabrielu At\u0101lu \u2013 tikai 8\u00a0%.\u00a0<\/p>\n<p>ASV var\u0113tu b\u016bt interese par v\u0113l\u0113\u0161anu izn\u0101kumu\u00a0<\/p>\n<p style=\"text-align:left\">ASV prezidents Donalds Tramps un vi\u0146a l\u012bdzgaitnieki ir paudu\u0161i atbalstu vair\u0101kiem Eiropas nacion\u0101listu l\u012bderiem, un amerik\u0101\u0146iem var\u0113tu b\u016bt interese ar\u012b par Francijas prezidenta v\u0113l\u0113\u0161anu izn\u0101kumu.\u00a0<\/p>\n<blockquote>\n<p style=\"text-align:left\">P\u0113c savas noties\u0101\u0161anas Lep\u0113na aps\u016bdz\u0113ja tiesu varu politiski motiv\u0113t\u0101 m\u0113r\u0137tiec\u012bg\u0101 uzbrukum\u0101, kas atg\u0101din\u0101ja ASV prezidenta Trampa retoriku par aps\u016bdz\u012bb\u0101m, kas v\u0113rstas pret vi\u0146u.\u00a0<\/p>\n<\/blockquote>\n<p style=\"text-align:left\">Tramps un vi\u0146a komandas locek\u013ci Lep\u0113nai p\u0113c vi\u0146as noties\u0101\u0161anas pauda atbalstu, un pag\u0101ju\u0161aj\u0101 gad\u0101 Trampa administr\u0101cijas amatpersonas r\u012bkoja iek\u0161\u0113jas diskusijas par iesp\u0113jamu sankciju piem\u0113ro\u0161anu Francijas prokuroriem un tiesne\u0161iem, kas saist\u012bti ar Lep\u0113nas lietu.\u00a0<\/p>\n<p style=\"text-align:left\">Francijas vald\u012bbas p\u0101rst\u0101ve Moda Bre\u017eona tagad uzsv\u0113rusi, ka vald\u012bba turpin\u0101s uzraudz\u012bt ASV potenci\u0101lu iejauk\u0161anos Francijas valsts iek\u0161\u0113j\u0101s liet\u0101s.<\/p>\n<p>                    Valodas k\u013c\u016bda rakst\u0101?<\/p>\n<p class=\"d-none d-md-block\">Iez\u012bm\u0113jiet tekstu un spiediet Ctrl+Enter, lai nos\u016bt\u012btu labojamo teksta fragmentu redaktoram! Par faktu k\u013c\u016bd\u0101m l\u016bdzam zi\u0146ot e-past\u0101 <a href=\"https:\/\/www.lsm.lv\/cdn-cgi\/l\/email-protection\" class=\"__cf_email__\" data-cfemail=\"a8dacdccc9c3cbc1c2c9e8c4dbc586c4de\" rel=\"nofollow noopener\" target=\"_blank\">[email\u00a0protected]<\/a>.<\/p>\n<p class=\"d-md-none\">Iez\u012bm\u0113jiet tekstu un spiediet uz Zi\u0146ot par k\u013c\u016bdu pogas, lai nos\u016bt\u012btu labojamo teksta fragmentu redaktoram!<\/p>\n<p>\n                    Zi\u0146ot par k\u013c\u016bdu\n                <\/p>\n","protected":false},"excerpt":{"rendered":"Francijas nacion\u0101lkonservat\u012bvo ilggad\u0113j\u0101 l\u012bdere Marina Lep\u0113na otrdien uzs\u0101kusi c\u012b\u0146u par iesp\u0113ju kandid\u0113t 2027. gada Francijas prezidenta v\u0113l\u0113\u0161an\u0101s. Tas,&hellip;\n","protected":false},"author":2,"featured_media":103205,"comment_status":"","ping_status":"","sticky":false,"template":"","format":"standard","meta":{"footnotes":""},"categories":[14],"tags":[23,57,28,29,32,33,22,30,31,35,39,38,36,37,34,40,20,26,27,24,25,54,55,56,21,58],"class_list":{"0":"post-103204","1":"post","2":"type-post","3":"status-publish","4":"format-standard","5":"has-post-thumbnail","7":"category-zinas-no-arvalstim","8":"tag-aktualitates","9":"tag-arvalstim","10":"tag-breaking-news","11":"tag-breakingnews","12":"tag-featured-news","13":"tag-featurednews","14":"tag-headlines","15":"tag-latest-news","16":"tag-latestnews","17":"tag-latvia","18":"tag-latvian","19":"tag-latviesu","20":"tag-latviesu-valoda","21":"tag-latviesuvaloda","22":"tag-latvija","23":"tag-lv","24":"tag-news","25":"tag-popularakas-zinas","26":"tag-popularakaszinas","27":"tag-top-stories","28":"tag-topstories","29":"tag-world","30":"tag-world-news","31":"tag-worldnews","32":"tag-zinas","33":"tag-zinas-no-arvalstim"},"share_on_mastodon":{"url":"https:\/\/pubeurope.com\/@lv\/115888474198817003","error":""},"_links":{"self":[{"href":"https:\/\/www.europesays.com\/lv\/wp-json\/wp\/v2\/posts\/103204","targetHints":{"allow":["GET"]}}],"collection":[{"href":"https:\/\/www.europesays.com\/lv\/wp-json\/wp\/v2\/posts"}],"about":[{"href":"https:\/\/www.europesays.com\/lv\/wp-json\/wp\/v2\/types\/post"}],"author":[{"embeddable":true,"href":"https:\/\/www.europesays.com\/lv\/wp-json\/wp\/v2\/users\/2"}],"replies":[{"embeddable":true,"href":"https:\/\/www.europesays.com\/lv\/wp-json\/wp\/v2\/comments?post=103204"}],"version-history":[{"count":0,"href":"https:\/\/www.europesays.com\/lv\/wp-json\/wp\/v2\/posts\/103204\/revisions"}],"wp:featuredmedia":[{"embeddable":true,"href":"https:\/\/www.europesays.com\/lv\/wp-json\/wp\/v2\/media\/103205"}],"wp:attachment":[{"href":"https:\/\/www.europesays.com\/lv\/wp-json\/wp\/v2\/media?parent=103204"}],"wp:term":[{"taxonomy":"category","embeddable":true,"href":"https:\/\/www.europesays.com\/lv\/wp-json\/wp\/v2\/categories?post=103204"},{"taxonomy":"post_tag","embeddable":true,"href":"https:\/\/www.europesays.com\/lv\/wp-json\/wp\/v2\/tags?post=103204"}],"curies":[{"name":"wp","href":"https:\/\/api.w.org\/{rel}","templated":true}]}}