{"id":103208,"date":"2026-01-13T15:23:07","date_gmt":"2026-01-13T15:23:07","guid":{"rendered":"https:\/\/www.europesays.com\/lv\/103208\/"},"modified":"2026-01-13T15:23:07","modified_gmt":"2026-01-13T15:23:07","slug":"zzs-parmet-progresivajiem-vienaldzibu-pret-latvijas-regioniem-saskata-problemas-sabiedriska-transporta-joma-lente-lv","status":"publish","type":"post","link":"https:\/\/www.europesays.com\/lv\/103208\/","title":{"rendered":"ZZS p\u0101rmet &#8220;Progres\u012bvajiem&#8221; vienaldz\u012bbu pret Latvijas re\u0123ioniem, saskata probl\u0113mas sabiedrisk\u0101 transporta jom\u0101\u00a0\u2014\u00a0Lente.lv"},"content":{"rendered":"<p>Koal\u012bcijas sasp\u012bl\u0113jums: ZZS kritiz\u0113 &#8220;Progres\u012bvo&#8221; atbild\u012bbu par re\u0123ionu att\u012bst\u012bbu<\/p>\n<p>Latvijas valdo\u0161aj\u0101 koal\u012bcij\u0101 turpin\u0101s spriedze starp partij\u0101m, un \u0161oreiz publisk\u0101 kritika izteikta no Za\u013co un zemnieku savien\u012bbas (ZZS) puses, kas p\u0101rmet koal\u012bcijas partneriem no &#8220;Progres\u012bvajiem&#8221;, ka vi\u0146i nepietiekami piev\u0113r\u0161as Latvijas re\u0123ionu att\u012bst\u012bbas jaut\u0101jumiem. K\u0101 inform\u0113 port\u0101ls jauns.lv, ZZS \u012bpa\u0161i nor\u0101da uz Satiksmes ministrijas (SM), ko vada &#8220;Progres\u012bvo&#8221; p\u0101rst\u0101vis Atis \u0160vinkas, nesp\u0113ju laic\u012bgi risin\u0101t probl\u0113mas sabiedrisk\u0101 transporta jom\u0101, kas skar Latvijas lauku re\u0123ionus.<\/p>\n<p>ZZS pau\u017e ba\u017eas, ka, kam\u0113r sabiedrisk\u0101 transporta sist\u0113ma re\u0123ionos non\u0101k arvien dzi\u013c\u0101k\u0101 kr\u012bz\u0113, SM demonstr\u0113 nesp\u0113ju un nev\u0113l\u0113\u0161anos r\u012bkoties, t\u0101d\u0113j\u0101di atst\u0101jot Latvijas lauku iedz\u012bvot\u0101jus bez atbilsto\u0161iem risin\u0101jumiem. \u0160\u012b kritika izskan\u0113jusi p\u0113c k\u0101rt\u0113j\u0101s Latvijas pasa\u017eieru p\u0101rvad\u0101t\u0101ju asoci\u0101cijas (LPPA) un satiksmes ministra tik\u0161an\u0101s.<\/p>\n<p>Sabiedrisk\u0101 transporta kr\u012bze k\u0101 galvenais ZZS p\u0101rmetums<\/p>\n<p>ZZS skat\u012bjum\u0101, pa\u0161reiz\u0113j\u0101 situ\u0101cija sabiedrisk\u0101 transporta jom\u0101 ir nepie\u0146emama, jo t\u0101 tie\u0161\u0101 veid\u0101 ietekm\u0113 iedz\u012bvot\u0101ju mobilit\u0101ti un piek\u013cuvi pakalpojumiem lauku re\u0123ionos. Tiek uzsv\u0113rts, ka ilgsto\u0161ais probl\u0113mu risin\u0101\u0161anas process liecina par priorit\u0101\u0161u nepareizu sadal\u012bjumu koal\u012bcij\u0101, kur &#8220;Progres\u012bvie&#8221; nesp\u0113j nodro\u0161in\u0101t pietiekamu uzman\u012bbu un resursus re\u0123ionu vajadz\u012bb\u0101m.<\/p>\n<p>Partijas p\u0101rst\u0101vji nor\u0101da, ka, lai gan valsts bud\u017eeta veido\u0161ana un citas priorit\u0101tes ir svar\u012bgas, nedr\u012bkst aizmirst par ikdienas probl\u0113m\u0101m, kas skar lielu da\u013cu Latvijas iedz\u012bvot\u0101ju \u0101rpus galvaspils\u0113tas. Sabiedrisk\u0101 transporta pieejam\u012bba ir viens no b\u016btisk\u0101kajiem faktoriem, kas nodro\u0161ina cilv\u0113ku piek\u013cuvi darbam, izgl\u012bt\u012bbai un vesel\u012bbas apr\u016bpei.<\/p>\n<p>Koal\u012bcijas dinamika un iepriek\u0161\u0113j\u0101s domstarp\u012bbas<\/p>\n<p>\u0160\u012b nav pirm\u0101 reize, kad valdo\u0161\u0101s koal\u012bcijas partneri publiski pau\u017e noraido\u0161u viedokli par sadarb\u012bbas partneru darbu. Jau iepriek\u0161 ir izskan\u0113ju\u0161as domstarp\u012bbas, piem\u0113ram, par Stambulas konvencijas denons\u0113\u0161anu, kur &#8220;Progres\u012bvie&#8221; un ZZS ie\u0146\u0113mu\u0161i at\u0161\u0137ir\u012bgas poz\u012bcijas. Premjere Evika Sili\u0146a (JV) ir paudusi, ka koal\u012bcija ir sare\u017e\u0123\u012bta un ka partneriem ir j\u0101b\u016bt gataviem da\u017e\u0101diem pagriezieniem. Vi\u0146a ar\u012b uzsv\u0113rusi, ka bud\u017eeta pie\u0146em\u0161ana ir priorit\u0101te un ka politisko sp\u0113ku stab\u012blai darb\u012bbai nepiecie\u0161ama vienot\u012bba.<\/p>\n<p>Neskatoties uz da\u017e\u0101dajiem viedok\u013ciem un p\u0101rmetumiem, koal\u012bcijas partneri kopum\u0101 ir paudu\u0161i ap\u0146em\u0161anos saglab\u0101t vienot\u012bbu valsts bud\u017eeta pie\u0146em\u0161an\u0101 un nodro\u0161in\u0101t vald\u012bbas stabilit\u0101ti. Tom\u0113r skaidrs, ka da\u017e\u0101die politiskie m\u0113r\u0137i un priorit\u0101tes rada past\u0101v\u012bgu spriedzi.<\/p>\n<p>Re\u0123ionu att\u012bst\u012bbas finans\u0113jums un n\u0101kotnes perspekt\u012bvas<\/p>\n<p>Vald\u012bbas centieni veicin\u0101t re\u0123ionu att\u012bst\u012bbu tiek atspogu\u013coti ar\u012b valsts bud\u017eeta priorit\u0101t\u0113s. Piem\u0113ram, pl\u0101nojot bud\u017eetu 2026. gadam, tiek nor\u0101d\u012bts uz ieguld\u012bjumiem dro\u0161\u012bb\u0101, re\u0123ionu att\u012bst\u012bb\u0101 un digit\u0101laj\u0101 transform\u0101cij\u0101. Tiek paredz\u0113ts papildu finans\u0113jums uz\u0146\u0113m\u0113jdarb\u012bbas publisk\u0101s infrastrukt\u016bras att\u012bst\u012bbai re\u0123ionos, k\u0101 ar\u012b autoce\u013cu atjauno\u0161anai un futbola stadionu infrastrukt\u016bras att\u012bst\u012bbai pa\u0161vald\u012bb\u0101s. Tom\u0113r ZZS kritika liecina, ka eso\u0161ie pas\u0101kumi un finans\u0113jums nav pietiekami efekt\u012bvi vai tie netiek pietiekami paman\u012bti un nov\u0113rt\u0113ti re\u0123ionos.<\/p>\n<p>Situ\u0101cija ar sabiedrisk\u0101 transporta finans\u0113\u0161anu un pl\u0101no\u0161anu ir sare\u017e\u0123\u012bta, un t\u0101s risin\u0101\u0161anai nepiecie\u0161ama cie\u0161a sadarb\u012bba starp Satiksmes ministriju, Autotransporta direkciju un pa\u0161vald\u012bb\u0101m. ZZS paustais viedoklis ir aicin\u0101jums koal\u012bcijai neaizmirst par Latvijas pla\u0161ajiem re\u0123ioniem un to iedz\u012bvot\u0101ju ikdienas izaicin\u0101jumiem.<\/p>\n","protected":false},"excerpt":{"rendered":"Koal\u012bcijas sasp\u012bl\u0113jums: ZZS kritiz\u0113 &#8220;Progres\u012bvo&#8221; atbild\u012bbu par re\u0123ionu att\u012bst\u012bbu Latvijas valdo\u0161aj\u0101 koal\u012bcij\u0101 turpin\u0101s spriedze starp partij\u0101m, un \u0161oreiz&hellip;\n","protected":false},"author":2,"featured_media":103209,"comment_status":"","ping_status":"","sticky":false,"template":"","format":"standard","meta":{"footnotes":""},"categories":[5],"tags":[23,28,29,32,33,22,24961,30,31,35,39,38,36,37,34,40,20,26,27,352,24962,1954,24,25,21,666],"class_list":{"0":"post-103208","1":"post","2":"type-post","3":"status-publish","4":"format-standard","5":"has-post-thumbnail","7":"category-aktualitates","8":"tag-aktualitates","9":"tag-breaking-news","10":"tag-breakingnews","11":"tag-featured-news","12":"tag-featurednews","13":"tag-headlines","14":"tag-koalicijas-domstarpibas","15":"tag-latest-news","16":"tag-latestnews","17":"tag-latvia","18":"tag-latvian","19":"tag-latviesu","20":"tag-latviesu-valoda","21":"tag-latviesuvaloda","22":"tag-latvija","23":"tag-lv","24":"tag-news","25":"tag-popularakas-zinas","26":"tag-popularakaszinas","27":"tag-progresivie","28":"tag-regionu-attistiba","29":"tag-sabiedriskais-transports","30":"tag-top-stories","31":"tag-topstories","32":"tag-zinas","33":"tag-zzs"},"share_on_mastodon":{"url":"https:\/\/pubeurope.com\/@lv\/115888482139716450","error":""},"_links":{"self":[{"href":"https:\/\/www.europesays.com\/lv\/wp-json\/wp\/v2\/posts\/103208","targetHints":{"allow":["GET"]}}],"collection":[{"href":"https:\/\/www.europesays.com\/lv\/wp-json\/wp\/v2\/posts"}],"about":[{"href":"https:\/\/www.europesays.com\/lv\/wp-json\/wp\/v2\/types\/post"}],"author":[{"embeddable":true,"href":"https:\/\/www.europesays.com\/lv\/wp-json\/wp\/v2\/users\/2"}],"replies":[{"embeddable":true,"href":"https:\/\/www.europesays.com\/lv\/wp-json\/wp\/v2\/comments?post=103208"}],"version-history":[{"count":0,"href":"https:\/\/www.europesays.com\/lv\/wp-json\/wp\/v2\/posts\/103208\/revisions"}],"wp:featuredmedia":[{"embeddable":true,"href":"https:\/\/www.europesays.com\/lv\/wp-json\/wp\/v2\/media\/103209"}],"wp:attachment":[{"href":"https:\/\/www.europesays.com\/lv\/wp-json\/wp\/v2\/media?parent=103208"}],"wp:term":[{"taxonomy":"category","embeddable":true,"href":"https:\/\/www.europesays.com\/lv\/wp-json\/wp\/v2\/categories?post=103208"},{"taxonomy":"post_tag","embeddable":true,"href":"https:\/\/www.europesays.com\/lv\/wp-json\/wp\/v2\/tags?post=103208"}],"curies":[{"name":"wp","href":"https:\/\/api.w.org\/{rel}","templated":true}]}}