{"id":103217,"date":"2026-01-13T15:29:08","date_gmt":"2026-01-13T15:29:08","guid":{"rendered":"https:\/\/www.europesays.com\/lv\/103217\/"},"modified":"2026-01-13T15:29:08","modified_gmt":"2026-01-13T15:29:08","slug":"robezsardze-regulari-saskaras-ar-meginajumiem-bojat-robezas-infrastrukturu","status":"publish","type":"post","link":"https:\/\/www.europesays.com\/lv\/103217\/","title":{"rendered":"Robe\u017esardze regul\u0101ri saskaras ar m\u0113\u0123in\u0101jumiem boj\u0101t robe\u017eas infrastrukt\u016bru"},"content":{"rendered":"<p>Puj\u0101ts nor\u0101d\u012bja, ka saspringt\u0101kais gads saist\u012bb\u0101 ar neleg\u0101lajiem robe\u017eas \u0161\u0137\u0113rsot\u0101jiem bija 2023. gads, kad tika aiztur\u0113ts ar\u012b liel\u0101kais skaits neleg\u0101lo migrantu p\u0101rvad\u0101t\u0101ju. Vienlaikus izaicin\u0101jumi joproj\u0101m past\u0101v, un tiek str\u0101d\u0101ts, lai p\u0101rk\u0101p\u0113jus aiztur\u0113tu, vi\u0146\u0161 teica.<\/p>\n<p>Robe\u017esardzes priek\u0161nieks uzsv\u0113ra, ka p\u0101rk\u0101p\u0113ju m\u0113r\u0137is ir nepaman\u012bti nok\u013c\u016bt Latvij\u0101, lai t\u0101l\u0101k dotos, piem\u0113ram, uz V\u0101ciju.<\/p>\n<p>Puj\u0101ts akcent\u0113ja, ka Valsts robe\u017esardze ar\u012b regul\u0101ri saskaras ar m\u0113\u0123in\u0101jumiem boj\u0101t infrastrukt\u016bru, t\u0101p\u0113c vienm\u0113r ir &#8220;j\u0101b\u016bt tuvum\u0101&#8221;, lai nodro\u0161in\u0101tu k\u0101rt\u012bbu un nov\u0113rstu likump\u0101rk\u0101pumus.<\/p>\n<p>Ja robe\u017ea netiktu kontrol\u0113ta, Latvij\u0101 neleg\u0101li ierastos krietni vair\u0101k cilv\u0113ku nek\u0101 pa\u0161laik, sprieda Puj\u0101ts, nor\u0101dot, ka Baltkrievija iepriek\u0161 ar daudz\u0101m valst\u012bm bija nosl\u0113gusi bezv\u012bzu re\u017e\u012bmus un str\u0101d\u0101ja pie lo\u0123istikas mar\u0161rutiem, lai Eiropas valstis p\u0101rpludin\u0101tu ar neleg\u0101lajiem migrantiem. Dro\u0161\u012bbas situ\u0101cija b\u016btu \u013coti dramatiska, uzsv\u0113ra Puj\u0101ts.<\/p>\n<p>Apm\u0113ram 90% no neleg\u0101lajiem migrantiem ir gados jauni v\u012brie\u0161i vecum\u0101 no 25 l\u012bdz 35 gadiem. Daudzi ierodas, piem\u0113ram, no Som\u0101lijas. Puj\u0101ts nor\u0101d\u012bja, ka bie\u017ei vien p\u0101rk\u0101p\u0113ji ir pak\u013c\u0101vu\u0161ies k\u0101rdin\u0101jumam tikt pie Eiropas &#8220;aizsardz\u012bbas&#8221;, lai nok\u013c\u016btu sav\u0101 &#8220;sap\u0146u zem\u0113&#8221; un iepriek\u0161 p\u0101rdevu\u0161i visu sev piedero\u0161o mantu.<\/p>\n","protected":false},"excerpt":{"rendered":"Puj\u0101ts nor\u0101d\u012bja, ka saspringt\u0101kais gads saist\u012bb\u0101 ar neleg\u0101lajiem robe\u017eas \u0161\u0137\u0113rsot\u0101jiem bija 2023. gads, kad tika aiztur\u0113ts ar\u012b liel\u0101kais&hellip;\n","protected":false},"author":2,"featured_media":103218,"comment_status":"","ping_status":"","sticky":false,"template":"","format":"standard","meta":{"footnotes":""},"categories":[5],"tags":[23,625,28,29,334,32,33,22,30,31,35,39,38,36,37,34,1589,40,20,26,27,24,25,21],"class_list":{"0":"post-103217","1":"post","2":"type-post","3":"status-publish","4":"format-standard","5":"has-post-thumbnail","7":"category-aktualitates","8":"tag-aktualitates","9":"tag-austrumu-robeza","10":"tag-breaking-news","11":"tag-breakingnews","12":"tag-drosiba","13":"tag-featured-news","14":"tag-featurednews","15":"tag-headlines","16":"tag-latest-news","17":"tag-latestnews","18":"tag-latvia","19":"tag-latvian","20":"tag-latviesu","21":"tag-latviesu-valoda","22":"tag-latviesuvaloda","23":"tag-latvija","24":"tag-latvijas-un-baltkrievijas-robeza","25":"tag-lv","26":"tag-news","27":"tag-popularakas-zinas","28":"tag-popularakaszinas","29":"tag-top-stories","30":"tag-topstories","31":"tag-zinas"},"share_on_mastodon":{"url":"https:\/\/pubeurope.com\/@lv\/115888505753935063","error":""},"_links":{"self":[{"href":"https:\/\/www.europesays.com\/lv\/wp-json\/wp\/v2\/posts\/103217","targetHints":{"allow":["GET"]}}],"collection":[{"href":"https:\/\/www.europesays.com\/lv\/wp-json\/wp\/v2\/posts"}],"about":[{"href":"https:\/\/www.europesays.com\/lv\/wp-json\/wp\/v2\/types\/post"}],"author":[{"embeddable":true,"href":"https:\/\/www.europesays.com\/lv\/wp-json\/wp\/v2\/users\/2"}],"replies":[{"embeddable":true,"href":"https:\/\/www.europesays.com\/lv\/wp-json\/wp\/v2\/comments?post=103217"}],"version-history":[{"count":0,"href":"https:\/\/www.europesays.com\/lv\/wp-json\/wp\/v2\/posts\/103217\/revisions"}],"wp:featuredmedia":[{"embeddable":true,"href":"https:\/\/www.europesays.com\/lv\/wp-json\/wp\/v2\/media\/103218"}],"wp:attachment":[{"href":"https:\/\/www.europesays.com\/lv\/wp-json\/wp\/v2\/media?parent=103217"}],"wp:term":[{"taxonomy":"category","embeddable":true,"href":"https:\/\/www.europesays.com\/lv\/wp-json\/wp\/v2\/categories?post=103217"},{"taxonomy":"post_tag","embeddable":true,"href":"https:\/\/www.europesays.com\/lv\/wp-json\/wp\/v2\/tags?post=103217"}],"curies":[{"name":"wp","href":"https:\/\/api.w.org\/{rel}","templated":true}]}}