{"id":103223,"date":"2026-01-13T15:33:13","date_gmt":"2026-01-13T15:33:13","guid":{"rendered":"https:\/\/www.europesays.com\/lv\/103223\/"},"modified":"2026-01-13T15:33:13","modified_gmt":"2026-01-13T15:33:13","slug":"kapec-tilti-lietuva-un-igaunija-pie-robezas-ar-krieviju-tiek-gatavoti-minesanai","status":"publish","type":"post","link":"https:\/\/www.europesays.com\/lv\/103223\/","title":{"rendered":"K\u0101p\u0113c tilti Lietuv\u0101 un Igaunij\u0101 pie robe\u017eas ar Krieviju tiek gatavoti m\u012bn\u0113\u0161anai?"},"content":{"rendered":"<p>Tiltus Lietuv\u0101 uz robe\u017eas ar Krieviju un Baltkrieviju gatavo m\u012bn\u0113\u0161anai kara gad\u012bjum\u0101. Rus.Postimees noskaidroja, vai l\u012bdz\u012bga sagatavo\u0161an\u0101s notiek ar\u012b Igaunij\u0101. Vasar\u0101 Koidul\u0101 tika veikti remontdarbi zem robe\u017etilta, kas ved uz Krievijas Feder\u0101ciju.<\/p>\n<p>P\u0113rn\u0101 gada nogal\u0113 Lietuvas sabiedriskais medijs LRT (Igaunij\u0101 tam analo\u0123isks ir ERR, bet Lielbrit\u0101nij\u0101 \u2014 BBC) zi\u0146oja par neparast\u0101m milit\u0101ro sp\u0113ku aktivit\u0101t\u0113m pie robe\u017etiltiem valst\u012b.<\/p>\n","protected":false},"excerpt":{"rendered":"Tiltus Lietuv\u0101 uz robe\u017eas ar Krieviju un Baltkrieviju gatavo m\u012bn\u0113\u0161anai kara gad\u012bjum\u0101. Rus.Postimees noskaidroja, vai l\u012bdz\u012bga sagatavo\u0161an\u0101s notiek&hellip;\n","protected":false},"author":2,"featured_media":103224,"comment_status":"","ping_status":"","sticky":false,"template":"","format":"standard","meta":{"footnotes":""},"categories":[14],"tags":[1546,23,57,28,29,32,33,22,73,74,30,31,35,39,38,36,37,34,1464,40,16406,20,26,27,7950,24,25,2238,54,55,56,21,58],"class_list":{"0":"post-103223","1":"post","2":"type-post","3":"status-publish","4":"format-standard","5":"has-post-thumbnail","7":"category-zinas-no-arvalstim","8":"tag-aizsardziba","9":"tag-aktualitates","10":"tag-arvalstim","11":"tag-breaking-news","12":"tag-breakingnews","13":"tag-featured-news","14":"tag-featurednews","15":"tag-headlines","16":"tag-igaunija","17":"tag-krievijas-iebrukums-ukraina","18":"tag-latest-news","19":"tag-latestnews","20":"tag-latvia","21":"tag-latvian","22":"tag-latviesu","23":"tag-latviesu-valoda","24":"tag-latviesuvaloda","25":"tag-latvija","26":"tag-lietuva","27":"tag-lv","28":"tag-narva","29":"tag-news","30":"tag-popularakas-zinas","31":"tag-popularakaszinas","32":"tag-tilts","33":"tag-top-stories","34":"tag-topstories","35":"tag-tvnet-arvalstis","36":"tag-world","37":"tag-world-news","38":"tag-worldnews","39":"tag-zinas","40":"tag-zinas-no-arvalstim"},"share_on_mastodon":{"url":"","error":"Validation failed: Text character limit of 500 exceeded"},"_links":{"self":[{"href":"https:\/\/www.europesays.com\/lv\/wp-json\/wp\/v2\/posts\/103223","targetHints":{"allow":["GET"]}}],"collection":[{"href":"https:\/\/www.europesays.com\/lv\/wp-json\/wp\/v2\/posts"}],"about":[{"href":"https:\/\/www.europesays.com\/lv\/wp-json\/wp\/v2\/types\/post"}],"author":[{"embeddable":true,"href":"https:\/\/www.europesays.com\/lv\/wp-json\/wp\/v2\/users\/2"}],"replies":[{"embeddable":true,"href":"https:\/\/www.europesays.com\/lv\/wp-json\/wp\/v2\/comments?post=103223"}],"version-history":[{"count":0,"href":"https:\/\/www.europesays.com\/lv\/wp-json\/wp\/v2\/posts\/103223\/revisions"}],"wp:featuredmedia":[{"embeddable":true,"href":"https:\/\/www.europesays.com\/lv\/wp-json\/wp\/v2\/media\/103224"}],"wp:attachment":[{"href":"https:\/\/www.europesays.com\/lv\/wp-json\/wp\/v2\/media?parent=103223"}],"wp:term":[{"taxonomy":"category","embeddable":true,"href":"https:\/\/www.europesays.com\/lv\/wp-json\/wp\/v2\/categories?post=103223"},{"taxonomy":"post_tag","embeddable":true,"href":"https:\/\/www.europesays.com\/lv\/wp-json\/wp\/v2\/tags?post=103223"}],"curies":[{"name":"wp","href":"https:\/\/api.w.org\/{rel}","templated":true}]}}