{"id":103235,"date":"2026-01-13T15:41:07","date_gmt":"2026-01-13T15:41:07","guid":{"rendered":"https:\/\/www.europesays.com\/lv\/103235\/"},"modified":"2026-01-13T15:41:07","modified_gmt":"2026-01-13T15:41:07","slug":"varam-izstrada-regulejumu-drosai-maksliga-intelekta-risinajumu-testesanai-specialaja-regulativaja-vide","status":"publish","type":"post","link":"https:\/\/www.europesays.com\/lv\/103235\/","title":{"rendered":"VARAM izstr\u0101d\u0101 regul\u0113jumu dro\u0161ai m\u0101ksl\u012bg\u0101 intelekta risin\u0101jumu test\u0113\u0161anai speci\u0101laj\u0101 regulat\u012bvaj\u0101 vid\u0113"},"content":{"rendered":"<p>\u0160odien, 13. janv\u0101r\u012b, Ministru kabinets apstiprin\u0101jis Vied\u0101s administr\u0101cijas un re\u0123ion\u0101l\u0101s att\u012bst\u012bbas ministrijas izstr\u0101d\u0101tos noteikumus, kas nosaka k\u0101rt\u012bbu, k\u0101d\u0101 M\u0101ksl\u012bg\u0101 intelekta centrs organiz\u0113 speci\u0101lo regulat\u012bvo vidi un nodro\u0161ina personas datu apstr\u0101di m\u0101ksl\u012bg\u0101 intelekta\u00a0(MI)\u00a0sist\u0113mu izstr\u0101dei, test\u0113\u0161anai un att\u012bst\u012bbai.\u00a0<\/p>\n<blockquote>\n<p>Vied\u0101s administr\u0101cijas un re\u0123ion\u0101l\u0101s att\u012bst\u012bbas ministrs Raimonds\u00a0\u010cudars: \u201cM\u0101ksl\u012bg\u0101 intelekta att\u012bst\u012bb\u0101 nepietiek tikai ar skaidru un stingru tiesisko ietvaru \u2013 tikpat b\u016btiski ir nodro\u0161in\u0101t vidi, kas atbalsta\u00a0inovatorus\u00a0un veicina jaunu risin\u0101jumu praktisku izm\u0113\u0123in\u0101\u0161anu. Speci\u0101l\u0101 regulat\u012bv\u0101 vide \u013cauj uz\u0146\u0113m\u0113jiem un p\u0113tniekiem dro\u0161\u0101, uzraudz\u012bt\u0101 vid\u0113 p\u0101rbaud\u012bt savus MI risin\u0101jumus, vienlaikus sa\u0146emot kompetento iest\u0101\u017eu atbalstu. Tas dod Latvijas uz\u0146\u0113mumiem iesp\u0113ju att\u012bst\u012bt konkur\u0113tsp\u0113j\u012bgus, uzticamus un tirgum gatavus MI risin\u0101jumus, stiprinot gan m\u016bsu ekonomiku, gan valsts sp\u0113ju izmantot m\u0101ksl\u012bg\u0101 intelekta sniegt\u0101s priek\u0161roc\u012bbas da\u017e\u0101d\u0101s jom\u0101s, piem\u0113ram, izgl\u012bt\u012bb\u0101, vesel\u012bb\u0101 un dro\u0161\u012bb\u0101.\u201d\u00a0<\/p>\n<\/blockquote>\n<p>Speci\u0101l\u0101 regulat\u012bv\u0101 vide izveidota k\u0101 kontrol\u0113ts un dro\u0161s ietvars, kas \u013cauj p\u0101rbaud\u012bt jaunus vai b\u016btiski pilnveidotus\u00a0MI\u00a0risin\u0101jumus pirms to lai\u0161anas tirg\u016b vai ievie\u0161anas valsts p\u0101rvald\u0113. T\u0101 nodro\u0161ina iesp\u0113ju test\u0113t inovat\u012bvus risin\u0101jumus, vienlaikus saglab\u0101jot augstus dro\u0161\u012bbas, personas datu aizsardz\u012bbas un sabiedr\u012bbas intere\u0161u standartus.\u00a0<\/p>\n<blockquote>\n<p>M\u0101ksl\u012bg\u0101 intelekta centra direktore Guna Puce: &#8220;Latvijas konkur\u0113tsp\u0113ja MI jom\u0101 b\u016bs atkar\u012bga no t\u0101, vai sp\u0113jam rad\u012bt vidi, kur inov\u0101cijas var dro\u0161i non\u0101kt l\u012bdz re\u0101liem pielietojumiem. Speci\u0101l\u0101 regulat\u012bv\u0101 vide \u013caus test\u0113t jaunas MI sist\u0113mas ar skaidru atbilst\u012bbas ietvaru, konsult\u0101cij\u0101m un nepiecie\u0161am\u012bbas gad\u012bjum\u0101 \u2014 atbild\u012bgo iest\u0101\u017eu uzraudz\u012bb\u0101. MIC uzdevums ir padar\u012bt \u0161o ce\u013cu \u012bs\u0101ku, saprotam\u0101ku un dro\u0161\u0101ku, lai Latvij\u0101 top risin\u0101jumi, kas ir uzticami, atbild\u012bgi un eksportsp\u0113j\u012bgi.&#8221;\u00a0<\/p>\n<\/blockquote>\n<p>Speci\u0101l\u0101s regulat\u012bv\u0101s vides ietvaros projektu \u012bstenot\u0101jiem b\u016bs pieejamas konsult\u0101cijas par m\u0101ksl\u012bg\u0101 intelekta risin\u0101jumu atbilst\u012bbu normat\u012bvaj\u0101m pras\u012bb\u0101m, k\u0101 ar\u012b iesp\u0113ja dro\u0161\u0101 vid\u0113 str\u0101d\u0101t ar risin\u0101jumu izstr\u0101dei un test\u0113\u0161anai nepiecie\u0161amajiem datiem. Atsevi\u0161\u0137os gad\u012bjumos m\u0101ksl\u012bg\u0101 intelekta risin\u0101jumus var\u0113s test\u0113t atbild\u012bgo iest\u0101\u017eu uzraudz\u012bb\u0101, piem\u0113rojot \u012bpa\u0161us, no sp\u0113k\u0101 eso\u0161\u0101 regul\u0113juma at\u0161\u0137ir\u012bgus nosac\u012bjumus.\u00a0<br \/>\u00a0<br \/>Projektu atlase regulat\u012bvaj\u0101 vid\u0113 var tikt organiz\u0113ta gan atkl\u0101t\u0101, gan ierobe\u017eot\u0101 form\u0101, \u0146emot v\u0113r\u0101 piepras\u012bjumu, riska l\u012bmeni un m\u0101ksl\u012bg\u0101 intelekta sist\u0113mu gatav\u012bbas pak\u0101pi. Katram projektam regulat\u012bv\u0101 vide tiek izveidota atsevi\u0161\u0137i, pie\u0146emot individu\u0101lu administrat\u012bvo aktu.\u00a0<\/p>\n<p>Ja m\u0101ksl\u012bg\u0101 intelekta sist\u0113mas izstr\u0101dei vai test\u0113\u0161anai nepiecie\u0161ama piek\u013cuve valsts instit\u016bciju r\u012bc\u012bb\u0101 eso\u0161ajiem personas datiem, Centr\u0101l\u0101 statistikas p\u0101rvalde nodro\u0161in\u0101s\u00a0dro\u0161u datu apstr\u0101des vidi. Personas datu apstr\u0101des likum\u012bbu un atbilst\u012bbu Visp\u0101r\u012bg\u0101s datu aizsardz\u012bbas regulas pras\u012bb\u0101m visos projekta posmos uzraudz\u012bs\u00a0Datu valsts inspekcija \u2013\u00a0s\u0101kot\u00a0no datu apjoma izv\u0113rt\u0113\u0161anas,\u00a0l\u012bdz datu dz\u0113\u0161anai p\u0113c\u00a0MI risin\u0101juma\u00a0test\u0113\u0161anas pabeig\u0161anas.\u00a0<\/p>\n<p>Speci\u0101l\u0101\u00a0regulat\u012bv\u0101\u00a0vide\u00a0pal\u012bdz\u0113s\u00a0dro\u0161i\u00a0un\u00a0\u0101tri\u00a0notest\u0113t\u00a0MI\u00a0risin\u0101jumus\u00a0pirms\u00a0to\u00a0ievie\u0161anas,\u00a0nodro\u0161inot\u00a0skaidru\u00a0atbilst\u012bbas\u00a0ietvaru\u00a0un\u00a0koordin\u0113tu\u00a0atbalstu. Pirmo\u00a0projektu\u00a0uzsaukumu\u00a0MIC\u00a0pl\u0101no\u00a0izsludin\u0101t\u00a0febru\u0101ra\u00a0otraj\u0101\u00a0pus\u0113.\u00a0Ar interes\u0113jo\u0161iem jaut\u0101jumiem aicin\u0101m v\u0113rsties, rakstot uz e-pastu <a href=\"https:\/\/www.mk.gov.lv\/lv\/jaunums\/mailto:info@ailatvia.lv\" target=\"_blank\" rel=\"nofollow noopener\">info@ailatvia.lv.<\/a>\u00a0\u00a0<\/p>\n","protected":false},"excerpt":{"rendered":"\u0160odien, 13. janv\u0101r\u012b, Ministru kabinets apstiprin\u0101jis Vied\u0101s administr\u0101cijas un re\u0123ion\u0101l\u0101s att\u012bst\u012bbas ministrijas izstr\u0101d\u0101tos noteikumus, kas nosaka k\u0101rt\u012bbu, k\u0101d\u0101&hellip;\n","protected":false},"author":2,"featured_media":103236,"comment_status":"","ping_status":"","sticky":false,"template":"","format":"standard","meta":{"footnotes":""},"categories":[5],"tags":[23,28,29,32,33,22,30,31,35,39,38,36,37,34,40,20,26,27,24,25,21],"class_list":{"0":"post-103235","1":"post","2":"type-post","3":"status-publish","4":"format-standard","5":"has-post-thumbnail","7":"category-aktualitates","8":"tag-aktualitates","9":"tag-breaking-news","10":"tag-breakingnews","11":"tag-featured-news","12":"tag-featurednews","13":"tag-headlines","14":"tag-latest-news","15":"tag-latestnews","16":"tag-latvia","17":"tag-latvian","18":"tag-latviesu","19":"tag-latviesu-valoda","20":"tag-latviesuvaloda","21":"tag-latvija","22":"tag-lv","23":"tag-news","24":"tag-popularakas-zinas","25":"tag-popularakaszinas","26":"tag-top-stories","27":"tag-topstories","28":"tag-zinas"},"share_on_mastodon":{"url":"https:\/\/pubeurope.com\/@lv\/115888552921482319","error":""},"_links":{"self":[{"href":"https:\/\/www.europesays.com\/lv\/wp-json\/wp\/v2\/posts\/103235","targetHints":{"allow":["GET"]}}],"collection":[{"href":"https:\/\/www.europesays.com\/lv\/wp-json\/wp\/v2\/posts"}],"about":[{"href":"https:\/\/www.europesays.com\/lv\/wp-json\/wp\/v2\/types\/post"}],"author":[{"embeddable":true,"href":"https:\/\/www.europesays.com\/lv\/wp-json\/wp\/v2\/users\/2"}],"replies":[{"embeddable":true,"href":"https:\/\/www.europesays.com\/lv\/wp-json\/wp\/v2\/comments?post=103235"}],"version-history":[{"count":0,"href":"https:\/\/www.europesays.com\/lv\/wp-json\/wp\/v2\/posts\/103235\/revisions"}],"wp:featuredmedia":[{"embeddable":true,"href":"https:\/\/www.europesays.com\/lv\/wp-json\/wp\/v2\/media\/103236"}],"wp:attachment":[{"href":"https:\/\/www.europesays.com\/lv\/wp-json\/wp\/v2\/media?parent=103235"}],"wp:term":[{"taxonomy":"category","embeddable":true,"href":"https:\/\/www.europesays.com\/lv\/wp-json\/wp\/v2\/categories?post=103235"},{"taxonomy":"post_tag","embeddable":true,"href":"https:\/\/www.europesays.com\/lv\/wp-json\/wp\/v2\/tags?post=103235"}],"curies":[{"name":"wp","href":"https:\/\/api.w.org\/{rel}","templated":true}]}}