{"id":103246,"date":"2026-01-13T15:52:08","date_gmt":"2026-01-13T15:52:08","guid":{"rendered":"https:\/\/www.europesays.com\/lv\/103246\/"},"modified":"2026-01-13T15:52:08","modified_gmt":"2026-01-13T15:52:08","slug":"valdiba-apstiprina-ukrainas-civiliedzivotaju-latviesu-valodas-apguvei-sogad-paredzeto-finansejumu-lidz-33-milj-eiro","status":"publish","type":"post","link":"https:\/\/www.europesays.com\/lv\/103246\/","title":{"rendered":"Vald\u012bba apstiprina Ukrainas civiliedz\u012bvot\u0101ju latvie\u0161u valodas apguvei \u0161ogad paredz\u0113to finans\u0113jumu l\u012bdz 3,3 milj. eiro"},"content":{"rendered":"<p>Ministru kabinets s\u0113d\u0113 13. janv\u0101r\u012b l\u0113ma veikt bud\u017eeta finans\u0113juma p\u0101rdali*, kas nep\u0101rsniedz 3 268\u00a0263 eiro, lai Sabiedr\u012bbas integr\u0101cijas fonds (SIF) var\u0113tu turpin\u0101t nodro\u0161in\u0101t latvie\u0161u valodas m\u0101c\u012bbu kursus Ukrainas civiliedz\u012bvot\u0101jiem Latvij\u0101. Paredz\u0113ts, ka 2026. gad\u0101 iesp\u0113ju bez maksas apg\u016bt latvie\u0161u valodu var\u0113tu izmantot l\u012bdz 2994 personas.<\/p>\n<p>\u201cLatvie\u0161u valodas zin\u0101\u0161anas pal\u012bdz iek\u013cauties Latvijas sabiedr\u012bb\u0101. P\u0113d\u0113jo gadu laik\u0101 sniegtais atbalsts latvie\u0161u valodas apguvei ir j\u0101turpina, un \u0161\u012b gada laik\u0101 latvie\u0161u valodas apguvi var\u0113sim nodro\u0161in\u0101t v\u0113l vismaz 2994 Ukrainas civiliedz\u012bvot\u0101jiem visos Latvijas re\u0123ionos. Tas ir b\u016btisks atbalsta instruments sekm\u012bgas dz\u012bves uzs\u0101k\u0161anai Latvij\u0101,\u201d nor\u0101da kult\u016bras ministre Agnese L\u0101ce.<\/p>\n<p>SIF administr\u0113t\u0101s programmas \u201cLatvie\u0161u valodas m\u0101c\u012bbas Ukrainas civiliedz\u012bvot\u0101jiem\u201d ietvaros latvie\u0161u valodu visos Latvijas re\u0123ionos var\u0113s apg\u016bt:<\/p>\n<ul>&#13;<\/p>\n<li>Ukrainas civiliedz\u012bvot\u0101ji, t. sk. nepilngad\u012bgie, kuri ieguvu\u0161i vid\u0113jo izgl\u012bt\u012bbu Ukrain\u0101, k\u0101 ar\u012b 16 gadus sasniegu\u0161\u0101s personas, kuras nav re\u0123istr\u0113tas Latvij\u0101 re\u0123istr\u0113t\u0101 izgl\u012bt\u012bbas iest\u0101d\u0113 (visp\u0101r\u0113j\u0101s izgl\u012bt\u012bbas, profesion\u0101l\u0101s vid\u0113j\u0101s izgl\u012bt\u012bbas, k\u0101 ar\u012b profesion\u0101l\u0101s ievirzes izgl\u012bt\u012bbas iest\u0101d\u0113);<\/li>\n<p>&#13;<\/p>\n<li>Ukrainas civiliedz\u012bvot\u0101ju b\u0113rni no 5 l\u012bdz 16 gadu vecumam neform\u0101laj\u0101 izgl\u012bt\u012bb\u0101 atbilsto\u0161i s\u0101kotn\u0113jam latvie\u0161u valodas prasmes l\u012bmenim.<\/li>\n<p>&#13;\n<\/ul>\n<p>Latvie\u0161u valodas apguve paaugstin\u0101s Ukrainas civiliedz\u012bvot\u0101ju Latvij\u0101 lingvistisko kompetenci, t\u0101d\u0113j\u0101di veicinot vi\u0146u iesp\u0113jas iesaist\u012bties darba tirg\u016b. Valodas zin\u0101\u0161anas ir priek\u0161noteikums pilnv\u0113rt\u012bgai darba mekl\u0113\u0161anai, profesion\u0101l\u0101s kvalifik\u0101cijas izmanto\u0161anai un sekm\u012bgam iek\u013cau\u0161an\u0101s procesam darba kolekt\u012bvos. Vienlaikus programma b\u016btiski atbalst\u012bs ar\u012b b\u0113rnu un jaunie\u0161u izgl\u012bt\u012bbu un iek\u013cau\u0161anos, jo latvie\u0161u valodas prasme ir priek\u0161noteikums veiksm\u012bgai l\u012bdzdal\u012bbai Latvijas izgl\u012bt\u012bbas sist\u0113m\u0101. T\u0101 \u013caus b\u0113rniem ne tikai apg\u016bt m\u0101c\u012bbu saturu, bet ar\u012b iesaist\u012bties skolas dz\u012bv\u0113, veidot draudz\u012bgas attiec\u012bbas ar vienaud\u017eiem un pilnv\u0113rt\u012bgi piedal\u012bties sabiedriskaj\u0101s aktivit\u0101t\u0113s.<\/p>\n<p>SIF, kas jau kop\u0161 2022. gada \u012bsteno valsts bud\u017eeta finans\u0113to programmu \u201cLatvie\u0161u valodas m\u0101c\u012bbas Ukrainas civiliedz\u012bvot\u0101jiem,\u201d t\u0101pat k\u0101 l\u012bdz\u0161in\u0113jos gados r\u012bkos atkl\u0101tu projektu konkursu, kur\u0101 var\u0113s pieteikties apm\u0101c\u012bbu nodro\u0161in\u0101t\u0101ji. Kursi b\u016bs apmekl\u0113jami iesp\u0113jami tuvu Ukrainas civiliedz\u012bvot\u0101ju apme\u0161an\u0101s viet\u0101m visos Latvijas re\u0123ionos vai ar\u012b apg\u016bstami att\u0101lin\u0101t\u0101 form\u0101t\u0101, izmantojot tie\u0161saistes sazi\u0146as platformas.<\/p>\n<p>SIF programmas \u201cLatvie\u0161u valodas m\u0101c\u012bbas Ukrainas civiliedz\u012bvot\u0101jiem\u201d ietvaros 2025. gad\u0101 m\u0101c\u012bb\u0101m pieaugu\u0161ajiem pieteic\u0101s 3690 cilv\u0113ki, t\u0101s pabeidza 2869, no kuriem Valsts izgl\u012bt\u012bbas att\u012bst\u012bbas a\u0123ent\u016br\u0101 eks\u0101menam bija pieteikti 2308 valodas apguv\u0113ji: A1 l\u012bmenim \u2013 629, A2 l\u012bmenim \u2013 813, B1 l\u012bmenim \u2013 487, B2 l\u012bmenim \u2013 279, C1 l\u012bmenim \u2013 83 un C2 l\u012bmenim \u2013 17 personas. Savuk\u0101rt valodas m\u0101c\u012bb\u0101m b\u0113rniem pieteic\u0101s 1532 cilv\u0113ki, no kuriem m\u0101c\u012bbas pabeidza 1358 cilv\u0113ki.<\/p>\n<p>2024. gad\u0101 kursiem bija pieteiku\u0161ies 6114 cilv\u0113ki; m\u0101c\u012bbas pabeigu\u0161i 4799 cilv\u0113ki. Savuk\u0101rt 2023. gad\u0101 latvie\u0161u valodas kursus apmekl\u0113ju\u0161i 6049 cilv\u0113ki, no kuriem sekm\u012bgi tos pabeigu\u0161i 4378 cilv\u0113ki (A1 l\u012bmen\u012b \u2013 2388, A2 \u2013 1383, B1 \u2013 536, B2 \u2013 71).<\/p>\n<p>* Pamatojoties uz MK 22.12.2025. <a href=\"https:\/\/likumi.lv\/ta\/id\/365443-par-pasakumu-planu-atbalsta-sniegsanai-ukrainas-civiliedzivotajiem-latvijas-republika-2026gadam\" target=\"_blank\" rel=\"nofollow noopener\">r\u012bkojumu<\/a> par Pas\u0101kumu pl\u0101nu atbalsta snieg\u0161anai Ukrainas civiliedz\u012bvot\u0101jiem Latvijas Republik\u0101 2026. gadam.<\/p>\n<p>          <img decoding=\"async\" src=\"https:\/\/www.europesays.com\/lv\/wp-content\/uploads\/2026\/01\/1767645852_487_logo-lv.png\" alt=\"\"\/><\/p>\n<p>                  \u0160\u012b inform\u0101cija ir publisks pazi\u0146ojums un neatspogu\u013co LV port\u0101la viedokli. Par t\u0101s saturu atbild ies\u016bt\u012bt\u0101js. <a data-popup=\"rules\">Public\u0113\u0161anas noteikumi<\/a><\/p>\n","protected":false},"excerpt":{"rendered":"Ministru kabinets s\u0113d\u0113 13. janv\u0101r\u012b l\u0113ma veikt bud\u017eeta finans\u0113juma p\u0101rdali*, kas nep\u0101rsniedz 3 268\u00a0263 eiro, lai Sabiedr\u012bbas integr\u0101cijas&hellip;\n","protected":false},"author":2,"featured_media":95583,"comment_status":"","ping_status":"","sticky":false,"template":"","format":"standard","meta":{"footnotes":""},"categories":[12],"tags":[23,28,29,32,33,22,30,31,35,39,38,36,37,34,40,20,26,27,24,25,21],"class_list":{"0":"post-103246","1":"post","2":"type-post","3":"status-publish","4":"format-standard","5":"has-post-thumbnail","7":"category-latvija","8":"tag-aktualitates","9":"tag-breaking-news","10":"tag-breakingnews","11":"tag-featured-news","12":"tag-featurednews","13":"tag-headlines","14":"tag-latest-news","15":"tag-latestnews","16":"tag-latvia","17":"tag-latvian","18":"tag-latviesu","19":"tag-latviesu-valoda","20":"tag-latviesuvaloda","21":"tag-latvija","22":"tag-lv","23":"tag-news","24":"tag-popularakas-zinas","25":"tag-popularakaszinas","26":"tag-top-stories","27":"tag-topstories","28":"tag-zinas"},"share_on_mastodon":{"url":"https:\/\/pubeurope.com\/@lv\/115888596114379199","error":""},"_links":{"self":[{"href":"https:\/\/www.europesays.com\/lv\/wp-json\/wp\/v2\/posts\/103246","targetHints":{"allow":["GET"]}}],"collection":[{"href":"https:\/\/www.europesays.com\/lv\/wp-json\/wp\/v2\/posts"}],"about":[{"href":"https:\/\/www.europesays.com\/lv\/wp-json\/wp\/v2\/types\/post"}],"author":[{"embeddable":true,"href":"https:\/\/www.europesays.com\/lv\/wp-json\/wp\/v2\/users\/2"}],"replies":[{"embeddable":true,"href":"https:\/\/www.europesays.com\/lv\/wp-json\/wp\/v2\/comments?post=103246"}],"version-history":[{"count":0,"href":"https:\/\/www.europesays.com\/lv\/wp-json\/wp\/v2\/posts\/103246\/revisions"}],"wp:featuredmedia":[{"embeddable":true,"href":"https:\/\/www.europesays.com\/lv\/wp-json\/wp\/v2\/media\/95583"}],"wp:attachment":[{"href":"https:\/\/www.europesays.com\/lv\/wp-json\/wp\/v2\/media?parent=103246"}],"wp:term":[{"taxonomy":"category","embeddable":true,"href":"https:\/\/www.europesays.com\/lv\/wp-json\/wp\/v2\/categories?post=103246"},{"taxonomy":"post_tag","embeddable":true,"href":"https:\/\/www.europesays.com\/lv\/wp-json\/wp\/v2\/tags?post=103246"}],"curies":[{"name":"wp","href":"https:\/\/api.w.org\/{rel}","templated":true}]}}