{"id":103247,"date":"2026-01-13T15:53:08","date_gmt":"2026-01-13T15:53:08","guid":{"rendered":"https:\/\/www.europesays.com\/lv\/103247\/"},"modified":"2026-01-13T15:53:08","modified_gmt":"2026-01-13T15:53:08","slug":"2026-gada-samazinas-piemaksu-apmeru-valsts-un-pasvaldibu-institucijas","status":"publish","type":"post","link":"https:\/\/www.europesays.com\/lv\/103247\/","title":{"rendered":"2026. gad\u0101 samazin\u0101s piemaksu apm\u0113ru valsts un pa\u0161vald\u012bbu instit\u016bcij\u0101s"},"content":{"rendered":"<p>Lai nodro\u0161in\u0101tu valsts bud\u017eeta priorit\u0101tes, tostarp dro\u0161\u012bbas jomas finans\u0113jumu, Ministru kabinets \u0161odien vienoj\u0101s samazin\u0101t piemaksu apm\u0113ru valsts un pa\u0161vald\u012bbu instit\u016bcij\u0101s \u2013 2026. gad\u0101 t\u0101s var\u0113s pie\u0161\u0137irt l\u012bdz 20 % no m\u0113ne\u0161algas l\u012bdz\u0161in\u0113jo 30 % viet\u0101.<\/p>\n<p>Apstiprin\u0101tie \u201cNoteikumi par piemaksu noteik\u0161anas k\u0101rt\u012bbu un to apm\u0113ru valsts un pa\u0161vald\u012bbu instit\u016bcij\u0101s 2026. gad\u0101\u201d nosaka piemaksu apm\u0113rus, to pie\u0161\u0137ir\u0161anas pamatojumu un laikposmu, uz kuru piemaksas piem\u0113rojamas 2026. gad\u0101. \u0145emot v\u0113r\u0101 nepiecie\u0161am\u012bbu veikt atl\u012bdz\u012bbas izdevumu konsolid\u0101ciju un \u012bstenot valsts bud\u017eeta priorit\u0101ti \u201cDro\u0161\u012bba\u201d, paredz\u0113ts samazin\u0101t piemaksu maksim\u0101lo apm\u0113ru. Turpm\u0101k piemaksas par promb\u016btn\u0113 eso\u0161as amatpersonas (darbinieka) aizvieto\u0161anu, papildu pien\u0101kumu pild\u012b\u0161anu vai noz\u012bm\u012bgu ieguld\u012bjumu instit\u016bcijas strat\u0113\u0123isko m\u0113r\u0137u sasnieg\u0161an\u0101 var\u0113s noteikt l\u012bdz 20 % no amatpersonai (darbiniekam) noteikt\u0101s m\u0113ne\u0161algas. T\u0101pat noteikts, ka vair\u0101ku piemaksu kopsumma nedr\u012bkst\u0113s p\u0101rsniegt \u0161o apm\u0113ru.<\/p>\n<p>Vienlaikus noteikumos saglab\u0101ti vair\u0101ki iz\u0146\u0113mumi, kuros piemaksu apm\u0113rs var b\u016bt liel\u0101ks, \u0146emot v\u0113r\u0101 attiec\u012bgo amatu specifiku un valsts dro\u0161\u012bbas intereses. Piem\u0113ram, \u0101rstniec\u012bbas person\u0101m, kas aizvieto promb\u016btn\u0113 eso\u0161us kol\u0113\u0123us vai pilda vakanta amata pien\u0101kumus, piemaksas ar\u012b turpm\u0101k var\u0113s sasniegt l\u012bdz 50 % no m\u0113ne\u0161algas. L\u012bdz\u012bgi iz\u0146\u0113mumi paredz\u0113ti karav\u012briem un Iek\u0161lietu ministrijas sist\u0113mas amatperson\u0101m ar speci\u0101lo dienesta pak\u0101pi par pedago\u0123isko darbu, k\u0101 ar\u012b valsts dro\u0161\u012bbas iest\u0101\u017eu amatperson\u0101m, kur\u0101m piemaksu maksim\u0101lais apm\u0113rs noteikts l\u012bdz 30 %, t.i., saglab\u0101jas iepriek\u0161\u0113j\u0101 apm\u0113r\u0101.<\/p>\n<p>Noteikumos preciz\u0113ta ar\u012b piemaksu pie\u0161\u0137ir\u0161anas k\u0101rt\u012bba, nosakot, ka individu\u0101lo piemaksas apm\u0113ru, pamatojumu un laikposmu nosaka iest\u0101des vad\u012bt\u0101js vai vi\u0146a pilnvarota amatpersona, izv\u0113rt\u0113jot darba apjoma pieaugumu, intensit\u0101ti, ieguld\u012bjumu, izpildes termi\u0146us vai darba noz\u012bm\u012bgumu.<\/p>\n<p>Noteikumi st\u0101sies sp\u0113k\u0101 2026. gada 15. janv\u0101r\u012b. Ja piemaksas, kas pie\u0161\u0137irtas l\u012bdz 2026. gada 14. janv\u0101rim, p\u0101rsniedz jaunajos noteikumos paredz\u0113tos apm\u0113rus, t\u0101s no 2026. gada 15. janv\u0101ra tiks samazin\u0101tas atbilsto\u0161i noteiktajai k\u0101rt\u012bbai.<\/p>\n<p>Valsts kanceleja uzsver, ka pie\u0146emtie noteikumi veicina vienotu, caurskat\u0101mu un fisk\u0101li atbild\u012bgu pieeju piemaksu noteik\u0161anai, vienlaikus nodro\u0161inot valsts bud\u017eeta ilgtsp\u0113ju un priorit\u0101ro jomu finans\u0113\u0161anu 2026. gad\u0101.<\/p>\n","protected":false},"excerpt":{"rendered":"Lai nodro\u0161in\u0101tu valsts bud\u017eeta priorit\u0101tes, tostarp dro\u0161\u012bbas jomas finans\u0113jumu, Ministru kabinets \u0161odien vienoj\u0101s samazin\u0101t piemaksu apm\u0113ru valsts un&hellip;\n","protected":false},"author":2,"featured_media":103248,"comment_status":"","ping_status":"","sticky":false,"template":"","format":"standard","meta":{"footnotes":""},"categories":[5],"tags":[23,28,29,32,33,22,30,31,35,39,38,36,37,34,40,20,26,27,24,25,21],"class_list":{"0":"post-103247","1":"post","2":"type-post","3":"status-publish","4":"format-standard","5":"has-post-thumbnail","7":"category-aktualitates","8":"tag-aktualitates","9":"tag-breaking-news","10":"tag-breakingnews","11":"tag-featured-news","12":"tag-featurednews","13":"tag-headlines","14":"tag-latest-news","15":"tag-latestnews","16":"tag-latvia","17":"tag-latvian","18":"tag-latviesu","19":"tag-latviesu-valoda","20":"tag-latviesuvaloda","21":"tag-latvija","22":"tag-lv","23":"tag-news","24":"tag-popularakas-zinas","25":"tag-popularakaszinas","26":"tag-top-stories","27":"tag-topstories","28":"tag-zinas"},"share_on_mastodon":{"url":"https:\/\/pubeurope.com\/@lv\/115888600117935054","error":""},"_links":{"self":[{"href":"https:\/\/www.europesays.com\/lv\/wp-json\/wp\/v2\/posts\/103247","targetHints":{"allow":["GET"]}}],"collection":[{"href":"https:\/\/www.europesays.com\/lv\/wp-json\/wp\/v2\/posts"}],"about":[{"href":"https:\/\/www.europesays.com\/lv\/wp-json\/wp\/v2\/types\/post"}],"author":[{"embeddable":true,"href":"https:\/\/www.europesays.com\/lv\/wp-json\/wp\/v2\/users\/2"}],"replies":[{"embeddable":true,"href":"https:\/\/www.europesays.com\/lv\/wp-json\/wp\/v2\/comments?post=103247"}],"version-history":[{"count":0,"href":"https:\/\/www.europesays.com\/lv\/wp-json\/wp\/v2\/posts\/103247\/revisions"}],"wp:featuredmedia":[{"embeddable":true,"href":"https:\/\/www.europesays.com\/lv\/wp-json\/wp\/v2\/media\/103248"}],"wp:attachment":[{"href":"https:\/\/www.europesays.com\/lv\/wp-json\/wp\/v2\/media?parent=103247"}],"wp:term":[{"taxonomy":"category","embeddable":true,"href":"https:\/\/www.europesays.com\/lv\/wp-json\/wp\/v2\/categories?post=103247"},{"taxonomy":"post_tag","embeddable":true,"href":"https:\/\/www.europesays.com\/lv\/wp-json\/wp\/v2\/tags?post=103247"}],"curies":[{"name":"wp","href":"https:\/\/api.w.org\/{rel}","templated":true}]}}