{"id":103267,"date":"2026-01-13T16:05:07","date_gmt":"2026-01-13T16:05:07","guid":{"rendered":"https:\/\/www.europesays.com\/lv\/103267\/"},"modified":"2026-01-13T16:05:07","modified_gmt":"2026-01-13T16:05:07","slug":"ukrainas-iedzivotaju-latviesu-valodas-apmacibai-pieskir-327-miljonus-eiro-raksts","status":"publish","type":"post","link":"https:\/\/www.europesays.com\/lv\/103267\/","title":{"rendered":"Ukrainas iedz\u012bvot\u0101ju latvie\u0161u valodas apm\u0101c\u012bbai pie\u0161\u0137ir 3,27 miljonus eiro \/ Raksts"},"content":{"rendered":"<p>Vald\u012bba otrdien, 13.\u00a0janv\u0101r\u012b, atbalst\u012bja 3\u00a0268\u00a0263 eiro bud\u017eeta finans\u0113juma p\u0101rdali Sabiedr\u012bbas integr\u0101cijas fondam (SIF), lai var\u0113tu turpin\u0101t nodro\u0161in\u0101t latvie\u0161u valodas apguves kursus Ukrainas civiliedz\u012bvot\u0101jiem.\u00a0<\/p>\n<p>Pl\u0101nots, ka 2026. gad\u0101 bezmaksas latvie\u0161u valodas kursus var\u0113tu apmekl\u0113t l\u012bdz 2994 personas.<\/p>\n<p>SIF organiz\u0113t\u0101s\u00a0apm\u0101c\u012bbas programm\u0101 &#8220;Latvie\u0161u valodas m\u0101c\u012bbas Ukrainas civiliedz\u012bvot\u0101jiem&#8221; latvie\u0161u valodu var\u0113s apg\u016bt Ukrainas civiliedz\u012bvot\u0101ji, tai skait\u0101 ar\u012b nepilngad\u012bgie, kuri ieguvu\u0161i vid\u0113jo izgl\u012bt\u012bbu Ukrain\u0101, k\u0101 ar\u012b 16 gadu vecumu\u00a0sasniegu\u0161\u0101s personas, kuras nav re\u0123istr\u0113tas Latvij\u0101 re\u0123istr\u0113t\u0101 izgl\u012bt\u012bbas iest\u0101d\u0113 (visp\u0101r\u0113j\u0101s izgl\u012bt\u012bbas, profesion\u0101l\u0101s vid\u0113j\u0101s izgl\u012bt\u012bbas, k\u0101 ar\u012b profesion\u0101l\u0101s ievirzes izgl\u012bt\u012bbas iest\u0101d\u0113).<\/p>\n<p>T\u0101pat latvie\u0161u valodu var\u0113s apg\u016bt Ukrainas civiliedz\u012bvot\u0101ji, s\u0101kot no 5 gadiem l\u012bdz 18 gadu vecuma sasnieg\u0161anai, neform\u0101laj\u0101 izgl\u012bt\u012bb\u0101 atbilsto\u0161i s\u0101kotn\u0113jam latvie\u0161u valodas prasmes l\u012bmenim<\/p>\n<p>Iepriek\u0161\u0113j\u0101s latvie\u0161u valodas m\u0101c\u012bbu grupas izveidotas 2025.\u00a0gada oktobr\u012b. M\u0101c\u012bb\u0101m pieaugu\u0161ajiem kop\u0101 pieteic\u0101s 3690 cilv\u0113ki. M\u0101c\u012bbas nepabeidza 821 persona, bet pabeidza 2869 cilv\u0113ki,\u00a0no kuriem Valsts izgl\u012bt\u012bbas att\u012bst\u012bbas a\u0123ent\u016br\u0101 eks\u0101menam bija pieteikti 2308 valodas apguv\u0113ji: A1 l\u012bmenim \u2013 629, A2 l\u012bmenim \u2013 813, B1 l\u012bmenim \u2013 487, B2 l\u012bmenim \u2013 279, C1 l\u012bmenim \u2013 83 un C2 l\u012bmenim \u2013 17\u00a0personas.<\/p>\n<p>Savuk\u0101rt valodas m\u0101c\u012bb\u0101m b\u0113rniem p\u0113rn pieteic\u0101s 1532 cilv\u0113ki, no kuriem m\u0101c\u012bbas pabeidza 1358 cilv\u0113ki, bet nepabeidza 174 cilv\u0113ki.<\/p>\n<p>SIF, kas jau kop\u0161 2022. gada \u012bsteno valsts bud\u017eeta finans\u0113to programmu &#8220;Latvie\u0161u valodas m\u0101c\u012bbas Ukrainas civiliedz\u012bvot\u0101jiem&#8221;, t\u0101pat k\u0101 l\u012bdz\u0161in\u0113jos gados r\u012bkos atkl\u0101tu projektu konkursu, kur\u0101 var\u0113s pieteikties apm\u0101c\u012bbu nodro\u0161in\u0101t\u0101ji. Kursus latvie\u0161u valodas apguvei SIF turpin\u0101s nodro\u0161in\u0101t iesp\u0113jami tuvu Ukrainas civiliedz\u012bvot\u0101ju apme\u0161an\u0101s viet\u0101m visos Latvijas re\u0123ionos vai ar\u012b att\u0101lin\u0101t\u0101 form\u0101t\u0101, izmantojot tie\u0161saistes sazi\u0146as platformas.<\/p>\n<p>                    Valodas k\u013c\u016bda rakst\u0101?<\/p>\n<p class=\"d-none d-md-block\">Iez\u012bm\u0113jiet tekstu un spiediet Ctrl+Enter, lai nos\u016bt\u012btu labojamo teksta fragmentu redaktoram! Par faktu k\u013c\u016bd\u0101m l\u016bdzam zi\u0146ot e-past\u0101 <a href=\"https:\/\/www.lsm.lv\/cdn-cgi\/l\/email-protection\" class=\"__cf_email__\" data-cfemail=\"83f1e6e7e2e8e0eae9e2c3eff0eeadeff5\" rel=\"nofollow noopener\" target=\"_blank\">[email\u00a0protected]<\/a>.<\/p>\n<p class=\"d-md-none\">Iez\u012bm\u0113jiet tekstu un spiediet uz Zi\u0146ot par k\u013c\u016bdu pogas, lai nos\u016bt\u012btu labojamo teksta fragmentu redaktoram!<\/p>\n<p>\n                    Zi\u0146ot par k\u013c\u016bdu\n                <\/p>\n","protected":false},"excerpt":{"rendered":"Vald\u012bba otrdien, 13.\u00a0janv\u0101r\u012b, atbalst\u012bja 3\u00a0268\u00a0263 eiro bud\u017eeta finans\u0113juma p\u0101rdali Sabiedr\u012bbas integr\u0101cijas fondam (SIF), lai var\u0113tu turpin\u0101t nodro\u0161in\u0101t latvie\u0161u&hellip;\n","protected":false},"author":2,"featured_media":103268,"comment_status":"","ping_status":"","sticky":false,"template":"","format":"standard","meta":{"footnotes":""},"categories":[5],"tags":[23,28,29,32,33,22,30,31,35,39,38,36,37,34,40,20,26,27,24,25,21],"class_list":{"0":"post-103267","1":"post","2":"type-post","3":"status-publish","4":"format-standard","5":"has-post-thumbnail","7":"category-aktualitates","8":"tag-aktualitates","9":"tag-breaking-news","10":"tag-breakingnews","11":"tag-featured-news","12":"tag-featurednews","13":"tag-headlines","14":"tag-latest-news","15":"tag-latestnews","16":"tag-latvia","17":"tag-latvian","18":"tag-latviesu","19":"tag-latviesu-valoda","20":"tag-latviesuvaloda","21":"tag-latvija","22":"tag-lv","23":"tag-news","24":"tag-popularakas-zinas","25":"tag-popularakaszinas","26":"tag-top-stories","27":"tag-topstories","28":"tag-zinas"},"share_on_mastodon":{"url":"https:\/\/pubeurope.com\/@lv\/115888647299185973","error":""},"_links":{"self":[{"href":"https:\/\/www.europesays.com\/lv\/wp-json\/wp\/v2\/posts\/103267","targetHints":{"allow":["GET"]}}],"collection":[{"href":"https:\/\/www.europesays.com\/lv\/wp-json\/wp\/v2\/posts"}],"about":[{"href":"https:\/\/www.europesays.com\/lv\/wp-json\/wp\/v2\/types\/post"}],"author":[{"embeddable":true,"href":"https:\/\/www.europesays.com\/lv\/wp-json\/wp\/v2\/users\/2"}],"replies":[{"embeddable":true,"href":"https:\/\/www.europesays.com\/lv\/wp-json\/wp\/v2\/comments?post=103267"}],"version-history":[{"count":0,"href":"https:\/\/www.europesays.com\/lv\/wp-json\/wp\/v2\/posts\/103267\/revisions"}],"wp:featuredmedia":[{"embeddable":true,"href":"https:\/\/www.europesays.com\/lv\/wp-json\/wp\/v2\/media\/103268"}],"wp:attachment":[{"href":"https:\/\/www.europesays.com\/lv\/wp-json\/wp\/v2\/media?parent=103267"}],"wp:term":[{"taxonomy":"category","embeddable":true,"href":"https:\/\/www.europesays.com\/lv\/wp-json\/wp\/v2\/categories?post=103267"},{"taxonomy":"post_tag","embeddable":true,"href":"https:\/\/www.europesays.com\/lv\/wp-json\/wp\/v2\/tags?post=103267"}],"curies":[{"name":"wp","href":"https:\/\/api.w.org\/{rel}","templated":true}]}}