{"id":103273,"date":"2026-01-13T16:09:07","date_gmt":"2026-01-13T16:09:07","guid":{"rendered":"https:\/\/www.europesays.com\/lv\/103273\/"},"modified":"2026-01-13T16:09:07","modified_gmt":"2026-01-13T16:09:07","slug":"dronu-trieciena-pie-novorosijskas-cietusi-divi-tankkugi-diena","status":"publish","type":"post","link":"https:\/\/www.europesays.com\/lv\/103273\/","title":{"rendered":"Dronu triecien\u0101 pie Novorosijskas cietu\u0161i divi tankku\u0123i \/ Diena"},"content":{"rendered":"<p>Uzbrukts tankku\u0123iem &#8220;Delta Harmony&#8221; un &#8220;Matilda&#8221;. Ku\u0123iem nodar\u012bto boj\u0101jumu apm\u0113rs v\u0113l nav skaidrs, zi\u0146o &#8220;Bloomberg&#8221;.<\/p>\n<p>&#13;<br \/>\n&#13;<\/p>\n<p>K\u0101 teiku\u0161i &#8220;RIA Novosti&#8221; avoti, tankku\u0123iem &#8220;Ukrainas dronu triecienu rezult\u0101t\u0101 boj\u0101tas kravas iek\u0101rtas, ta\u010du tie nav zaud\u0113ju\u0161i peldsp\u0113ju&#8221;.<\/p>\n<p>&#13;<br \/>\n&#13;<\/p>\n<p>Faktu par uzbrukumu tankku\u0123im &#8220;Matilda&#8221; apstiprin\u0101ja uz\u0146\u0113mums &#8220;KazMunayGas&#8221;.<\/p>\n<p>&#13;<br \/>\n&#13;<\/p>\n<p>Ku\u0123i bija nofrakt\u0113jis &#8220;KazMunayGas&#8221; meitasuz\u0146\u0113mums, teikts pazi\u0146ojum\u0101.<\/p>\n<p>&#13;<br \/>\n&#13;<\/p>\n<p>Trieciena rezult\u0101t\u0101 notika spr\u0101dziens, tom\u0113r aizdeg\u0161an\u0101s nenotika. Apkalpes locek\u013cu vid\u016b nav cietu\u0161o, ku\u0123is joproj\u0101m ir ku\u0123otsp\u0113j\u012bgs, nor\u0101d\u012bja uz\u0146\u0113mums.<\/p>\n<p>&#13;<\/p>\n","protected":false},"excerpt":{"rendered":"Uzbrukts tankku\u0123iem &#8220;Delta Harmony&#8221; un &#8220;Matilda&#8221;. Ku\u0123iem nodar\u012bto boj\u0101jumu apm\u0113rs v\u0113l nav skaidrs, zi\u0146o &#8220;Bloomberg&#8221;. &#13; &#13; K\u0101&hellip;\n","protected":false},"author":2,"featured_media":103274,"comment_status":"","ping_status":"","sticky":false,"template":"","format":"standard","meta":{"footnotes":""},"categories":[14],"tags":[23,57,28,29,32,33,22,30,31,35,39,38,36,37,34,40,20,26,27,24,25,54,55,56,21,58],"class_list":{"0":"post-103273","1":"post","2":"type-post","3":"status-publish","4":"format-standard","5":"has-post-thumbnail","7":"category-zinas-no-arvalstim","8":"tag-aktualitates","9":"tag-arvalstim","10":"tag-breaking-news","11":"tag-breakingnews","12":"tag-featured-news","13":"tag-featurednews","14":"tag-headlines","15":"tag-latest-news","16":"tag-latestnews","17":"tag-latvia","18":"tag-latvian","19":"tag-latviesu","20":"tag-latviesu-valoda","21":"tag-latviesuvaloda","22":"tag-latvija","23":"tag-lv","24":"tag-news","25":"tag-popularakas-zinas","26":"tag-popularakaszinas","27":"tag-top-stories","28":"tag-topstories","29":"tag-world","30":"tag-world-news","31":"tag-worldnews","32":"tag-zinas","33":"tag-zinas-no-arvalstim"},"share_on_mastodon":{"url":"https:\/\/pubeurope.com\/@lv\/115888663050147442","error":""},"_links":{"self":[{"href":"https:\/\/www.europesays.com\/lv\/wp-json\/wp\/v2\/posts\/103273","targetHints":{"allow":["GET"]}}],"collection":[{"href":"https:\/\/www.europesays.com\/lv\/wp-json\/wp\/v2\/posts"}],"about":[{"href":"https:\/\/www.europesays.com\/lv\/wp-json\/wp\/v2\/types\/post"}],"author":[{"embeddable":true,"href":"https:\/\/www.europesays.com\/lv\/wp-json\/wp\/v2\/users\/2"}],"replies":[{"embeddable":true,"href":"https:\/\/www.europesays.com\/lv\/wp-json\/wp\/v2\/comments?post=103273"}],"version-history":[{"count":0,"href":"https:\/\/www.europesays.com\/lv\/wp-json\/wp\/v2\/posts\/103273\/revisions"}],"wp:featuredmedia":[{"embeddable":true,"href":"https:\/\/www.europesays.com\/lv\/wp-json\/wp\/v2\/media\/103274"}],"wp:attachment":[{"href":"https:\/\/www.europesays.com\/lv\/wp-json\/wp\/v2\/media?parent=103273"}],"wp:term":[{"taxonomy":"category","embeddable":true,"href":"https:\/\/www.europesays.com\/lv\/wp-json\/wp\/v2\/categories?post=103273"},{"taxonomy":"post_tag","embeddable":true,"href":"https:\/\/www.europesays.com\/lv\/wp-json\/wp\/v2\/tags?post=103273"}],"curies":[{"name":"wp","href":"https:\/\/api.w.org\/{rel}","templated":true}]}}