{"id":103275,"date":"2026-01-13T16:10:07","date_gmt":"2026-01-13T16:10:07","guid":{"rendered":"https:\/\/www.europesays.com\/lv\/103275\/"},"modified":"2026-01-13T16:10:07","modified_gmt":"2026-01-13T16:10:07","slug":"pieejams-plasaks-atbalsts-aizbildnu-un-adoptetaju-gimenem-2","status":"publish","type":"post","link":"https:\/\/www.europesays.com\/lv\/103275\/","title":{"rendered":"Pieejams pla\u0161\u0101ks atbalsts aizbild\u0146u un adopt\u0113t\u0101ju \u0123imen\u0113m"},"content":{"rendered":"<p class=\"MsoHeader\">No 2026. gada aizbild\u0146u un adopt\u0113t\u0101ju \u0123imen\u0113m, k\u0101 ar\u012b vi\u0146u apr\u016bp\u0113 eso\u0161ajiem b\u0113rniem pieejams pla\u0161\u0101ks individu\u0101laj\u0101s vajadz\u012bb\u0101s balst\u012bts atbalsts. \u0100rpus\u0123imenes apr\u016bpes atbalsta centri turpm\u0101k nodro\u0161in\u0101s ne vien psihologa un soci\u0101l\u0101 darbinieka konsult\u0101cijas un atbalsta grupu nodarb\u012bbas, bet ar\u012b citu speci\u0101listu sniegtus pakalpojumus, kas l\u012bdz \u0161im bija pieejami tikai aud\u017eu\u0123imen\u0113m.<\/p>\n<p class=\"MsoHeader\">To nosaka \u0161.g. 13. janv\u0101ra vald\u012bbas s\u0113d\u0113 apstiprin\u0101tie groz\u012bjumi Ministru kabineta noteikumos \u201c\u0100rpus\u0123imenes apr\u016bpes atbalsta centra noteikumi\u201d. Turpm\u0101k aizbild\u0146i un adopt\u0113t\u0101ji var\u0113s sa\u0146emt, piem\u0113ram, kanisterapijas, logop\u0113da un citu atbalsta speci\u0101listu konsult\u0101cijas un pakalpojumus, kas pal\u012bdz\u0113s nodro\u0161in\u0101t b\u0113rnu att\u012bst\u012bbas, emocion\u0101l\u0101s labkl\u0101j\u012bbas un \u0123imenes stabilit\u0101tes veicin\u0101\u0161anu.<\/p>\n<blockquote>\n<p class=\"MsoHeader\">Labkl\u0101j\u012bbas ministrs Reinis Uzulnieks uzsver: \u201cApst\u0101k\u013cos, kad Latvij\u0101 b\u0113rnu skaits samazin\u0101s, valsts atbild\u012bba par katru b\u0113rnu k\u013c\u016bst v\u0113l noz\u012bm\u012bg\u0101ka. 2026. gad\u0101, ieguldot 0,7 miljonus eiro, m\u0113s nodro\u0161in\u0101sim pla\u0161\u0101ku un individu\u0101laj\u0101m vajadz\u012bb\u0101m piel\u0101gotu atbalstu vair\u0101k nek\u0101 1100 aizbild\u0146iem un 520 adopt\u0113t\u0101jiem. \u0160ie pakalpojumi pal\u012bdz\u0113s \u0123imen\u0113m savlaic\u012bgi risin\u0101t b\u0113rnu att\u012bst\u012bbas un labkl\u0101j\u012bbas jaut\u0101jumus, stiprinot gan b\u0113rnus, gan \u0123imenes, kas izv\u0113l\u0113ju\u0161\u0101s vi\u0146us audzin\u0101t Latvij\u0101.\u201d<\/p>\n<\/blockquote>\n","protected":false},"excerpt":{"rendered":"No 2026. gada aizbild\u0146u un adopt\u0113t\u0101ju \u0123imen\u0113m, k\u0101 ar\u012b vi\u0146u apr\u016bp\u0113 eso\u0161ajiem b\u0113rniem pieejams pla\u0161\u0101ks individu\u0101laj\u0101s vajadz\u012bb\u0101s balst\u012bts&hellip;\n","protected":false},"author":2,"featured_media":103276,"comment_status":"","ping_status":"","sticky":false,"template":"","format":"standard","meta":{"footnotes":""},"categories":[12],"tags":[23,28,29,32,33,22,30,31,35,39,38,36,37,34,40,20,26,27,24,25,21],"class_list":{"0":"post-103275","1":"post","2":"type-post","3":"status-publish","4":"format-standard","5":"has-post-thumbnail","7":"category-latvija","8":"tag-aktualitates","9":"tag-breaking-news","10":"tag-breakingnews","11":"tag-featured-news","12":"tag-featurednews","13":"tag-headlines","14":"tag-latest-news","15":"tag-latestnews","16":"tag-latvia","17":"tag-latvian","18":"tag-latviesu","19":"tag-latviesu-valoda","20":"tag-latviesuvaloda","21":"tag-latvija","22":"tag-lv","23":"tag-news","24":"tag-popularakas-zinas","25":"tag-popularakaszinas","26":"tag-top-stories","27":"tag-topstories","28":"tag-zinas"},"share_on_mastodon":{"url":"https:\/\/pubeurope.com\/@lv\/115888666946210219","error":""},"_links":{"self":[{"href":"https:\/\/www.europesays.com\/lv\/wp-json\/wp\/v2\/posts\/103275","targetHints":{"allow":["GET"]}}],"collection":[{"href":"https:\/\/www.europesays.com\/lv\/wp-json\/wp\/v2\/posts"}],"about":[{"href":"https:\/\/www.europesays.com\/lv\/wp-json\/wp\/v2\/types\/post"}],"author":[{"embeddable":true,"href":"https:\/\/www.europesays.com\/lv\/wp-json\/wp\/v2\/users\/2"}],"replies":[{"embeddable":true,"href":"https:\/\/www.europesays.com\/lv\/wp-json\/wp\/v2\/comments?post=103275"}],"version-history":[{"count":0,"href":"https:\/\/www.europesays.com\/lv\/wp-json\/wp\/v2\/posts\/103275\/revisions"}],"wp:featuredmedia":[{"embeddable":true,"href":"https:\/\/www.europesays.com\/lv\/wp-json\/wp\/v2\/media\/103276"}],"wp:attachment":[{"href":"https:\/\/www.europesays.com\/lv\/wp-json\/wp\/v2\/media?parent=103275"}],"wp:term":[{"taxonomy":"category","embeddable":true,"href":"https:\/\/www.europesays.com\/lv\/wp-json\/wp\/v2\/categories?post=103275"},{"taxonomy":"post_tag","embeddable":true,"href":"https:\/\/www.europesays.com\/lv\/wp-json\/wp\/v2\/tags?post=103275"}],"curies":[{"name":"wp","href":"https:\/\/api.w.org\/{rel}","templated":true}]}}