{"id":103279,"date":"2026-01-13T16:13:07","date_gmt":"2026-01-13T16:13:07","guid":{"rendered":"https:\/\/www.europesays.com\/lv\/103279\/"},"modified":"2026-01-13T16:13:07","modified_gmt":"2026-01-13T16:13:07","slug":"super-nova-tiek-pie-jelgavnieka-pura-grobinai-pievienojas-okupetaja-krima-spelejis-nigerietis-futbols-sportacentrs-com","status":"publish","type":"post","link":"https:\/\/www.europesays.com\/lv\/103279\/","title":{"rendered":"&#8220;Super Nova&#8221; tiek pie jelgavnieka Pura, &#8220;Grobi\u0146ai&#8221; pievienojas okup\u0113taj\u0101 Krim\u0101 sp\u0113l\u0113jis nig\u0113rietis \u2013 Futbols \u2013 Sportacentrs.com"},"content":{"rendered":"<p>&#8220;Super Nova&#8221; pievienojies 19 gadus vecais centra aizsargs Valters Purs, kur\u0161 iepriek\u0161\u0113j\u0101 pavasar\u012b Latvijas U19 izlases rind\u0101s atlases elites k\u0101rt\u0101 sp\u0113l\u0113ja pret It\u0101liju (1:1) un Franciju (1:2). &#8220;Jelgavas&#8221; audz\u0113knis Virsl\u012bgas karjer\u0101 sakr\u0101jis 72 sp\u0113les un guvis vienus v\u0101rtus, bet iepriek\u0161\u0113j\u0101 sezon\u0101 piedal\u012bj\u0101s 16 ma\u010dos. Savuk\u0101rt &#8220;Super Nova&#8221; atst\u0101jis Latvijas U19 izlases rudens cikla uzbruc\u0113js Em\u012bls Sprukts, kur\u0161 pievienoj\u0101s vasar\u0101 un sezonas otraj\u0101 da\u013c\u0101 Virsl\u012bg\u0101 debit\u0113ja ar 12 sp\u0113l\u0113m un vieniem v\u0101rtiem. \u0160oziem Sprukts sp\u0113l\u0113 Latvijas U19 futz\u0101la \u010dempion\u0101t\u0101, &#8220;Riga&#8221;https:\/\/sportacentrs.com\/&#8221;Beitar&#8221; sast\u0101v\u0101 trij\u0101s sp\u0113l\u0113s g\u016bstot piecus v\u0101rtus.<\/p>\n<p>&#8220;Grobi\u0146a&#8221; pav\u0113st\u012bjusi par divu le\u0123ion\u0101ru iera\u0161anos. Jau tre\u0161aj\u0101 Latvijas klub\u0101 nob\u0101z\u0113jies 25 gadus vecais ukrainis Artems Holods, kur\u0161 2024. gad\u0101 sp\u0113l\u0113ja &#8220;Jelgav\u0101&#8221;, bet iepriek\u0161\u0113j\u0101 sezon\u0101 bija &#8220;Tukums 2000&#8221; mal\u0113jais aizsargs, 32 sp\u0113l\u0113s izdarot divas rezultat\u012bvas piesp\u0113les. &#8220;Mariupol&#8221; rind\u0101s aizvad\u012bjis \u010detras sp\u0113les Ukrainas Premjerl\u012bg\u0101, sp\u0113l\u0113jis ar\u012b ASV un Bulg\u0101rij\u0101. T\u0101pat kl\u0101t n\u0101cis 19 gadus vecais nig\u0113rietis Oladotuns Olatunde-Metj\u016b, kur\u0161 var sp\u0113l\u0113t balsta pussarga un centra aizsarga poz\u012bcij\u0101s. Iepriek\u0161\u0113jo pusgadu vi\u0146\u0161 p\u0101rst\u0101v\u0113ja Moldovas \u010dempionvien\u012bbu &#8220;Milsami&#8221;, aizvadot tr\u012bs sp\u0113les Eirokausos un Moldovas l\u012bg\u0101 16 sp\u0113l\u0113s g\u016bstot vienus v\u0101rtus (komandai pa\u0161laik 4. vieta), bet 2023. gad\u0101 vi\u0146\u0161 sp\u0113l\u0113ja Krievijas okup\u0113t\u0101s Krimas \u010dempion\u0101t\u0101.<\/p>\n<p>&#8220;Grobi\u0146a&#8221; ar\u012b pazi\u0146ojusi par biju\u0161o Lietuvas un Latvijas izlases sp\u0113l\u0113t\u0101ju Rolanda Baravika (izlas\u0113 35+2) un G\u013ceba K\u013cu\u0161kina (19+2) palik\u0161anu. Pievienojies no dzimtajiem \u0160au\u013ciem, mal\u0113jais aizsargs Baraviks Virsl\u012bg\u0101 16 sp\u0113l\u0113s guva divus v\u0101rtus. K\u013cu\u0161kins, iepriek\u0161 sp\u0113l\u0113jis &#8220;Jelgav\u0101&#8221;, p\u0113rn Virsl\u012bg\u0101 21 sp\u0113l\u0113s tika pie 2+2. Paliks ar\u012b 22 gadus vecais centra pussargs Maksims Fjodorovs, kur\u0161 34 sp\u0113l\u0113s atz\u012bm\u0113j\u0101s ar 0+1.<\/p>\n<p>Izmantotie resursi:<br \/><a target=\"_blank\" href=\"https:\/\/www.facebook.com\/photo?fbid=1177695367809493&amp;set=pcb.1177695477809482\" rel=\"nofollow noopener\">https:\/\/www.facebook.com\/photo?fbid&#8230;<\/a><br \/><a target=\"_blank\" href=\"https:\/\/www.facebook.com\/photo?fbid=1174951651417198&amp;set=pcb.1174951724750524\" rel=\"nofollow noopener\">https:\/\/www.facebook.com\/photo?fbid&#8230;<\/a><br \/><a target=\"_blank\" href=\"https:\/\/www.facebook.com\/photo\/?fbid=1174296104816086&amp;set=a.416108993968138\" rel=\"nofollow noopener\">https:\/\/www.facebook.com\/photo\/?fbi&#8230;<\/a><br \/><a target=\"_blank\" href=\"https:\/\/en.cfu2015.com\/players\/1708\/\" rel=\"nofollow noopener\">https:\/\/en.cfu2015.com\/players\/1708\/<\/a><br \/><a target=\"_blank\" href=\"https:\/\/x.com\/Super_Nova_sk\/status\/2009992986965488104\" rel=\"nofollow\">https:\/\/x.com\/Super_Nova_sk\/status\/&#8230;<\/a><br \/><a target=\"_blank\" href=\"https:\/\/x.com\/Super_Nova_sk\/status\/2010606462389965091\" rel=\"nofollow\">https:\/\/x.com\/Super_Nova_sk\/status\/&#8230;<\/a><\/p>\n","protected":false},"excerpt":{"rendered":"&#8220;Super Nova&#8221; pievienojies 19 gadus vecais centra aizsargs Valters Purs, kur\u0161 iepriek\u0161\u0113j\u0101 pavasar\u012b Latvijas U19 izlases rind\u0101s atlases&hellip;\n","protected":false},"author":2,"featured_media":103280,"comment_status":"","ping_status":"","sticky":false,"template":"","format":"standard","meta":{"footnotes":""},"categories":[17],"tags":[676,35,39,38,36,37,34,40,67],"class_list":{"0":"post-103279","1":"post","2":"type-post","3":"status-publish","4":"format-standard","5":"has-post-thumbnail","7":"category-sports","8":"tag-futbols","9":"tag-latvia","10":"tag-latvian","11":"tag-latviesu","12":"tag-latviesu-valoda","13":"tag-latviesuvaloda","14":"tag-latvija","15":"tag-lv","16":"tag-sports"},"share_on_mastodon":{"url":"https:\/\/pubeurope.com\/@lv\/115888678694528716","error":""},"_links":{"self":[{"href":"https:\/\/www.europesays.com\/lv\/wp-json\/wp\/v2\/posts\/103279","targetHints":{"allow":["GET"]}}],"collection":[{"href":"https:\/\/www.europesays.com\/lv\/wp-json\/wp\/v2\/posts"}],"about":[{"href":"https:\/\/www.europesays.com\/lv\/wp-json\/wp\/v2\/types\/post"}],"author":[{"embeddable":true,"href":"https:\/\/www.europesays.com\/lv\/wp-json\/wp\/v2\/users\/2"}],"replies":[{"embeddable":true,"href":"https:\/\/www.europesays.com\/lv\/wp-json\/wp\/v2\/comments?post=103279"}],"version-history":[{"count":0,"href":"https:\/\/www.europesays.com\/lv\/wp-json\/wp\/v2\/posts\/103279\/revisions"}],"wp:featuredmedia":[{"embeddable":true,"href":"https:\/\/www.europesays.com\/lv\/wp-json\/wp\/v2\/media\/103280"}],"wp:attachment":[{"href":"https:\/\/www.europesays.com\/lv\/wp-json\/wp\/v2\/media?parent=103279"}],"wp:term":[{"taxonomy":"category","embeddable":true,"href":"https:\/\/www.europesays.com\/lv\/wp-json\/wp\/v2\/categories?post=103279"},{"taxonomy":"post_tag","embeddable":true,"href":"https:\/\/www.europesays.com\/lv\/wp-json\/wp\/v2\/tags?post=103279"}],"curies":[{"name":"wp","href":"https:\/\/api.w.org\/{rel}","templated":true}]}}