{"id":103283,"date":"2026-01-13T16:16:07","date_gmt":"2026-01-13T16:16:07","guid":{"rendered":"https:\/\/www.europesays.com\/lv\/103283\/"},"modified":"2026-01-13T16:16:07","modified_gmt":"2026-01-13T16:16:07","slug":"pec-lza-iebildumiem-valdiba-vel-neskata-grozijumus-par-medijiem","status":"publish","type":"post","link":"https:\/\/www.europesays.com\/lv\/103283\/","title":{"rendered":"P\u0113c L\u017dA iebildumiem vald\u012bb\u0101 v\u0113l neskata groz\u012bjumus par medijiem"},"content":{"rendered":"<p>T\u0101pat asoci\u0101cija uzsver, ka ir b\u012bstami, ka groz\u012bjumos tiek manipul\u0113ts ar j\u0113dzienu &#8220;valsts nosl\u0113puma objekts&#8221;, kur\u0161 Valsts nosl\u0113puma likum\u0101 ir defin\u0113ts k\u0101 inform\u0101cija, kas ir valsts nosl\u0113pums vai var tikt atz\u012bta par valsts nosl\u0113pumu.<\/p>\n<p>P\u0113c asoci\u0101cij\u0101 skaidrot\u0101, tas noz\u012bm\u0113, ka jebkura inform\u0101cija var tikt klasific\u0113ta p\u0113c fakta, tostarp p\u0113c tam, kad medijs to jau ir public\u0113jis. \u0160\u0101da konstrukcija rada past\u0101v\u012bgu draudu mediju darbam, veicina pa\u0161cenz\u016bru un paver iesp\u0113jas politiski motiv\u0113ti v\u0113rsties pret \u017eurn\u0101listiem, pau\u017e \u017eurn\u0101listus p\u0101rst\u0101vo\u0161\u0101 asoci\u0101cija.<\/p>\n<p>Asoci\u0101cija piepras\u012bja nekav\u0113joties iz\u0146emt attiec\u012bgos labojumus no likumprojekta, k\u0101 ar\u012b turpm\u0101k jebkuras izmai\u0146as, kas skar mediju darbu, izstr\u0101d\u0101t tikai atkl\u0101t\u0101 dialog\u0101 ar mediju organiz\u0101cij\u0101m. T\u0101pat L\u017dA pras\u012bja ar\u012b p\u0101rtraukt likumdo\u0161anas praksi, kas v\u0113rsta uz inform\u0101cijas sl\u0113p\u0161anu.<\/p>\n<p>Vald\u012bb\u0101 otrdien bija pl\u0101nots skat\u012bt groz\u012bjumus Elektronisko pla\u0161sazi\u0146as l\u012bdzek\u013cu likum\u0101 un likum\u0101 &#8220;Par presi un citiem masu inform\u0101cijas l\u012bdzek\u013ciem&#8221;, ta\u010du KM tos no\u0146\u0113ma no skat\u012b\u0161anas.<\/p>\n","protected":false},"excerpt":{"rendered":"T\u0101pat asoci\u0101cija uzsver, ka ir b\u012bstami, ka groz\u012bjumos tiek manipul\u0113ts ar j\u0113dzienu &#8220;valsts nosl\u0113puma objekts&#8221;, kur\u0161 Valsts nosl\u0113puma&hellip;\n","protected":false},"author":2,"featured_media":103284,"comment_status":"","ping_status":"","sticky":false,"template":"","format":"standard","meta":{"footnotes":""},"categories":[12],"tags":[23,28,29,32,33,22,1813,30,31,35,39,38,36,37,34,40,3819,20,26,27,24,25,1524,21],"class_list":{"0":"post-103283","1":"post","2":"type-post","3":"status-publish","4":"format-standard","5":"has-post-thumbnail","7":"category-latvija","8":"tag-aktualitates","9":"tag-breaking-news","10":"tag-breakingnews","11":"tag-featured-news","12":"tag-featurednews","13":"tag-headlines","14":"tag-kulturas-ministrija","15":"tag-latest-news","16":"tag-latestnews","17":"tag-latvia","18":"tag-latvian","19":"tag-latviesu","20":"tag-latviesu-valoda","21":"tag-latviesuvaloda","22":"tag-latvija","23":"tag-lv","24":"tag-mediji","25":"tag-news","26":"tag-popularakas-zinas","27":"tag-popularakaszinas","28":"tag-top-stories","29":"tag-topstories","30":"tag-valdiba","31":"tag-zinas"},"share_on_mastodon":{"url":"https:\/\/pubeurope.com\/@lv\/115888690530060645","error":""},"_links":{"self":[{"href":"https:\/\/www.europesays.com\/lv\/wp-json\/wp\/v2\/posts\/103283","targetHints":{"allow":["GET"]}}],"collection":[{"href":"https:\/\/www.europesays.com\/lv\/wp-json\/wp\/v2\/posts"}],"about":[{"href":"https:\/\/www.europesays.com\/lv\/wp-json\/wp\/v2\/types\/post"}],"author":[{"embeddable":true,"href":"https:\/\/www.europesays.com\/lv\/wp-json\/wp\/v2\/users\/2"}],"replies":[{"embeddable":true,"href":"https:\/\/www.europesays.com\/lv\/wp-json\/wp\/v2\/comments?post=103283"}],"version-history":[{"count":0,"href":"https:\/\/www.europesays.com\/lv\/wp-json\/wp\/v2\/posts\/103283\/revisions"}],"wp:featuredmedia":[{"embeddable":true,"href":"https:\/\/www.europesays.com\/lv\/wp-json\/wp\/v2\/media\/103284"}],"wp:attachment":[{"href":"https:\/\/www.europesays.com\/lv\/wp-json\/wp\/v2\/media?parent=103283"}],"wp:term":[{"taxonomy":"category","embeddable":true,"href":"https:\/\/www.europesays.com\/lv\/wp-json\/wp\/v2\/categories?post=103283"},{"taxonomy":"post_tag","embeddable":true,"href":"https:\/\/www.europesays.com\/lv\/wp-json\/wp\/v2\/tags?post=103283"}],"curies":[{"name":"wp","href":"https:\/\/api.w.org\/{rel}","templated":true}]}}