{"id":103290,"date":"2026-01-13T16:22:08","date_gmt":"2026-01-13T16:22:08","guid":{"rendered":"https:\/\/www.europesays.com\/lv\/103290\/"},"modified":"2026-01-13T16:22:08","modified_gmt":"2026-01-13T16:22:08","slug":"valdiba-atbalsta-iespeju-rigas-sabiedriska-transporta-lietotos-autobusus-ziedot-ukrainai","status":"publish","type":"post","link":"https:\/\/www.europesays.com\/lv\/103290\/","title":{"rendered":"Vald\u012bba atbalsta iesp\u0113ju R\u012bgas sabiedrisk\u0101 transporta lietotos autobusus ziedot Ukrainai"},"content":{"rendered":"<p>Otrdien, 13. janv\u0101r\u012b, vald\u012bba atbalst\u012bja Satiksmes ministrijas (SM) virz\u012btos groz\u012bjumus Ministru kabineta noteikumos, kas paredz iesp\u0113ju R\u012bgas sabiedrisk\u0101 transporta sist\u0113mas moderniz\u0101cijas ietvaros ar jauniem elektroautobusiem aizst\u0101tos lietotos autobusus ziedot Ukrainas civiliedz\u012bvot\u0101ju atbalstam. \u0160\u0101ds risin\u0101jums \u013cauj sniegt praktisku atbalstu Ukrainas sabiedr\u012bbai, tostarp bru\u0146oto sp\u0113ku lo\u0123istikas un hum\u0101n\u0101s pal\u012bdz\u012bbas vajadz\u012bb\u0101m.<\/p>\n<p>Groz\u012bjumi veikti Ministru kabineta noteikumos Nr. 237, kas regul\u0113 Eiropas Savien\u012bbas Atvese\u013co\u0161anas fonda invest\u012bcijas emisiju samazin\u0101\u0161anai transporta sektor\u0101, tostarp pie\u0161\u0137irt\u0101 finans\u0113juma izlietojumu projekt\u0101 \u201cVidei draudz\u012bgi uzlabojumi R\u012bgas valstspils\u0113tas sabiedrisk\u0101 transporta sist\u0113m\u0101\u201d.<\/p>\n<blockquote>\n<p>\u201c\u0160ie groz\u012bjumi normat\u012bvaj\u0101 regul\u0113jum\u0101 \u013cauj apvienot ilgtsp\u0113j\u012bgu transporta politiku ar re\u0101lu atbalstu Ukrainai. Ja transportl\u012bdzek\u013ci vairs nav nepiecie\u0161ami R\u012bgas sabiedrisk\u0101 transporta nodro\u0161in\u0101\u0161anai, ir tikai lo\u0123iski dot tiem otru iesp\u0113ju, vienlaic\u012bgi pal\u012bdzot Ukrainas sabiedr\u012bbai kara apst\u0101k\u013cos,\u201d uzsver satiksmes ministrs Atis \u0160vinka. <\/p>\n<\/blockquote>\n<p>Noteikumu preciz\u0113jumu m\u0113r\u0137is ir nodro\u0161in\u0101t elast\u012bg\u0101ku regul\u0113jumu AF finans\u0113juma ietvaros \u012bstenot\u0101 projekta noris\u0113. Turpm\u0101k projekta ietvaros ar elektroautobusiem aizst\u0101t\u0101s transporta vien\u012bbas \u2013 lietotos autobusus \u2013 var\u0113s nodot apstr\u0101dei saska\u0146\u0101 ar Nolietotu transportl\u012bdzek\u013cu apsaimnieko\u0161anas likumu vai ziedot Ukrainas civiliedz\u012bvot\u0101ju atbalsta likum\u0101 noteiktajos gad\u012bjumos Ukrainas sabiedr\u012bbai. <\/p>\n<p>R\u012bgas sabiedrisk\u0101 transporta za\u013cin\u0101\u0161anas projekts tiek \u012bstenots Eiropas Savien\u012bbas Atvese\u013co\u0161anas un notur\u012bbas meh\u0101nisma ietvaros. T\u0101 m\u0113r\u0137is ir mazin\u0101t siltumn\u012bcefekta g\u0101zu emisijas, palielinot bezemisiju transportl\u012bdzek\u013cu \u012bpatsvaru un veicinot videi draudz\u012bga sabiedrisk\u0101 transporta izmanto\u0161anu. Projekta ietvaros R\u012bg\u0101 jau ieg\u0101d\u0101ti 17 elektroautobusi un tiek izb\u016bv\u0113ta elektroautobusu \u0101tr\u0101s uzl\u0101des infrastrukt\u016bra ar septi\u0146iem uzl\u0101des punktiem.<\/p>\n","protected":false},"excerpt":{"rendered":"Otrdien, 13. janv\u0101r\u012b, vald\u012bba atbalst\u012bja Satiksmes ministrijas (SM) virz\u012btos groz\u012bjumus Ministru kabineta noteikumos, kas paredz iesp\u0113ju R\u012bgas sabiedrisk\u0101&hellip;\n","protected":false},"author":2,"featured_media":103291,"comment_status":"","ping_status":"","sticky":false,"template":"","format":"standard","meta":{"footnotes":""},"categories":[12],"tags":[23,28,29,32,33,22,30,31,35,39,38,36,37,34,40,20,26,27,24,25,21],"class_list":{"0":"post-103290","1":"post","2":"type-post","3":"status-publish","4":"format-standard","5":"has-post-thumbnail","7":"category-latvija","8":"tag-aktualitates","9":"tag-breaking-news","10":"tag-breakingnews","11":"tag-featured-news","12":"tag-featurednews","13":"tag-headlines","14":"tag-latest-news","15":"tag-latestnews","16":"tag-latvia","17":"tag-latvian","18":"tag-latviesu","19":"tag-latviesu-valoda","20":"tag-latviesuvaloda","21":"tag-latvija","22":"tag-lv","23":"tag-news","24":"tag-popularakas-zinas","25":"tag-popularakaszinas","26":"tag-top-stories","27":"tag-topstories","28":"tag-zinas"},"share_on_mastodon":{"url":"https:\/\/pubeurope.com\/@lv\/115888714168659307","error":""},"_links":{"self":[{"href":"https:\/\/www.europesays.com\/lv\/wp-json\/wp\/v2\/posts\/103290","targetHints":{"allow":["GET"]}}],"collection":[{"href":"https:\/\/www.europesays.com\/lv\/wp-json\/wp\/v2\/posts"}],"about":[{"href":"https:\/\/www.europesays.com\/lv\/wp-json\/wp\/v2\/types\/post"}],"author":[{"embeddable":true,"href":"https:\/\/www.europesays.com\/lv\/wp-json\/wp\/v2\/users\/2"}],"replies":[{"embeddable":true,"href":"https:\/\/www.europesays.com\/lv\/wp-json\/wp\/v2\/comments?post=103290"}],"version-history":[{"count":0,"href":"https:\/\/www.europesays.com\/lv\/wp-json\/wp\/v2\/posts\/103290\/revisions"}],"wp:featuredmedia":[{"embeddable":true,"href":"https:\/\/www.europesays.com\/lv\/wp-json\/wp\/v2\/media\/103291"}],"wp:attachment":[{"href":"https:\/\/www.europesays.com\/lv\/wp-json\/wp\/v2\/media?parent=103290"}],"wp:term":[{"taxonomy":"category","embeddable":true,"href":"https:\/\/www.europesays.com\/lv\/wp-json\/wp\/v2\/categories?post=103290"},{"taxonomy":"post_tag","embeddable":true,"href":"https:\/\/www.europesays.com\/lv\/wp-json\/wp\/v2\/tags?post=103290"}],"curies":[{"name":"wp","href":"https:\/\/api.w.org\/{rel}","templated":true}]}}