{"id":103292,"date":"2026-01-13T16:23:06","date_gmt":"2026-01-13T16:23:06","guid":{"rendered":"https:\/\/www.europesays.com\/lv\/103292\/"},"modified":"2026-01-13T16:23:06","modified_gmt":"2026-01-13T16:23:06","slug":"nevienu-no-arstniecibas-iestadem-slegt-neplano","status":"publish","type":"post","link":"https:\/\/www.europesays.com\/lv\/103292\/","title":{"rendered":"nevienu no \u0101rstniec\u012bbas iest\u0101d\u0113m sl\u0113gt nepl\u0101no"},"content":{"rendered":"<p>Savuk\u0101rt l\u012bdz 2028. gada 3. janv\u0101rim VM pl\u0101no l\u012bgumos ar stacion\u0101raj\u0101m \u0101rstniec\u012bbas iest\u0101d\u0113m iek\u013caut minim\u0101lo kvalit\u0101tes r\u0101d\u012bt\u0101ju izpildi un sasaist\u012bt to ar finans\u0113jumu, k\u0101 ar\u012b veikt izmai\u0146as gad\u012bjumos, ja tiks konstat\u0113tas neatbilst\u012bbas noteiktaj\u0101m pras\u012bb\u0101m.<\/p>\n<p>Pl\u0101nots, ka no 2029. gada s\u0101kuma tiks s\u0101kta kvalit\u0101tes r\u0101d\u012bt\u0101ju v\u0113rt\u0113\u0161ana stacion\u0101raj\u0101s \u0101rstniec\u012bbas iest\u0101d\u0113s, to izpildi \u0146emot v\u0113r\u0101 finans\u0113juma pl\u0101no\u0161an\u0101, k\u0101 ar\u012b tiks nodro\u0161in\u0101ta pacientu observ\u0101cijas l\u012bdz 24 stund\u0101m \u012bsteno\u0161ana atbilsto\u0161i noteiktajiem krit\u0113rijiem.<\/p>\n<p>Nacion\u0101l\u0101s dro\u0161\u012bbas kontekst\u0101 p\u0101rmai\u0146as slimn\u012bcu t\u012bkl\u0101 neparedz\u0113s konkr\u0113tu slimn\u012bcu sl\u0113g\u0161anu. Tom\u0113r, \u0146emot v\u0113r\u0101 re\u0123ion\u0101l\u0101s \u012bpatn\u012bbas, piem\u0113ram, Austrumu pierobe\u017e\u0101 eso\u0161\u0101m slimn\u012bc\u0101m, paredz\u0113ts piem\u0113rot individu\u0101lus risin\u0101jumus. Katrs slimn\u012bcas gad\u012bjums tiks v\u0113rt\u0113ts atsevi\u0161\u0137i un, savstarp\u0113ji vienojoties ar katru slimn\u012bcu un pa\u0161vald\u012bbu, tiks pan\u0101kta vieno\u0161an\u0101s par optim\u0101l\u0101ko iesp\u0113jamo risin\u0101jumu, sola VM.<\/p>\n<p>VM redz\u0113jum\u0101, ja tiks ietaup\u012bti l\u012bdzek\u013ci, reorganiz\u0113jot Neatliekam\u0101s medic\u012bnas un pacientu uz\u0146em\u0161anas noda\u013cas, tie var\u0113tu tikt novirz\u012bti attiec\u012bg\u0101s slimn\u012bcas dienas stacion\u0101r\u0101 vai ambulatoro pakalpojumu pieejam\u012bbai, t\u0101d\u0113j\u0101di mazinot ietekmi uz slimn\u012bcu un t\u0101s nodarbin\u0101tajiem un vienlaikus veicin\u0101tu nepiecie\u0161amo pakalpojumu pieejam\u012bbu, k\u0101 ar\u012b da\u013cu novirz\u012bt tarifu p\u0101rskat\u012b\u0161anai, lai segtu augo\u0161\u0101s izmaksas stacion\u0101rajiem pakalpojumiem.<\/p>\n","protected":false},"excerpt":{"rendered":"Savuk\u0101rt l\u012bdz 2028. gada 3. janv\u0101rim VM pl\u0101no l\u012bgumos ar stacion\u0101raj\u0101m \u0101rstniec\u012bbas iest\u0101d\u0113m iek\u013caut minim\u0101lo kvalit\u0101tes r\u0101d\u012bt\u0101ju izpildi&hellip;\n","protected":false},"author":2,"featured_media":89815,"comment_status":"","ping_status":"","sticky":false,"template":"","format":"standard","meta":{"footnotes":""},"categories":[5],"tags":[23,28,29,32,33,22,30,31,35,39,38,36,37,34,40,20,26,27,24,25,181,787,21],"class_list":{"0":"post-103292","1":"post","2":"type-post","3":"status-publish","4":"format-standard","5":"has-post-thumbnail","7":"category-aktualitates","8":"tag-aktualitates","9":"tag-breaking-news","10":"tag-breakingnews","11":"tag-featured-news","12":"tag-featurednews","13":"tag-headlines","14":"tag-latest-news","15":"tag-latestnews","16":"tag-latvia","17":"tag-latvian","18":"tag-latviesu","19":"tag-latviesu-valoda","20":"tag-latviesuvaloda","21":"tag-latvija","22":"tag-lv","23":"tag-news","24":"tag-popularakas-zinas","25":"tag-popularakaszinas","26":"tag-top-stories","27":"tag-topstories","28":"tag-veseliba","29":"tag-veselibas-aprupe","30":"tag-zinas"},"share_on_mastodon":{"url":"https:\/\/pubeurope.com\/@lv\/115888718022133158","error":""},"_links":{"self":[{"href":"https:\/\/www.europesays.com\/lv\/wp-json\/wp\/v2\/posts\/103292","targetHints":{"allow":["GET"]}}],"collection":[{"href":"https:\/\/www.europesays.com\/lv\/wp-json\/wp\/v2\/posts"}],"about":[{"href":"https:\/\/www.europesays.com\/lv\/wp-json\/wp\/v2\/types\/post"}],"author":[{"embeddable":true,"href":"https:\/\/www.europesays.com\/lv\/wp-json\/wp\/v2\/users\/2"}],"replies":[{"embeddable":true,"href":"https:\/\/www.europesays.com\/lv\/wp-json\/wp\/v2\/comments?post=103292"}],"version-history":[{"count":0,"href":"https:\/\/www.europesays.com\/lv\/wp-json\/wp\/v2\/posts\/103292\/revisions"}],"wp:featuredmedia":[{"embeddable":true,"href":"https:\/\/www.europesays.com\/lv\/wp-json\/wp\/v2\/media\/89815"}],"wp:attachment":[{"href":"https:\/\/www.europesays.com\/lv\/wp-json\/wp\/v2\/media?parent=103292"}],"wp:term":[{"taxonomy":"category","embeddable":true,"href":"https:\/\/www.europesays.com\/lv\/wp-json\/wp\/v2\/categories?post=103292"},{"taxonomy":"post_tag","embeddable":true,"href":"https:\/\/www.europesays.com\/lv\/wp-json\/wp\/v2\/tags?post=103292"}],"curies":[{"name":"wp","href":"https:\/\/api.w.org\/{rel}","templated":true}]}}