{"id":103295,"date":"2026-01-13T16:27:27","date_gmt":"2026-01-13T16:27:27","guid":{"rendered":"https:\/\/www.europesays.com\/lv\/103295\/"},"modified":"2026-01-13T16:27:27","modified_gmt":"2026-01-13T16:27:27","slug":"incidents-pie-valastes-udenskrituma-nra-lv","status":"publish","type":"post","link":"https:\/\/www.europesays.com\/lv\/103295\/","title":{"rendered":"Incidents pie Valastes \u016bdenskrituma &#8211; nra.lv"},"content":{"rendered":"<p class=\"descr\">Ziem\u0101 t\u016bristu un viet\u0113jo iedz\u012bvot\u0101ju iecien\u012bti apskates objekti Igaunij\u0101 ir iespaid\u012bgie leduskritumi.<\/p>\n<p>Nesen soct\u012bklos public\u0113ts video, kur redzams sasalis Valastes \u016bdenskritums. Ta\u010du negaid\u012bti da\u013ca no t\u0101 sabr\u016bk. Incidents notika 10. janv\u0101r\u012b.<\/p>\n<p>No sasalu\u0161\u0101 \u016bdenskrituma nokrita milz\u012bgs ledus bloks, izraisot paniku t\u016bristu vid\u016b. P\u0113c aculiecinieku st\u0101st\u012bt\u0101, viss notika da\u017eu sekun\u017eu laik\u0101. Da\u017eiem apmekl\u0113t\u0101jiem izdev\u0101s iem\u016b\u017ein\u0101t br\u012bdi \u012bsi pirms sabruk\u0161anas. Neskatoties uz nopietnaj\u0101m briesm\u0101m, br\u012bnumain\u0101 k\u0101rt\u0101 upuru nebija.<\/p>\n<blockquote class=\"twitter-tweet\">\n<p lang=\"en\" dir=\"ltr\">A frozen Valaste waterfall collapsed onto tourists in Estonia<\/p>\n<p>The incident occurred on January 10 in the Ida-Viru County region.<\/p>\n<p>A massive block of ice fell from the frozen waterfall, triggering panic among tourists. According to eyewitnesses, everything happened within\u2026 <a href=\"https:\/\/t.co\/kRVUDzgI4P\" rel=\"nofollow\">pic.twitter.com\/kRVUDzgI4P<\/a><\/p>\n<p>\u2014 NEXTA (@nexta_tv) <a href=\"https:\/\/twitter.com\/nexta_tv\/status\/2010694714056475020?ref_src=twsrc%5Etfw\" rel=\"nofollow noopener\" target=\"_blank\">January 12, 2026<\/a><\/p><\/blockquote>\n<p>\t\t\t\t\t\tinfo<\/p>\n<p>Uzzini pirmais<br \/>kas interesants noticis Latvij\u0101 un pasaul\u0113,<br \/>pievienojoties mums <a href=\"https:\/\/t.me\/neatkariga\" rel=\"nofollow\">Telegram<\/a> vai <a href=\"https:\/\/whatsapp.com\/channel\/0029VaMLFUH5K3zLU5s4wm3y\" rel=\"nofollow noopener\" target=\"_blank\">Whatsapp<\/a> kan\u0101l\u0101<\/p>\n<p>\t\t\t\t\t\t\t\t\t<script async src=\"https:\/\/platform.twitter.com\/widgets.js\" charset=\"utf-8\"><\/script><\/p>\n","protected":false},"excerpt":{"rendered":"Ziem\u0101 t\u016bristu un viet\u0113jo iedz\u012bvot\u0101ju iecien\u012bti apskates objekti Igaunij\u0101 ir iespaid\u012bgie leduskritumi. Nesen soct\u012bklos public\u0113ts video, kur redzams&hellip;\n","protected":false},"author":2,"featured_media":103296,"comment_status":"","ping_status":"","sticky":false,"template":"","format":"standard","meta":{"footnotes":""},"categories":[14],"tags":[23,57,28,29,32,33,22,30,31,35,39,38,36,37,34,40,20,26,27,24,25,54,55,56,21,58],"class_list":{"0":"post-103295","1":"post","2":"type-post","3":"status-publish","4":"format-standard","5":"has-post-thumbnail","7":"category-zinas-no-arvalstim","8":"tag-aktualitates","9":"tag-arvalstim","10":"tag-breaking-news","11":"tag-breakingnews","12":"tag-featured-news","13":"tag-featurednews","14":"tag-headlines","15":"tag-latest-news","16":"tag-latestnews","17":"tag-latvia","18":"tag-latvian","19":"tag-latviesu","20":"tag-latviesu-valoda","21":"tag-latviesuvaloda","22":"tag-latvija","23":"tag-lv","24":"tag-news","25":"tag-popularakas-zinas","26":"tag-popularakaszinas","27":"tag-top-stories","28":"tag-topstories","29":"tag-world","30":"tag-world-news","31":"tag-worldnews","32":"tag-zinas","33":"tag-zinas-no-arvalstim"},"share_on_mastodon":{"url":"https:\/\/pubeurope.com\/@lv\/115888733964149518","error":""},"_links":{"self":[{"href":"https:\/\/www.europesays.com\/lv\/wp-json\/wp\/v2\/posts\/103295","targetHints":{"allow":["GET"]}}],"collection":[{"href":"https:\/\/www.europesays.com\/lv\/wp-json\/wp\/v2\/posts"}],"about":[{"href":"https:\/\/www.europesays.com\/lv\/wp-json\/wp\/v2\/types\/post"}],"author":[{"embeddable":true,"href":"https:\/\/www.europesays.com\/lv\/wp-json\/wp\/v2\/users\/2"}],"replies":[{"embeddable":true,"href":"https:\/\/www.europesays.com\/lv\/wp-json\/wp\/v2\/comments?post=103295"}],"version-history":[{"count":0,"href":"https:\/\/www.europesays.com\/lv\/wp-json\/wp\/v2\/posts\/103295\/revisions"}],"wp:featuredmedia":[{"embeddable":true,"href":"https:\/\/www.europesays.com\/lv\/wp-json\/wp\/v2\/media\/103296"}],"wp:attachment":[{"href":"https:\/\/www.europesays.com\/lv\/wp-json\/wp\/v2\/media?parent=103295"}],"wp:term":[{"taxonomy":"category","embeddable":true,"href":"https:\/\/www.europesays.com\/lv\/wp-json\/wp\/v2\/categories?post=103295"},{"taxonomy":"post_tag","embeddable":true,"href":"https:\/\/www.europesays.com\/lv\/wp-json\/wp\/v2\/tags?post=103295"}],"curies":[{"name":"wp","href":"https:\/\/api.w.org\/{rel}","templated":true}]}}