{"id":103297,"date":"2026-01-13T16:28:07","date_gmt":"2026-01-13T16:28:07","guid":{"rendered":"https:\/\/www.europesays.com\/lv\/103297\/"},"modified":"2026-01-13T16:28:07","modified_gmt":"2026-01-13T16:28:07","slug":"360tv-atlaiz-popularos-zinu-diktorus-artu-skuju-un-tali-eipuru","status":"publish","type":"post","link":"https:\/\/www.europesays.com\/lv\/103297\/","title":{"rendered":"360TV atlai\u017e popul\u0101ros zi\u0146u diktorus Artu Skuju un T\u0101li Eipuru"},"content":{"rendered":"<p class=\"descr\">Aizvad\u012bt\u0101 gada nogal\u0113 pieredz\u0113ju\u0161ie telev\u012bzijas zi\u0146u moderatori Arta Skuja un T\u0101lis Eipurs uzzin\u0101ja, ka no jaun\u0101 gada darba attiec\u012bbas ar vi\u0146iem kan\u0101la 360TV Zi\u0146\u0101s tik\u0161ot p\u0101rtrauktas. \u0160\u0101ds l\u0113mums bijis p\u0101rsteigums abiem, v\u0113st\u012bts Aijas Ozoli\u0146as materi\u0101l\u0101 &#8220;Popul\u0101rie zi\u0146u diktori zaud\u0113 darbu telev\u012bzij\u0101&#8221; izdevum\u0101 &#8220;Priv\u0101t\u0101 Dz\u012bve&#8221;.<\/p>\n<p>&#8220;Iemeslu nevaru skaidri pateikt. Kan\u0101l\u0101 notiek p\u0101rmai\u0146as. Ac\u012bmredzot gaid\u0101mas izmai\u0146as kop\u0113j\u0101 koncepcij\u0101,&#8221; zi\u0146u par darba attiec\u012bbu p\u0101rtrauk\u0161anu koment\u0113 pieredz\u0113jus\u012b diktore <a href=\"https:\/\/nra.lv\/birka\/arta-skuja\/\" target=\"_blank\" rel=\"noopener nofollow\">Arta Skuja<\/a>. Vi\u0146a no 2023. gada augusta darboj\u0101s kan\u0101l\u0101 360TV k\u0101 zi\u0146u vad\u012bt\u0101ja. Telev\u012bzij\u0101 Arta str\u0101d\u0101ja paral\u0113li savam pamatdarbam Latvijas Radio, bet nu ekr\u0101nos vairs nepar\u0101d\u0101s. T\u0101ds bijis kan\u0101la vad\u012bbas l\u0113mums.<\/p>\n<p>Kop\u0101 ar Artu no 360 Zi\u0146\u0101m paz\u016bd ar\u012b vi\u0146as kol\u0113\u0123is \u017eurn\u0101lists <a href=\"https:\/\/nra.lv\/birka\/talis-eipurs\/\" target=\"_blank\" rel=\"noopener nofollow\">T\u0101lis Eipurs<\/a>, kur\u0161 raid\u012bjumam pievienoj\u0101s 2024. gada ruden\u012b. Ar\u012b ar vi\u0146u darba attiec\u012bbas netiek turpin\u0101tas.<\/p>\n<blockquote><p>&#8220;M\u0113s ar Artu neesam vien\u012bgie &#8211; vair\u0101kiem aizkadra cilv\u0113kiem pateikts paldies. Atlai\u0161ana mani piemekl\u0113jusi pirmo reizi m\u016b\u017e\u0101, un emocion\u0101li es nebiju tai gatavs,&#8221; atz\u012bst T\u0101lis.<\/p><\/blockquote>\n<p>Eipurs pie\u013cauj, ka 360TV  darbinieku skaita samazin\u0101\u0161anai pamat\u0101 var\u0113tu b\u016bt ekonomiski apsv\u0113rumi: &#8220;Medijiem kopum\u0101 Latvij\u0101 \u0161obr\u012bd nekl\u0101jas viegli. Interneta mil\u017eiem ir liela ietekme, un viet\u0113jie mediji finansi\u0101li ir diezgan paplicin\u0101ti. Nebr\u012bn\u012btos, ja tas b\u016btu viens no faktoriem,&#8221; min T\u0101lis. Eipura balss jau kop\u0161 1997. gada dzirdama ar\u012b Latvijas Radio. <\/p>\n<p>Kan\u0101la 360TV zi\u0146u dienesta vad\u012bt\u0101js Uldis \u0100boli\u0146\u0161 skaidro, ka turpm\u0101k zi\u0146\u0101m b\u016bs jauns form\u0101ts. &#8220;Jaunaj\u0101 form\u0101t\u0101 ir samazin\u0101ta klasisk\u0101 moderatora loma, liel\u0101ku uzsvaru liekot uz \u017eurn\u0101listu kl\u0101tb\u016btni un iesaisti \u0113ter\u0101,&#8221; koment\u0113 \u0100boli\u0146\u0161 un piebilst, ka turpm\u0101k \u017eurn\u0101listi vienlaikus b\u016bs ar\u012b raid\u012bjuma vad\u012bt\u0101ji.<\/p>\n<p>\t\t\t\t\t\tinfo<\/p>\n<p>Uzzini pirmais<br \/>kas interesants noticis Latvij\u0101 un pasaul\u0113,<br \/>pievienojoties mums <a href=\"https:\/\/t.me\/neatkariga\" rel=\"nofollow\">Telegram<\/a> vai <a href=\"https:\/\/whatsapp.com\/channel\/0029VaMLFUH5K3zLU5s4wm3y\" rel=\"nofollow noopener\" target=\"_blank\">Whatsapp<\/a> kan\u0101l\u0101<\/p>\n","protected":false},"excerpt":{"rendered":"Aizvad\u012bt\u0101 gada nogal\u0113 pieredz\u0113ju\u0161ie telev\u012bzijas zi\u0146u moderatori Arta Skuja un T\u0101lis Eipurs uzzin\u0101ja, ka no jaun\u0101 gada darba&hellip;\n","protected":false},"author":2,"featured_media":103298,"comment_status":"","ping_status":"","sticky":false,"template":"","format":"standard","meta":{"footnotes":""},"categories":[12],"tags":[23,28,29,32,33,22,30,31,35,39,38,36,37,34,40,20,26,27,24,25,21],"class_list":{"0":"post-103297","1":"post","2":"type-post","3":"status-publish","4":"format-standard","5":"has-post-thumbnail","7":"category-latvija","8":"tag-aktualitates","9":"tag-breaking-news","10":"tag-breakingnews","11":"tag-featured-news","12":"tag-featurednews","13":"tag-headlines","14":"tag-latest-news","15":"tag-latestnews","16":"tag-latvia","17":"tag-latvian","18":"tag-latviesu","19":"tag-latviesu-valoda","20":"tag-latviesuvaloda","21":"tag-latvija","22":"tag-lv","23":"tag-news","24":"tag-popularakas-zinas","25":"tag-popularakaszinas","26":"tag-top-stories","27":"tag-topstories","28":"tag-zinas"},"share_on_mastodon":{"url":"https:\/\/pubeurope.com\/@lv\/115888737748590089","error":""},"_links":{"self":[{"href":"https:\/\/www.europesays.com\/lv\/wp-json\/wp\/v2\/posts\/103297","targetHints":{"allow":["GET"]}}],"collection":[{"href":"https:\/\/www.europesays.com\/lv\/wp-json\/wp\/v2\/posts"}],"about":[{"href":"https:\/\/www.europesays.com\/lv\/wp-json\/wp\/v2\/types\/post"}],"author":[{"embeddable":true,"href":"https:\/\/www.europesays.com\/lv\/wp-json\/wp\/v2\/users\/2"}],"replies":[{"embeddable":true,"href":"https:\/\/www.europesays.com\/lv\/wp-json\/wp\/v2\/comments?post=103297"}],"version-history":[{"count":0,"href":"https:\/\/www.europesays.com\/lv\/wp-json\/wp\/v2\/posts\/103297\/revisions"}],"wp:featuredmedia":[{"embeddable":true,"href":"https:\/\/www.europesays.com\/lv\/wp-json\/wp\/v2\/media\/103298"}],"wp:attachment":[{"href":"https:\/\/www.europesays.com\/lv\/wp-json\/wp\/v2\/media?parent=103297"}],"wp:term":[{"taxonomy":"category","embeddable":true,"href":"https:\/\/www.europesays.com\/lv\/wp-json\/wp\/v2\/categories?post=103297"},{"taxonomy":"post_tag","embeddable":true,"href":"https:\/\/www.europesays.com\/lv\/wp-json\/wp\/v2\/tags?post=103297"}],"curies":[{"name":"wp","href":"https:\/\/api.w.org\/{rel}","templated":true}]}}