{"id":103301,"date":"2026-01-13T16:31:07","date_gmt":"2026-01-13T16:31:07","guid":{"rendered":"https:\/\/www.europesays.com\/lv\/103301\/"},"modified":"2026-01-13T16:31:07","modified_gmt":"2026-01-13T16:31:07","slug":"nhl-skauti-talantigajam-smitam-atvel-otro-vietu-ranga-starp-eiropas-hokejistiem","status":"publish","type":"post","link":"https:\/\/www.europesays.com\/lv\/103301\/","title":{"rendered":"NHL skauti talant\u012bgajam \u0160mitam atv\u0113l otro vietu rang\u0101 starp Eiropas hokejistiem"},"content":{"rendered":"<p>Pirm\u0101 vieta starptautiskaj\u0101 kategorij\u0101 atv\u0113l\u0113ta Zviedrijas uzbruc\u0113jam Ivaram Stenbergam. Otraj\u0101 viet\u0101 ierindojies aizsargs \u0160mits, kur\u0161 ikdien\u0101 p\u0101rst\u0101v Somijas augst\u0101k\u0101s hokeja l\u012bgas Mikeli \u201cJukurit\u201d komandu. Lab\u0101ko trijnieku nosl\u0113dz Somijas centrs Olivers Suvanto.<\/p>\n<blockquote class=\"instagram-media\" data-instgrm-captioned=\"\" data-instgrm-permalink=\"https:\/\/www.instagram.com\/p\/DTbcZoDj0NE\/?utm_source=ig_embed&amp;utm_campaign=loading\" data-instgrm-version=\"14\" style=\" background:#FFF; border:0; border-radius:3px; box-shadow:0 0 1px 0 rgba(0,0,0,0.5),0 1px 10px 0 rgba(0,0,0,0.15); margin: 1px; max-width:658px; min-width:326px; padding:0; width:99.375%; width:-webkit-calc(100% - 2px); width:calc(100% - 2px);\">\n<\/blockquote>\n<p>18 gadus vecais \u0160mits sav\u0101 otraj\u0101 sezon\u0101 \u201cJukurit\u201d komandas rind\u0101s 30 sp\u0113l\u0113s ir guvis se\u0161us v\u0101rtus atdevis se\u0161as rezultat\u012bvas piesp\u0113les.<\/p>\n<p>Aizvad\u012btaj\u0101 U20 pasaules hokeja \u010dempion\u0101t\u0101 \u0160mits piec\u0101s sp\u0113l\u0113s vid\u0113ji uz ledus atrad\u0101s 23 min\u016btes un 40 sekundes. Vi\u0146\u0161 \u010dempion\u0101tu nosl\u0113dza ar pieciem rezultativit\u0101tes punktiem (vieni v\u0101rti un \u010detras rezultat\u012bvas piesp\u0113les).<\/p>\n<p>\u201c\u0160mits apvieno augumu (190 cm un 100 kg), mobilit\u0101ti un st\u0101ju, kas krietni p\u0101rsniedz vi\u0146a vecumu,\u201d sac\u012bja NHL Eiropas skauto\u0161anas a\u0123ent\u016bras direktors Juka Peka\u00a0Vuorinens.<\/p>\n<p class=\"ad-desc ad-desc-main\">Saturs turpin\u0101s p\u0113c rekl\u0101mas<\/p>\n<p class=\"ad-desc ad-desc-sec\">Rekl\u0101ma<\/p>\n<p>\u201cVi\u0146\u0161 regul\u0101ri uz ledus ir pavad\u012bjis vair\u0101k nek\u0101 20 min\u016btes, domin\u0113jot sniegum\u0101, kas demonstr\u0113 p\u0101rliec\u012bbu un kontroli vis\u0101 sp\u0113les gait\u0101,\u201d turpin\u0101ja Vuorinens.<\/p>\n<p>\u201cB\u016bdams sp\u0113c\u012bgs slidot\u0101js ar izcilu l\u012bdzsvaru un p\u0101rsteidzo\u0161i labu uzr\u0101vienu, vi\u0146\u0161 vienm\u0113r\u012bgi p\u0101riet no aizsardz\u012bbas uz uzbrukumu, bie\u017ei pats to vadot. Vi\u0146a hokeja intelekts ir izcils, ko apliecina vi\u0146a sp\u0113ja las\u012bt sp\u0113les, veikt gudras pirm\u0101s piesp\u0113les un efekt\u012bvi pozicion\u0113ties ab\u0101s zon\u0101s,\u201d nosl\u0113dza direktors.<\/p>\n<p>Zieme\u013camerikas sp\u0113l\u0113jo\u0161o hokejistu kategorij\u0101 pirm\u0101s tr\u012bs vietas ie\u0146em Kan\u0101das hokejisti. Pirmaj\u0101 viet\u0101 ierindojies 18 gadus vecais uzbruc\u0113js Gevins Makenna. Aiz vi\u0146a otro poz\u012bciju ie\u0146em aizsargs K\u012btons Verhofs, bet tre\u0161ais ir v\u0113l viens aizsargs K\u0101rsons Kerelss.<\/p>\n<p>V\u0113l no Latvijas hokejistiem 49. vietu Zieme\u013camerik\u0101 sp\u0113l\u0113jo\u0161o hokejistu rang\u0101 ie\u0146em R\u016bdolfs B\u0113rzkalns, bet Olivers M\u016brnieks ir 71. viet\u0101. V\u0101rtsargs Patriks Pl\u016bmi\u0146\u0161 starp internacion\u0101lajiem v\u0101rtsargiem ie\u0146em 16. vietu.<\/p>\n<p>2026. gada draftu \u201cKeyBank Center\u201d hall\u0113 Bufalo pirmo reizi desmit gadu laik\u0101 uz\u0146ems \u201cSabres\u201d komanda. Pirm\u0101 k\u0101rta notiks 26. j\u016bnij\u0101, bet 2.\u20137. k\u0101rta \u2014 27. j\u016bnij\u0101.<\/p>\n<p>\u00a0Skaties NHL sp\u0113les sestdien\u0101s TV6! Vair\u0101k sp\u0113les <a href=\"https:\/\/go3.lv\/categories\/nhl,category-6886313\" rel=\"nofollow noopener\" target=\"_blank\">Go3 telev\u012bzij\u0101!<\/a><\/p>\n<p class=\"tv3-fw-500\">Zi\u0146o par k\u013c\u016bdu rakst\u0101<\/p>\n<p class=\"d-md-block d-none\">Iez\u012bm\u0113 k\u013c\u016bdaino tekstu un spied Ctrl+Enter.<\/p>\n<p class=\"d-md-none d-block\">Iez\u012bm\u0113 k\u013c\u016bdaino tekstu un zi\u0146o par to!<\/p>\n<p>                <script async src=\"\/\/www.instagram.com\/embed.js\"><\/script><\/p>\n","protected":false},"excerpt":{"rendered":"Pirm\u0101 vieta starptautiskaj\u0101 kategorij\u0101 atv\u0113l\u0113ta Zviedrijas uzbruc\u0113jam Ivaram Stenbergam. Otraj\u0101 viet\u0101 ierindojies aizsargs \u0160mits, kur\u0161 ikdien\u0101 p\u0101rst\u0101v Somijas&hellip;\n","protected":false},"author":2,"featured_media":103302,"comment_status":"","ping_status":"","sticky":false,"template":"","format":"standard","meta":{"footnotes":""},"categories":[17],"tags":[24968,35,39,38,36,37,34,40,67],"class_list":{"0":"post-103301","1":"post","2":"type-post","3":"status-publish","4":"format-standard","5":"has-post-thumbnail","7":"category-sports","8":"tag-alberts-smitsnhlnhl-drafts","9":"tag-latvia","10":"tag-latvian","11":"tag-latviesu","12":"tag-latviesu-valoda","13":"tag-latviesuvaloda","14":"tag-latvija","15":"tag-lv","16":"tag-sports"},"share_on_mastodon":{"url":"https:\/\/pubeurope.com\/@lv\/115888749445486088","error":""},"_links":{"self":[{"href":"https:\/\/www.europesays.com\/lv\/wp-json\/wp\/v2\/posts\/103301","targetHints":{"allow":["GET"]}}],"collection":[{"href":"https:\/\/www.europesays.com\/lv\/wp-json\/wp\/v2\/posts"}],"about":[{"href":"https:\/\/www.europesays.com\/lv\/wp-json\/wp\/v2\/types\/post"}],"author":[{"embeddable":true,"href":"https:\/\/www.europesays.com\/lv\/wp-json\/wp\/v2\/users\/2"}],"replies":[{"embeddable":true,"href":"https:\/\/www.europesays.com\/lv\/wp-json\/wp\/v2\/comments?post=103301"}],"version-history":[{"count":0,"href":"https:\/\/www.europesays.com\/lv\/wp-json\/wp\/v2\/posts\/103301\/revisions"}],"wp:featuredmedia":[{"embeddable":true,"href":"https:\/\/www.europesays.com\/lv\/wp-json\/wp\/v2\/media\/103302"}],"wp:attachment":[{"href":"https:\/\/www.europesays.com\/lv\/wp-json\/wp\/v2\/media?parent=103301"}],"wp:term":[{"taxonomy":"category","embeddable":true,"href":"https:\/\/www.europesays.com\/lv\/wp-json\/wp\/v2\/categories?post=103301"},{"taxonomy":"post_tag","embeddable":true,"href":"https:\/\/www.europesays.com\/lv\/wp-json\/wp\/v2\/tags?post=103301"}],"curies":[{"name":"wp","href":"https:\/\/api.w.org\/{rel}","templated":true}]}}