{"id":103305,"date":"2026-01-13T16:34:08","date_gmt":"2026-01-13T16:34:08","guid":{"rendered":"https:\/\/www.europesays.com\/lv\/103305\/"},"modified":"2026-01-13T16:34:08","modified_gmt":"2026-01-13T16:34:08","slug":"sals-klus-nepatikamaks-laika-prognoze-tresdienai-jauns-lv","status":"publish","type":"post","link":"https:\/\/www.europesays.com\/lv\/103305\/","title":{"rendered":"Sals k\u013c\u016bs nepat\u012bkam\u0101ks. Laika prognoze tre\u0161dienai &#8211; Jauns.lv"},"content":{"rendered":"<ol>\n<li><a href=\"https:\/\/news.google.com\/rss\/articles\/CBMijgFBVV95cUxPSHFFYmdyWU9JSmJzd3duSko1VHgzLUVXUXNzbnhYdHZQLU9pRlJiUmxUTGdEOHhNVlJOQlFiT3dkQ0ZlUXJCY28yLXNfblZuRW9iMDM5Z2JmdVpyY2g2U0F2ZWcwa3VyN2hCUENWc01wSDNpWnNXQndDc0s0aGhKUG5fX0NlbVJBMnRqS1Bn?oc=5\" target=\"_blank\" rel=\"nofollow noopener\">Sals k\u013c\u016bs nepat\u012bkam\u0101ks. Laika prognoze tre\u0161dienai<\/a>&nbsp;&nbsp;Jauns.lv<\/li>\n<li><a href=\"https:\/\/news.google.com\/rss\/articles\/CBMixwFBVV95cUxPcE9zREhGaEt2NFhLT24yVXNlX1JfaHlUdWFnMHcxYkZQZUFLdE9UZlZXOTFIM1VIR2xzNGxtelhQQUxpQ0ZnVnNFdmNtTjc2S1VVdFBubGdIN2dETGVlVnBfQlBqSHlDMmNXN2JaRFBJdldkM29Cc2tMZHBXYWJOZ1lhMzYtc2NoQk1HcjExWUl0bFA3dDBZbHZQTndmNW9pSENxdGJLT0ppNTRRamV0Q2Z3MElPdl9yVzdNOUxGR3NWS05vaGhF?oc=5\" target=\"_blank\" rel=\"nofollow noopener\">Nakt\u012b viet\u0101m b\u016bs l\u012bdz -20 gr\u0101du sals; tre\u0161diena b\u016bs saulaina \/ Raksts<\/a>&nbsp;&nbsp;LSM<\/li>\n<li><a href=\"https:\/\/news.google.com\/rss\/articles\/CBMidEFVX3lxTFBJNFlaLUpjLXlTTjcxUkhmWGJkZjRkQjcwMHE4eE5YNTl0bUEyUkZmNFRDeTNlOHkyTjRrU290WnVMUVpXQnFwMHB2aUJZWE1qU1FNdGotcjdfcFRsbXZGSk1iUWw0Ny1NMVdYaXl5aXhHVDVj?oc=5\" target=\"_blank\" rel=\"nofollow noopener\">Tre\u0161dien mazliet pastiprin\u0101sies v\u0113j\u0161<\/a>&nbsp;&nbsp;Apollo.lv<\/li>\n<li><a href=\"https:\/\/news.google.com\/rss\/articles\/CBMizAFBVV95cUxPUndKNlQzVE82YUZsVGVfQ2JtSkxtVDBHZ1BEQ0ROT0duckEzZWp0RFVzWVp2QUJIZHdEcHQwLUJyVndZajlMNUpBQ3lXd0lVZnhfdDVLNDJveFY0cHdtbXlseURmOVV5ODZSalhSVU5MN2RFdzF1QU9fVmxuQ0w4WE5sN2ltQUFMcFJJUk5JMkFkdE5FQ0prYldkUnF4MkhDc1BlTTBRSmJkeHZ5eFVhcl9fV1VJUnBscjVWWFZOenpJSm1kN2JPNmdXaTc?oc=5\" target=\"_blank\" rel=\"nofollow noopener\">Latvij\u0101 tre\u0161dien gaid\u0101ms main\u012bgs m\u0101ko\u0146u segas izpausmes ar viet\u0101m iesp\u0113ju uzsp\u012bd\u0113t saulei<\/a>&nbsp;&nbsp;Lente.lv<\/li>\n<li><a href=\"https:\/\/news.google.com\/rss\/articles\/CBMiaEFVX3lxTE1QVXUxemJXUUZIbFBfeF9SaVozTGRxdUtEU0lWeGIzOF9ET1BkOHpiN2pFaWE5RTNraU9IVmhsTjNWWENjdXBJc0NUelNOYS1VMWVHRFVYVllpSGs4b0RCR3B2SWZLd1hm?oc=5\" target=\"_blank\" rel=\"nofollow noopener\">Latvij\u0101 gaid\u0101ms sals l\u012bdz -15 gr\u0101diem &#8211;<\/a>&nbsp;&nbsp;bnn.lv<\/li>\n<\/ol>\n","protected":false},"excerpt":{"rendered":"Sals k\u013c\u016bs nepat\u012bkam\u0101ks. Laika prognoze tre\u0161dienai&nbsp;&nbsp;Jauns.lv Nakt\u012b viet\u0101m b\u016bs l\u012bdz -20 gr\u0101du sals; tre\u0161diena b\u016bs saulaina \/ Raksts&nbsp;&nbsp;LSM&hellip;\n","protected":false},"author":2,"featured_media":103306,"comment_status":"","ping_status":"","sticky":false,"template":"","format":"standard","meta":{"footnotes":""},"categories":[12],"tags":[23,28,29,32,33,22,30,31,35,39,38,36,37,34,40,20,26,27,24,25,21],"class_list":{"0":"post-103305","1":"post","2":"type-post","3":"status-publish","4":"format-standard","5":"has-post-thumbnail","7":"category-latvija","8":"tag-aktualitates","9":"tag-breaking-news","10":"tag-breakingnews","11":"tag-featured-news","12":"tag-featurednews","13":"tag-headlines","14":"tag-latest-news","15":"tag-latestnews","16":"tag-latvia","17":"tag-latvian","18":"tag-latviesu","19":"tag-latviesu-valoda","20":"tag-latviesuvaloda","21":"tag-latvija","22":"tag-lv","23":"tag-news","24":"tag-popularakas-zinas","25":"tag-popularakaszinas","26":"tag-top-stories","27":"tag-topstories","28":"tag-zinas"},"share_on_mastodon":{"url":"https:\/\/pubeurope.com\/@lv\/115888761335895705","error":""},"_links":{"self":[{"href":"https:\/\/www.europesays.com\/lv\/wp-json\/wp\/v2\/posts\/103305","targetHints":{"allow":["GET"]}}],"collection":[{"href":"https:\/\/www.europesays.com\/lv\/wp-json\/wp\/v2\/posts"}],"about":[{"href":"https:\/\/www.europesays.com\/lv\/wp-json\/wp\/v2\/types\/post"}],"author":[{"embeddable":true,"href":"https:\/\/www.europesays.com\/lv\/wp-json\/wp\/v2\/users\/2"}],"replies":[{"embeddable":true,"href":"https:\/\/www.europesays.com\/lv\/wp-json\/wp\/v2\/comments?post=103305"}],"version-history":[{"count":0,"href":"https:\/\/www.europesays.com\/lv\/wp-json\/wp\/v2\/posts\/103305\/revisions"}],"wp:featuredmedia":[{"embeddable":true,"href":"https:\/\/www.europesays.com\/lv\/wp-json\/wp\/v2\/media\/103306"}],"wp:attachment":[{"href":"https:\/\/www.europesays.com\/lv\/wp-json\/wp\/v2\/media?parent=103305"}],"wp:term":[{"taxonomy":"category","embeddable":true,"href":"https:\/\/www.europesays.com\/lv\/wp-json\/wp\/v2\/categories?post=103305"},{"taxonomy":"post_tag","embeddable":true,"href":"https:\/\/www.europesays.com\/lv\/wp-json\/wp\/v2\/tags?post=103305"}],"curies":[{"name":"wp","href":"https:\/\/api.w.org\/{rel}","templated":true}]}}