{"id":103309,"date":"2026-01-13T16:37:06","date_gmt":"2026-01-13T16:37:06","guid":{"rendered":"https:\/\/www.europesays.com\/lv\/103309\/"},"modified":"2026-01-13T16:37:06","modified_gmt":"2026-01-13T16:37:06","slug":"miris-bijusais-treneris-benjamins-zelkevics","status":"publish","type":"post","link":"https:\/\/www.europesays.com\/lv\/103309\/","title":{"rendered":"Miris biju\u0161ais treneris Benjamins Zelkevi\u010ds"},"content":{"rendered":"<p class=\"descr\">Pirmdien 81 gada vecum\u0101 miris biju\u0161ais &#8220;Liep\u0101jas metalurga&#8221; futbola komandas treneris Benjamins Zelkevi\u010ds, v\u0113sta Lietuvas Futbola feder\u0101cija.<\/p>\n<p>Liep\u0101jas komandu lietuvie\u0161u treneris vad\u012bja no 2004. l\u012bdz 2007. gadam, un tie\u0161i vi\u0146a vad\u012bb\u0101 liep\u0101jnieki 2005. gad\u0101 p\u0101rtrauca s\u0113riju, kur\u0101 &#8220;Skonto&#8221; izc\u012bn\u012bja 14 Latvijas \u010dempionu titulus p\u0113c k\u0101rtas.<\/p>\n<p>Trenera karjeras laik\u0101 Zelkevi\u010ds tr\u012bs termi\u0146os vad\u012bja Lietuvas izlasi, k\u0101 ar\u012b str\u0101d\u0101ja Lietuvas, Austrijas un Krievijas klubos.<\/p>\n","protected":false},"excerpt":{"rendered":"Pirmdien 81 gada vecum\u0101 miris biju\u0161ais &#8220;Liep\u0101jas metalurga&#8221; futbola komandas treneris Benjamins Zelkevi\u010ds, v\u0113sta Lietuvas Futbola feder\u0101cija. Liep\u0101jas&hellip;\n","protected":false},"author":2,"featured_media":103310,"comment_status":"","ping_status":"","sticky":false,"template":"","format":"standard","meta":{"footnotes":""},"categories":[17],"tags":[35,39,38,36,37,34,40,67],"class_list":{"0":"post-103309","1":"post","2":"type-post","3":"status-publish","4":"format-standard","5":"has-post-thumbnail","7":"category-sports","8":"tag-latvia","9":"tag-latvian","10":"tag-latviesu","11":"tag-latviesu-valoda","12":"tag-latviesuvaloda","13":"tag-latvija","14":"tag-lv","15":"tag-sports"},"share_on_mastodon":{"url":"https:\/\/pubeurope.com\/@lv\/115888773059858992","error":""},"_links":{"self":[{"href":"https:\/\/www.europesays.com\/lv\/wp-json\/wp\/v2\/posts\/103309","targetHints":{"allow":["GET"]}}],"collection":[{"href":"https:\/\/www.europesays.com\/lv\/wp-json\/wp\/v2\/posts"}],"about":[{"href":"https:\/\/www.europesays.com\/lv\/wp-json\/wp\/v2\/types\/post"}],"author":[{"embeddable":true,"href":"https:\/\/www.europesays.com\/lv\/wp-json\/wp\/v2\/users\/2"}],"replies":[{"embeddable":true,"href":"https:\/\/www.europesays.com\/lv\/wp-json\/wp\/v2\/comments?post=103309"}],"version-history":[{"count":0,"href":"https:\/\/www.europesays.com\/lv\/wp-json\/wp\/v2\/posts\/103309\/revisions"}],"wp:featuredmedia":[{"embeddable":true,"href":"https:\/\/www.europesays.com\/lv\/wp-json\/wp\/v2\/media\/103310"}],"wp:attachment":[{"href":"https:\/\/www.europesays.com\/lv\/wp-json\/wp\/v2\/media?parent=103309"}],"wp:term":[{"taxonomy":"category","embeddable":true,"href":"https:\/\/www.europesays.com\/lv\/wp-json\/wp\/v2\/categories?post=103309"},{"taxonomy":"post_tag","embeddable":true,"href":"https:\/\/www.europesays.com\/lv\/wp-json\/wp\/v2\/tags?post=103309"}],"curies":[{"name":"wp","href":"https:\/\/api.w.org\/{rel}","templated":true}]}}