{"id":103311,"date":"2026-01-13T16:39:10","date_gmt":"2026-01-13T16:39:10","guid":{"rendered":"https:\/\/www.europesays.com\/lv\/103311\/"},"modified":"2026-01-13T16:39:10","modified_gmt":"2026-01-13T16:39:10","slug":"medvedevs-skubina-trampu-pasteigties-ar-grenlandes-sagrabsanu","status":"publish","type":"post","link":"https:\/\/www.europesays.com\/lv\/103311\/","title":{"rendered":"Medvedevs skubina Trampu pasteigties ar Grenlandes sagr\u0101b\u0161anu"},"content":{"rendered":"<p>Pag\u0101ju\u0161aj\u0101 ned\u0113\u013c\u0101 Tramps k\u0101rt\u0113jo reizi pazi\u0146oja, ka pan\u0101ks Grenlandes non\u0101k\u0161anu ASV \u012bpa\u0161um\u0101, draudot ar iebrukumu. Atkal \u017e\u0113lodamies, ka vis\u0101 v\u0113stur\u0113 nav neviena, kur\u0161 b\u016btu vair\u0101k par vi\u0146u peln\u012bjis Nobela miera pr\u0113miju, vi\u0146\u0161 \u017eurn\u0101listiem pazi\u0146oja, ka var savu pan\u0101kt &#8220;viegl\u0101 ce\u013c\u0101&#8221;, bet ja d\u0101\u0146i ar grenlandie\u0161iem iesp\u012bt\u0113sies, tad pan\u0101ks to &#8220;gr\u016bt\u0101 ce\u013c\u0101&#8221;. &#8220;M\u0113s kaut ko izdar\u012bsim Grenland\u0113, vai vi\u0146iem tas pat\u012bk vai ne, jo ja m\u0113s to neizdar\u012bsim, Krievija vai \u0136\u012bna p\u0101r\u0146ems Grenlandi, un m\u0113s negrasamies pie\u013caut Krievijas vai \u0136\u012bnas k\u013c\u016b\u0161anu par kaimi\u0146u,&#8221; vi\u0146\u0161 pag\u0101ju\u0161o piektdien Baltaj\u0101 nam\u0101 pazi\u0146oja \u017eurn\u0101listiem. &#8220;Tas, ka vi\u0146i pirms 500 gadiem tur piest\u0101ja ar laivu, nenoz\u012bm\u0113, ka zeme vi\u0146iem pieder.&#8221;<\/p>\n","protected":false},"excerpt":{"rendered":"Pag\u0101ju\u0161aj\u0101 ned\u0113\u013c\u0101 Tramps k\u0101rt\u0113jo reizi pazi\u0146oja, ka pan\u0101ks Grenlandes non\u0101k\u0161anu ASV \u012bpa\u0161um\u0101, draudot ar iebrukumu. Atkal \u017e\u0113lodamies, ka&hellip;\n","protected":false},"author":2,"featured_media":103312,"comment_status":"","ping_status":"","sticky":false,"template":"","format":"standard","meta":{"footnotes":""},"categories":[14],"tags":[23,57,28,29,32,33,22,30,31,35,39,38,36,37,34,40,20,26,27,24,25,54,55,56,21,58],"class_list":{"0":"post-103311","1":"post","2":"type-post","3":"status-publish","4":"format-standard","5":"has-post-thumbnail","7":"category-zinas-no-arvalstim","8":"tag-aktualitates","9":"tag-arvalstim","10":"tag-breaking-news","11":"tag-breakingnews","12":"tag-featured-news","13":"tag-featurednews","14":"tag-headlines","15":"tag-latest-news","16":"tag-latestnews","17":"tag-latvia","18":"tag-latvian","19":"tag-latviesu","20":"tag-latviesu-valoda","21":"tag-latviesuvaloda","22":"tag-latvija","23":"tag-lv","24":"tag-news","25":"tag-popularakas-zinas","26":"tag-popularakaszinas","27":"tag-top-stories","28":"tag-topstories","29":"tag-world","30":"tag-world-news","31":"tag-worldnews","32":"tag-zinas","33":"tag-zinas-no-arvalstim"},"share_on_mastodon":{"url":"https:\/\/pubeurope.com\/@lv\/115888781126055382","error":""},"_links":{"self":[{"href":"https:\/\/www.europesays.com\/lv\/wp-json\/wp\/v2\/posts\/103311","targetHints":{"allow":["GET"]}}],"collection":[{"href":"https:\/\/www.europesays.com\/lv\/wp-json\/wp\/v2\/posts"}],"about":[{"href":"https:\/\/www.europesays.com\/lv\/wp-json\/wp\/v2\/types\/post"}],"author":[{"embeddable":true,"href":"https:\/\/www.europesays.com\/lv\/wp-json\/wp\/v2\/users\/2"}],"replies":[{"embeddable":true,"href":"https:\/\/www.europesays.com\/lv\/wp-json\/wp\/v2\/comments?post=103311"}],"version-history":[{"count":0,"href":"https:\/\/www.europesays.com\/lv\/wp-json\/wp\/v2\/posts\/103311\/revisions"}],"wp:featuredmedia":[{"embeddable":true,"href":"https:\/\/www.europesays.com\/lv\/wp-json\/wp\/v2\/media\/103312"}],"wp:attachment":[{"href":"https:\/\/www.europesays.com\/lv\/wp-json\/wp\/v2\/media?parent=103311"}],"wp:term":[{"taxonomy":"category","embeddable":true,"href":"https:\/\/www.europesays.com\/lv\/wp-json\/wp\/v2\/categories?post=103311"},{"taxonomy":"post_tag","embeddable":true,"href":"https:\/\/www.europesays.com\/lv\/wp-json\/wp\/v2\/tags?post=103311"}],"curies":[{"name":"wp","href":"https:\/\/api.w.org\/{rel}","templated":true}]}}