{"id":103315,"date":"2026-01-13T16:41:16","date_gmt":"2026-01-13T16:41:16","guid":{"rendered":"https:\/\/www.europesays.com\/lv\/103315\/"},"modified":"2026-01-13T16:41:16","modified_gmt":"2026-01-13T16:41:16","slug":"krievija-aiztureti-pieci-latviesu-zemledus-makskernieki-kuri-netisam-skersojusi-igaunijas-krievijas-robezu","status":"publish","type":"post","link":"https:\/\/www.europesays.com\/lv\/103315\/","title":{"rendered":"Krievij\u0101 aiztur\u0113ti pieci latvie\u0161u zemledus mak\u0161\u0137ernieki, kuri net\u012b\u0161\u0101m \u0161\u0137\u0113rsoju\u0161i Igaunijas\u2013Krievijas robe\u017eu"},"content":{"rendered":"<p>ERR raksta, ka aizsalu\u0161ais Lemmijerva ezers, kur\u0161 atrodas uz Igaunijas un Krievijas robe\u017eas, pievilina zemledus mak\u0161\u0137erniekus, ta\u010du vi\u0146iem ir j\u0101uzman\u0101s no net\u012b\u0161as robe\u017eas \u0161\u0137\u0113rso\u0161anas.<\/p>\n<p>Sv\u0113tdienas r\u012bt\u0101 pieci mak\u0161\u0137ernieki no Latvijas zvejas laik\u0101 non\u0101ca Krievijas teritorij\u0101, kur tika aiztur\u0113ti.<\/p>\n<blockquote class=\"quote ck-widget\" contenteditable=\"false\">\n<p>&#8220;Krievijas pus\u0113 vi\u0146us aiztur\u0113ja, un vi\u0146i, iesp\u0113jams, tika administrat\u012bvi sod\u012bti. Var pie\u0146emt, ka tumsas d\u0113\u013c vi\u0146i nepaman\u012bja aizliegt\u0101s zonas mar\u0137\u0113jumu,&#8221; sac\u012bja Igaunijas Policijas un robe\u017esardzes p\u0101rvaldes Mustv\u0113 robe\u017ekontroles punkta priek\u0161nieks Jalmars Ernits.<\/p>\n<\/blockquote>\n<p>T\u0101s pa\u0161as dienas p\u0113cpusdien\u0101 Krievijas robe\u017esardzes p\u0101rst\u0101vis inform\u0113jis Igaunijas robe\u017esargus, ka aiztur\u0113tie ir Latvijas pilso\u0146i.<\/p>\n<p>12. janv\u0101r\u012b notikusi Igaunijas un Krievijas robe\u017esargu tik\u0161an\u0101s, p\u0113c kuras Latvijas pilso\u0146iem at\u013cauts atgriezties Igaunij\u0101. Latvijas Valsts robe\u017esardzes (VRS) preses p\u0101rst\u0101ve Krist\u012bne P\u0113tersone a\u0123ent\u016brai LETA teica, ka par pa\u0161u gad\u012bjumu VRS ir inform\u0113ta, bet pla\u0161\u0101ku koment\u0101rus nevar sniegt, jo p\u0101rk\u0101pums izdar\u012bts cit\u0101 valst\u012b un tas nav VRS kompetenc\u0113.<\/p>\n","protected":false},"excerpt":{"rendered":"ERR raksta, ka aizsalu\u0161ais Lemmijerva ezers, kur\u0161 atrodas uz Igaunijas un Krievijas robe\u017eas, pievilina zemledus mak\u0161\u0137erniekus, ta\u010du vi\u0146iem&hellip;\n","protected":false},"author":2,"featured_media":103316,"comment_status":"","ping_status":"","sticky":false,"template":"","format":"standard","meta":{"footnotes":""},"categories":[5],"tags":[23,28,29,32,33,22,73,234,30,31,35,39,38,36,37,34,40,3315,20,26,27,24,25,24969,21],"class_list":{"0":"post-103315","1":"post","2":"type-post","3":"status-publish","4":"format-standard","5":"has-post-thumbnail","7":"category-aktualitates","8":"tag-aktualitates","9":"tag-breaking-news","10":"tag-breakingnews","11":"tag-featured-news","12":"tag-featurednews","13":"tag-headlines","14":"tag-igaunija","15":"tag-krievija","16":"tag-latest-news","17":"tag-latestnews","18":"tag-latvia","19":"tag-latvian","20":"tag-latviesu","21":"tag-latviesu-valoda","22":"tag-latviesuvaloda","23":"tag-latvija","24":"tag-lv","25":"tag-makskeresana","26":"tag-news","27":"tag-popularakas-zinas","28":"tag-popularakaszinas","29":"tag-top-stories","30":"tag-topstories","31":"tag-zemledus-makskeresana","32":"tag-zinas"},"share_on_mastodon":{"url":"https:\/\/pubeurope.com\/@lv\/115888788742872220","error":""},"_links":{"self":[{"href":"https:\/\/www.europesays.com\/lv\/wp-json\/wp\/v2\/posts\/103315","targetHints":{"allow":["GET"]}}],"collection":[{"href":"https:\/\/www.europesays.com\/lv\/wp-json\/wp\/v2\/posts"}],"about":[{"href":"https:\/\/www.europesays.com\/lv\/wp-json\/wp\/v2\/types\/post"}],"author":[{"embeddable":true,"href":"https:\/\/www.europesays.com\/lv\/wp-json\/wp\/v2\/users\/2"}],"replies":[{"embeddable":true,"href":"https:\/\/www.europesays.com\/lv\/wp-json\/wp\/v2\/comments?post=103315"}],"version-history":[{"count":0,"href":"https:\/\/www.europesays.com\/lv\/wp-json\/wp\/v2\/posts\/103315\/revisions"}],"wp:featuredmedia":[{"embeddable":true,"href":"https:\/\/www.europesays.com\/lv\/wp-json\/wp\/v2\/media\/103316"}],"wp:attachment":[{"href":"https:\/\/www.europesays.com\/lv\/wp-json\/wp\/v2\/media?parent=103315"}],"wp:term":[{"taxonomy":"category","embeddable":true,"href":"https:\/\/www.europesays.com\/lv\/wp-json\/wp\/v2\/categories?post=103315"},{"taxonomy":"post_tag","embeddable":true,"href":"https:\/\/www.europesays.com\/lv\/wp-json\/wp\/v2\/tags?post=103315"}],"curies":[{"name":"wp","href":"https:\/\/api.w.org\/{rel}","templated":true}]}}